{"id":20602,"date":"2023-06-13T14:08:17","date_gmt":"2023-06-13T17:08:17","guid":{"rendered":"https:\/\/www.infomoney.com.br\/?p=2159499"},"modified":"2023-06-13T14:08:17","modified_gmt":"2023-06-13T17:08:17","slug":"lira-quer-votar-reforma-tributaria-na-primeira-semana-de-julho","status":"publish","type":"post","link":"https:\/\/sindaopcpb.org.br\/index.php\/2023\/06\/13\/lira-quer-votar-reforma-tributaria-na-primeira-semana-de-julho\/","title":{"rendered":"Lira quer votar reforma tribut\u00e1ria na primeira semana de julho"},"content":{"rendered":"<p><img loading=\"lazy\" width=\"300\" height=\"200\" src=\"https:\/\/www.infomoney.com.br\/wp-content\/uploads\/2022\/06\/img20220621184844363MED.jpg?fit=300%2C200&amp;quality=70&amp;strip=all\" class=\"attachment-medium size-medium wp-post-image\" alt=\"\" decoding=\"async\" style=\"float:right; margin:0 0 10px 10px;\" srcset=\"https:\/\/www.infomoney.com.br\/wp-content\/uploads\/2022\/06\/img20220621184844363MED.jpg?w=1000&amp;quality=70&amp;strip=all 1000w, https:\/\/www.infomoney.com.br\/wp-content\/uploads\/2022\/06\/img20220621184844363MED.jpg?w=300&amp;quality=70&amp;strip=all 300w, https:\/\/www.infomoney.com.br\/wp-content\/uploads\/2022\/06\/img20220621184844363MED.jpg?w=768&amp;quality=70&amp;strip=all 768w, https:\/\/www.infomoney.com.br\/wp-content\/uploads\/2022\/06\/img20220621184844363MED.jpg?w=150&amp;quality=70&amp;strip=all 150w\" sizes=\"auto, (max-width: 300px) 100vw, 300px\" data-attachment-id=\"1876246\" data-permalink=\"https:\/\/www.infomoney.com.br\/politica\/governo-acena-com-voucher-para-caminhoneiros-e-vale-gas-mas-congresso-mantem-petrobras-na-mira\/attachment\/img20220621184844363med\/\" data-orig-file=\"https:\/\/www.infomoney.com.br\/wp-content\/uploads\/2022\/06\/img20220621184844363MED.jpg?fit=1000%2C667&amp;quality=70&amp;strip=all\" data-orig-size=\"1000,667\" data-comments-opened=\"1\" data-image-meta=\"{&quot;aperture&quot;:&quot;0&quot;,&quot;credit&quot;:&quot;&quot;,&quot;camera&quot;:&quot;&quot;,&quot;caption&quot;:&quot;&quot;,&quot;created_timestamp&quot;:&quot;0&quot;,&quot;copyright&quot;:&quot;&quot;,&quot;focal_length&quot;:&quot;0&quot;,&quot;iso&quot;:&quot;0&quot;,&quot;shutter_speed&quot;:&quot;0&quot;,&quot;title&quot;:&quot;&quot;,&quot;orientation&quot;:&quot;0&quot;}\" data-image-title=\"Arthur Lira (PP-AL)\" data-image-description=\"\" data-image-caption=\"&lt;p&gt;O presidente da C\u00e2mara dos Deputados, Arthur Lira (PP-AL), comanda sess\u00e3o no plen\u00e1rio (Foto: Marina Ramos\/C\u00e2mara dos Deputados)&lt;\/p&gt;\n\" data-medium-file=\"https:\/\/www.infomoney.com.br\/wp-content\/uploads\/2022\/06\/img20220621184844363MED.jpg?fit=300%2C200&amp;quality=70&amp;strip=all\" data-large-file=\"https:\/\/www.infomoney.com.br\/wp-content\/uploads\/2022\/06\/img20220621184844363MED.jpg?fit=1000%2C667&amp;quality=70&amp;strip=all\" title=\"\"><\/p>\n<p>O presidente da C\u00e2mara dos Deputados, Arthur Lira (PP-AL), pretende colocar o texto da reforma tribut\u00e1ria (PECs 45\/19 e 110\/19) em vota\u00e7\u00e3o no Plen\u00e1rio na primeira semana de julho, antes do recesso parlamentar. Lira disse que, embora n\u00e3o se possa garantir a aprova\u00e7\u00e3o do texto, seu compromisso \u00e9 tratar com firmeza para que a C\u00e2mara alcance o n\u00famero m\u00ednimo para a aprova\u00e7\u00e3o da PEC (308 votos).<\/p>\n<p>\u201cQueremos uma reforma que simplifique, que traga seguran\u00e7a jur\u00eddica, uma melhor qualidade nos gastos nas empresas, e tratamento de igualit\u00e1rio sem aumento de impostos\u201d, afirmou o presidente em entrevista \u00e0 Globonews nesta segunda-feira (12).<\/p>\n<h2><strong>Governabilidade<\/strong><\/h2>\n<p>Lira voltou a dizer que a C\u00e2mara n\u00e3o foi obst\u00e1culo para nenhuma vota\u00e7\u00e3o do governo, mas ressaltou que o desenho imaginado pelo Executivo para forma\u00e7\u00e3o da base parlamentar n\u00e3o teve o rendimento esperado.<\/p>\n<p>\u201cN\u00e3o h\u00e1 interesse velado meu em nenhum outro objetivo a n\u00e3o ser fazer um bom papel para o Pa\u00eds, o governo tem que construir sua maioria. Eu sou um facilitador\u201d, disse Lira, refor\u00e7ando que o Planalto tem que se esfor\u00e7ar para construir uma base parlamentar s\u00f3lida.<\/p>\n<p>O presidente da C\u00e2mara elogiou o papel de articulador do ministro da Fazenda, Fernando Haddad. \u201cO que o Haddad faz? Conversa, negocia texto e \u00e9 franco nas conversas, isso \u00e9 articula\u00e7\u00e3o\u201d, disse Lira. A pol\u00edtica, continuou, \u00e9 a arte de conversar e negociar, e quando falta a conversa, tem-se dificuldades na articula\u00e7\u00e3o.<\/p>\n<p>Segundo o presidente, os deputados n\u00e3o v\u00e3o votar nenhuma mat\u00e9ria que inquiete o Pa\u00eds ou cause desconforto fiscal.\u00a0\u201cO Congresso \u00e9 conservador, liberal e o governo \u00e9 progressista de esquerda\u201d, ponderou.<\/p>\n<h2><strong>Emendas<\/strong><\/h2>\n<p>Lira tamb\u00e9m criticou o que chamou de narrativa sobre emendas e cargos no governo.\u00a0De acordo o presidente da C\u00e2mara, n\u00e3o se pode chegar no dia de uma vota\u00e7\u00e3o importante (como a vota\u00e7\u00e3o da MP da reestrutura\u00e7\u00e3o administrativa do governo), o governo liberar mais de R$ 1 bilh\u00e3o em emendas e se fazer uma narrativa de que o Congresso votou porque as emendas foram liberadas.<\/p>\n<p>\u201cAs emendas eram impositivas e obrigat\u00f3rias\u201d, afirmou.\u00a0\u201cAchar que \u00e9 achaque, \u00e9 troca, essa narrativa est\u00e1 errada e n\u00e3o faz bem para o governo, n\u00e3o faz para o Congresso, para o Pa\u00eds\u201d, criticou Lira.<\/p>\n<h2><strong>Opera\u00e7\u00e3o da PF<\/strong><\/h2>\n<p>O presidente tamb\u00e9m foi questionado sobre a opera\u00e7\u00e3o da Pol\u00edcia Federal que investiga a compra de kits de rob\u00f3tica entre 2019 e 2022 para mais de 40 munic\u00edpios alagoanos. \u201cN\u00e3o acho que a opera\u00e7\u00e3o tenha sido contra mim\u201d, disse Lira aos jornalistas.<\/p>\n<p>O presidente disse ainda esperar que a investiga\u00e7\u00e3o chegue ao fim sem vazamentos maliciosos, sem imputa\u00e7\u00e3o de culpabilidade e que quem cometeu il\u00edcitos seja responsabilizado.<\/p>\n<h2><strong>Arcabou\u00e7o fiscal e Carf<\/strong><\/h2>\n<p>Arthur Lira afirmou que aguarda o Senado votar o texto final sobre o arcabou\u00e7o fiscal. Um dos pontos que est\u00e1 sendo discutido pelos senadores trata do fundo constitucional do Distrito Federal. Segundo Lira, se o Senado alterar essa quest\u00e3o, mostrando uma base de c\u00e1lculo justa, a C\u00e2mara pode manter as mudan\u00e7as.<\/p>\n<p>De acordo com o texto aprovado pelos deputados no m\u00eas passado, esse fundo fica sujeito \u00e0s limita\u00e7\u00f5es de crescimento de despesa que s\u00e3o criadas pelo arcabou\u00e7o fiscal.<\/p>\n<p>Lira adiantou ainda que pretende colocar em vota\u00e7\u00e3o na pr\u00f3xima ter\u00e7a-feira (20) o Projeto de Lei 2384\/23, que retoma o voto de qualidade no Conselho Administrativo de Recursos Fiscais (Carf).<\/p>\n<p>O texto est\u00e1 em regime de urg\u00eancia constitucional e tranca a pauta do Plen\u00e1rio a partir do dia 21.<\/p>\n<p>The post <a rel=\"nofollow noopener\" href=\"https:\/\/www.infomoney.com.br\/politica\/lira-quer-votar-reforma-tributaria-na-primeira-semana-de-julho\/\" target=\"_blank\">Lira quer votar reforma tribut\u00e1ria na primeira semana de julho<\/a> appeared first on <a rel=\"nofollow noopener\" href=\"https:\/\/www.infomoney.com.br\/\" target=\"_blank\">InfoMoney<\/a>.<\/p>\n","protected":false},"excerpt":{"rendered":"<p><img loading=\"lazy\" decoding=\"async\" width=\"300\" height=\"200\" src=\"https:\/\/www.infomoney.com.br\/wp-content\/uploads\/2022\/06\/img20220621184844363MED.jpg?fit=300%2C200&amp;quality=70&amp;strip=all\" class=\"attachment-medium size-medium wp-post-image\" alt=\"\" data-attachment-id=\"1876246\" data-permalink=\"https:\/\/www.infomoney.com.br\/politica\/governo-acena-com-voucher-para-caminhoneiros-e-vale-gas-mas-congresso-mantem-petrobras-na-mira\/attachment\/img20220621184844363med\/\" data-orig-file=\"https:\/\/www.infomoney.com.br\/wp-content\/uploads\/2022\/06\/img20220621184844363MED.jpg?fit=1000%2C667&amp;quality=70&amp;strip=all\" data-orig-size=\"1000,667\" data-comments-opened=\"1\" data-image-meta='{\"aperture\":\"0\",\"credit\":\"\",\"camera\":\"\",\"caption\":\"\",\"created_timestamp\":\"0\",\"copyright\":\"\",\"focal_length\":\"0\",\"iso\":\"0\",\"shutter_speed\":\"0\",\"title\":\"\",\"orientation\":\"0\"}' data-image-title=\"Arthur Lira (PP-AL)\" data-image-description=\"\" data-image-caption=\"&lt;p&gt;O presidente da C\u00e2mara dos Deputados, Arthur Lira (PP-AL), comanda sess\u00e3o no plen\u00e1rio (Foto: Marina Ramos\/C\u00e2mara dos Deputados)&lt;\/p&gt;\n\" data-medium-file=\"https:\/\/www.infomoney.com.br\/wp-content\/uploads\/2022\/06\/img20220621184844363MED.jpg?fit=300%2C200&amp;quality=70&amp;strip=all\" data-large-file=\"https:\/\/www.infomoney.com.br\/wp-content\/uploads\/2022\/06\/img20220621184844363MED.jpg?fit=1000%2C667&amp;quality=70&amp;strip=all\">Presidente da C\u00e2mara refor\u00e7ou compromisso de tratar tema como prioridade<\/p>\n<p>The post <a rel=\"nofollow\" href=\"https:\/\/www.infomoney.com.br\/politica\/lira-quer-votar-reforma-tributaria-na-primeira-semana-de-julho\/\">Lira quer votar reforma tribut\u00e1ria na primeira semana de julho<\/a> appeared first on <a rel=\"nofollow\" href=\"https:\/\/www.infomoney.com.br\/\">InfoMoney<\/a>.<\/p>\n","protected":false},"author":47,"featured_media":0,"comment_status":"closed","ping_status":"closed","sticky":false,"template":"","format":"standard","meta":{"advgb_blocks_editor_width":"","advgb_blocks_columns_visual_guide":"","footnotes":""},"categories":[275,276,34,47,191],"tags":[35],"class_list":["post-20602","post","type-post","status-publish","format-standard","hentry","category-arthur-lira","category-camara-dos-deputados","category-g1","category-politica","category-reforma-tributaria","tag-g1"],"author_meta":{"display_name":"luispereira","author_link":"https:\/\/sindaopcpb.org.br\/author\/luispereira\/"},"featured_img":null,"coauthors":[],"tax_additional":{"categories":{"linked":["<a href=\"https:\/\/sindaopcpb.org.br\/arthur-lira\/\" class=\"advgb-post-tax-term\">Arthur Lira<\/a>","<a href=\"https:\/\/sindaopcpb.org.br\/camara-dos-deputados\/\" class=\"advgb-post-tax-term\">C\u00e2mara dos Deputados<\/a>","<a href=\"https:\/\/sindaopcpb.org.br\/g1\/\" class=\"advgb-post-tax-term\">G1<\/a>","<a href=\"https:\/\/sindaopcpb.org.br\/politica\/\" class=\"advgb-post-tax-term\">POLITICA<\/a>","<a href=\"https:\/\/sindaopcpb.org.br\/reforma-tributaria\/\" class=\"advgb-post-tax-term\">reforma tribut\u00e1ria<\/a>"],"unlinked":["<span class=\"advgb-post-tax-term\">Arthur Lira<\/span>","<span class=\"advgb-post-tax-term\">C\u00e2mara dos Deputados<\/span>","<span class=\"advgb-post-tax-term\">G1<\/span>","<span class=\"advgb-post-tax-term\">POLITICA<\/span>","<span class=\"advgb-post-tax-term\">reforma tribut\u00e1ria<\/span>"]},"tags":{"linked":["<a href=\"https:\/\/sindaopcpb.org.br\/reforma-tributaria\/\" class=\"advgb-post-tax-term\">g1<\/a>"],"unlinked":["<span class=\"advgb-post-tax-term\">g1<\/span>"]}},"comment_count":"0","relative_dates":{"created":"Publicado 3 anos atr\u00e1s","modified":"Atualizado 3 anos atr\u00e1s"},"absolute_dates":{"created":"Publicado em 13 de junho de 2023","modified":"Atualizado em 13 de junho de 2023"},"absolute_dates_time":{"created":"Publicado em 13 de junho de 2023 14:08","modified":"Atualizado em 13 de junho de 2023 14:08"},"featured_img_caption":"","series_order":"","_links":{"self":[{"href":"https:\/\/sindaopcpb.org.br\/index.php\/wp-json\/wp\/v2\/posts\/20602","targetHints":{"allow":["GET"]}}],"collection":[{"href":"https:\/\/sindaopcpb.org.br\/index.php\/wp-json\/wp\/v2\/posts"}],"about":[{"href":"https:\/\/sindaopcpb.org.br\/index.php\/wp-json\/wp\/v2\/types\/post"}],"author":[{"embeddable":true,"href":"https:\/\/sindaopcpb.org.br\/index.php\/wp-json\/wp\/v2\/users\/47"}],"replies":[{"embeddable":true,"href":"https:\/\/sindaopcpb.org.br\/index.php\/wp-json\/wp\/v2\/comments?post=20602"}],"version-history":[{"count":1,"href":"https:\/\/sindaopcpb.org.br\/index.php\/wp-json\/wp\/v2\/posts\/20602\/revisions"}],"predecessor-version":[{"id":20603,"href":"https:\/\/sindaopcpb.org.br\/index.php\/wp-json\/wp\/v2\/posts\/20602\/revisions\/20603"}],"wp:attachment":[{"href":"https:\/\/sindaopcpb.org.br\/index.php\/wp-json\/wp\/v2\/media?parent=20602"}],"wp:term":[{"taxonomy":"category","embeddable":true,"href":"https:\/\/sindaopcpb.org.br\/index.php\/wp-json\/wp\/v2\/categories?post=20602"},{"taxonomy":"post_tag","embeddable":true,"href":"https:\/\/sindaopcpb.org.br\/index.php\/wp-json\/wp\/v2\/tags?post=20602"}],"curies":[{"name":"wp","href":"https:\/\/api.w.org\/{rel}","templated":true}]}}