{"id":20600,"date":"2023-06-13T14:17:00","date_gmt":"2023-06-13T17:17:00","guid":{"rendered":"https:\/\/www.infomoney.com.br\/?p=2159468"},"modified":"2023-06-13T14:17:00","modified_gmt":"2023-06-13T17:17:00","slug":"reforma-tributaria-nao-e-projeto-do-governo-federal-e-um-projeto-do-pais-diz-appy","status":"publish","type":"post","link":"https:\/\/sindaopcpb.org.br\/index.php\/2023\/06\/13\/reforma-tributaria-nao-e-projeto-do-governo-federal-e-um-projeto-do-pais-diz-appy\/","title":{"rendered":"Reforma tribut\u00e1ria n\u00e3o \u00e9 projeto do governo federal, \u00e9 um projeto do Pa\u00eds, diz Appy"},"content":{"rendered":"<p><img loading=\"lazy\" width=\"300\" height=\"200\" src=\"https:\/\/www.infomoney.com.br\/wp-content\/uploads\/2020\/02\/BernardAppy.jpg?fit=300%2C200&amp;quality=70&amp;strip=all\" class=\"attachment-medium size-medium wp-post-image\" alt=\"Bernard Appy, diretor do Centro de Cidadania Fiscal\" decoding=\"async\" style=\"float:right; margin:0 0 10px 10px;\" srcset=\"https:\/\/www.infomoney.com.br\/wp-content\/uploads\/2020\/02\/BernardAppy.jpg?w=2048&amp;quality=70&amp;strip=all 2048w, https:\/\/www.infomoney.com.br\/wp-content\/uploads\/2020\/02\/BernardAppy.jpg?w=300&amp;quality=70&amp;strip=all 300w, https:\/\/www.infomoney.com.br\/wp-content\/uploads\/2020\/02\/BernardAppy.jpg?w=768&amp;quality=70&amp;strip=all 768w, https:\/\/www.infomoney.com.br\/wp-content\/uploads\/2020\/02\/BernardAppy.jpg?w=1280&amp;quality=70&amp;strip=all 1280w, https:\/\/www.infomoney.com.br\/wp-content\/uploads\/2020\/02\/BernardAppy.jpg?w=1536&amp;quality=70&amp;strip=all 1536w, https:\/\/www.infomoney.com.br\/wp-content\/uploads\/2020\/02\/BernardAppy.jpg?w=150&amp;quality=70&amp;strip=all 150w\" sizes=\"auto, (max-width: 300px) 100vw, 300px\" data-attachment-id=\"1398477\" data-permalink=\"https:\/\/www.infomoney.com.br\/politica\/im-entrevista-bernard-appy-um-dos-autores-da-reforma-tributaria-acompanhe-e-faca-perguntas\/attachment\/bernardappy\/\" data-orig-file=\"https:\/\/www.infomoney.com.br\/wp-content\/uploads\/2020\/02\/BernardAppy.jpg?fit=2048%2C1365&amp;quality=70&amp;strip=all\" data-orig-size=\"2048,1365\" data-comments-opened=\"1\" data-image-meta=\"{&quot;aperture&quot;:&quot;0&quot;,&quot;credit&quot;:&quot;Filipe Scotti - FIESC&quot;,&quot;camera&quot;:&quot;&quot;,&quot;caption&quot;:&quot;&quot;,&quot;created_timestamp&quot;:&quot;0&quot;,&quot;copyright&quot;:&quot;&quot;,&quot;focal_length&quot;:&quot;0&quot;,&quot;iso&quot;:&quot;0&quot;,&quot;shutter_speed&quot;:&quot;0&quot;,&quot;title&quot;:&quot;&quot;,&quot;orientation&quot;:&quot;0&quot;}\" data-image-title=\"Bernard Appy\" data-image-description=\"\" data-image-caption=\"&lt;p&gt;Bernard Appy, diretor do Centro de Cidadania Fiscal (Foto: Filipe Scotti\/FIESC)&lt;\/p&gt;\n\" data-medium-file=\"https:\/\/www.infomoney.com.br\/wp-content\/uploads\/2020\/02\/BernardAppy.jpg?fit=300%2C200&amp;quality=70&amp;strip=all\" data-large-file=\"https:\/\/www.infomoney.com.br\/wp-content\/uploads\/2020\/02\/BernardAppy.jpg?fit=1280%2C853&amp;quality=70&amp;strip=all\" title=\"\"><\/p>\n<p>O secret\u00e1rio extraordin\u00e1rio da reforma tribut\u00e1ria do Minist\u00e9rio da Fazenda, Bernard Appy, ressaltou nesta ter\u00e7a-feira, 13, que a reforma tribut\u00e1ria \u00e9 uma proposta n\u00e3o apenas do governo Lula, mas sim do Pa\u00eds e da sociedade como um todo. Ele tamb\u00e9m defendeu a simplicidade que o novo modelo tribut\u00e1rio deve trazer.<\/p>\n<p>&#8220;N\u00e3o \u00e9 projeto do governo federal, \u00e9 um projeto de pa\u00eds. O governo optou por n\u00e3o mandar nenhuma proposta nova para o Parlamento e est\u00e1 apoiando o Parlamento na constru\u00e7\u00e3o de reforma tribut\u00e1ria a partir das duas PECs: 45 da C\u00e2mara e 110 do Senado&#8221;, afirmou o secret\u00e1rio durante a 3\u00aa edi\u00e7\u00e3o do F\u00f3rum da Cadeia Nacional de Abastecimento da Associa\u00e7\u00e3o Brasileira de Supermercados (Abras).<\/p>\n<p>Appy ressaltou que o governo n\u00e3o pretende trazer litig\u00e2ncia pol\u00edtica para o debate no Congresso. &#8220;Nosso trabalho \u00e9 mais de apoio e, na medida do poss\u00edvel, de suporte pol\u00edtico&#8221;, disse. &#8220;\u00c9 trabalho de interesse do pa\u00eds, n\u00e3o \u00e9 de interesse do governo, n\u00e3o \u00e9 situa\u00e7\u00e3o de governo versus oposi\u00e7\u00e3o, \u00e9 medida de interesse do pa\u00eds como um todo&#8221;, emendou.<\/p>\n<p>O secret\u00e1rio da reforma tribut\u00e1ria lembrou que a proposi\u00e7\u00e3o substitui os cinco tributos atuais por dois IVA, Imposto sobre Valor Agregado, um IVA federal e um IVA subnacional, com arrecada\u00e7\u00e3o de forma compartilhada e centralizada. &#8220;Estamos falando de cinco tributos extremamente complexos e cheios de exce\u00e7\u00f5es. Cada um desses tributos tem um monte de exce\u00e7\u00f5es. Ser\u00e3o dois tributos extremamente simples e constru\u00eddos em bases internacionais. N\u00e3o vamos ter 27 legisla\u00e7\u00f5es, 5.570 legisla\u00e7\u00f5es, vai ser uma legisla\u00e7\u00e3o e uma arrecada\u00e7\u00e3o centralizada&#8221;, disse.<\/p>\n<p>Appy tamb\u00e9m assegurou que o novo modelo ter\u00e1 foco no destino. &#8220;IVA se tributa no destino. Por qu\u00ea? Porque \u00e9 imposto sobre consumo. Quando se tributa na origem, se tributa sobre produ\u00e7\u00e3o, quando se tributa no destino, se tributa no consumo. O IVA tem que ser imposto sobre o consumo&#8221;, defendeu.<\/p>\n<h2><b>Cronograma de transi\u00e7\u00e3o de tributos<\/b><\/h2>\n<p>O cronograma de transi\u00e7\u00e3o dos tributos atuais sobre o consumo para os novos previstos pela reforma tribut\u00e1ria ainda n\u00e3o est\u00e1 definido, mas muito provavelmente haver\u00e1 uma transi\u00e7\u00e3o mais r\u00e1pida e mais cedo do PIS e do Cofins para o CBS, afirmou Bernard Appy. &#8220;Se aprovarmos a lei complementar at\u00e9 meados do ano que vem, um ano depois, em meados de 2025, ter\u00e1 a transi\u00e7\u00e3o do PIS\/Cofins para o CBS e provavelmente da maior parte do IPI&#8221;, disse.<\/p>\n<p>J\u00e1 a transi\u00e7\u00e3o do ICMS e do ISS para o IBS, segundo Appy, deve come\u00e7ar em 2027 e acontecer ao longo dos anos seguintes.<\/p>\n<p>O secret\u00e1rio afirmou ainda que uma s\u00e9rie de problemas, inclusive de benef\u00edcios convalidados, tornam dif\u00edcil antecipar essa transi\u00e7\u00e3o. &#8220;O problema \u00e9 que h\u00e1 objetivos com efeitos conflitantes no desenho da reforma tribut\u00e1ria&#8221;, emendou.<\/p>\n<h2><b>&#8216;Cashback&#8217;<\/b><\/h2>\n<p>O secret\u00e1rio sinalizou tamb\u00e9m que ainda faltam defini\u00e7\u00f5es sobre o cashback sugerido na proposta e que o modelo deve ser um mecanismo complementar no novo sistema tribut\u00e1rio, mas defendeu a ado\u00e7\u00e3o da medida. &#8220;Eu sei que tem essa desconfian\u00e7a, n\u00e3o estamos entrando nisso de forma irrespons\u00e1vel. Acho que pode ser um mecanismo complementar, que vai ter de ser testado, ver se funciona&#8221;, disse.<\/p>\n<p>Ele afirmou que o governo deve criar um sistema &#8220;simples&#8221; e que estuda a experi\u00eancia de outros pa\u00edses da Am\u00e9rica Latina que adotaram esse modelo e que est\u00e1 dialogando com o Minist\u00e9rio do Desenvolvimento Social para trabalhar a proposta em conjunto.<\/p>\n<p>&#8220;N\u00e3o necessariamente vai ser o p\u00fablico do Cadastro \u00danico, pode ser um p\u00fablico mais amplo. At\u00e9 isso est\u00e1 sendo considerado. Tem que ter um limite, \u00f3bvio, para n\u00e3o ter fraude. L\u00f3gico que tem risco de fraude, mas fazendo bem feito consegue incluir inclusive a popula\u00e7\u00e3o invis\u00edvel&#8221;, afirmou Appy.<\/p>\n<h2><b>Produtos agropecu\u00e1rios<\/b><\/h2>\n<p>Questionado pelo presidente da Abras, Jo\u00e3o Galassi, sobre a tributa\u00e7\u00e3o de produtos agropecu\u00e1rios, Appy ressaltou que o relat\u00f3rio apresentado pelo grupo de trabalho da reforma tribut\u00e1ria na C\u00e2mara trouxe indica\u00e7\u00f5es sobre o tema.<\/p>\n<p>&#8220;O relat\u00f3rio j\u00e1 deixou claro que vai haver al\u00edquota menor para produtos agropecu\u00e1rios e, muito possivelmente, para cesta b\u00e1sica. Est\u00e1 l\u00e1 colocado, n\u00e3o estou discutindo o que \u00e9 o ideal, estou falando o que \u00e9 colocado l\u00e1&#8221;, disse Appy.<\/p>\n<p>The post <a rel=\"nofollow noopener\" href=\"https:\/\/www.infomoney.com.br\/politica\/reforma-tributaria-nao-e-projeto-do-governo-federal-e-um-projeto-do-pais-diz-appy\/\" target=\"_blank\">Reforma tribut\u00e1ria n\u00e3o \u00e9 projeto do governo federal, \u00e9 um projeto do Pa\u00eds, diz Appy<\/a> appeared first on <a rel=\"nofollow noopener\" href=\"https:\/\/www.infomoney.com.br\/\" target=\"_blank\">InfoMoney<\/a>.<\/p>\n","protected":false},"excerpt":{"rendered":"<p><img loading=\"lazy\" decoding=\"async\" width=\"300\" height=\"200\" src=\"https:\/\/www.infomoney.com.br\/wp-content\/uploads\/2020\/02\/BernardAppy.jpg?fit=300%2C200&amp;quality=70&amp;strip=all\" class=\"attachment-medium size-medium wp-post-image\" alt=\"Bernard Appy, diretor do Centro de Cidadania Fiscal\" data-attachment-id=\"1398477\" data-permalink=\"https:\/\/www.infomoney.com.br\/politica\/im-entrevista-bernard-appy-um-dos-autores-da-reforma-tributaria-acompanhe-e-faca-perguntas\/attachment\/bernardappy\/\" data-orig-file=\"https:\/\/www.infomoney.com.br\/wp-content\/uploads\/2020\/02\/BernardAppy.jpg?fit=2048%2C1365&amp;quality=70&amp;strip=all\" data-orig-size=\"2048,1365\" data-comments-opened=\"1\" data-image-meta='{\"aperture\":\"0\",\"credit\":\"Filipe Scotti - FIESC\",\"camera\":\"\",\"caption\":\"\",\"created_timestamp\":\"0\",\"copyright\":\"\",\"focal_length\":\"0\",\"iso\":\"0\",\"shutter_speed\":\"0\",\"title\":\"\",\"orientation\":\"0\"}' data-image-title=\"Bernard Appy\" data-image-description=\"\" data-image-caption=\"&lt;p&gt;Bernard Appy, diretor do Centro de Cidadania Fiscal (Foto: Filipe Scotti\/FIESC)&lt;\/p&gt;\n\" data-medium-file=\"https:\/\/www.infomoney.com.br\/wp-content\/uploads\/2020\/02\/BernardAppy.jpg?fit=300%2C200&amp;quality=70&amp;strip=all\" data-large-file=\"https:\/\/www.infomoney.com.br\/wp-content\/uploads\/2020\/02\/BernardAppy.jpg?fit=1280%2C853&amp;quality=70&amp;strip=all\">Appy tamb\u00e9m refor\u00e7ou que o novo modelo ter\u00e1 foco no destino e vai simplificar o sistema tribut\u00e1rio<\/p>\n<p>The post <a rel=\"nofollow\" href=\"https:\/\/www.infomoney.com.br\/politica\/reforma-tributaria-nao-e-projeto-do-governo-federal-e-um-projeto-do-pais-diz-appy\/\">Reforma tribut\u00e1ria n\u00e3o \u00e9 projeto do governo federal, \u00e9 um projeto do Pa\u00eds, diz Appy<\/a> appeared first on <a rel=\"nofollow\" href=\"https:\/\/www.infomoney.com.br\/\">InfoMoney<\/a>.<\/p>\n","protected":false},"author":43,"featured_media":0,"comment_status":"closed","ping_status":"closed","sticky":false,"template":"","format":"standard","meta":{"advgb_blocks_editor_width":"","advgb_blocks_columns_visual_guide":"","footnotes":""},"categories":[550,359,34,556,47,191],"tags":[35],"class_list":["post-20600","post","type-post","status-publish","format-standard","hentry","category-bernard-appy","category-congresso-nacional","category-g1","category-impostos","category-politica","category-reforma-tributaria","tag-g1"],"author_meta":{"display_name":"Estad\u00e3o Conte\u00fado","author_link":"https:\/\/sindaopcpb.org.br\/author\/estadao-conteudo\/"},"featured_img":null,"coauthors":[],"tax_additional":{"categories":{"linked":["<a href=\"https:\/\/sindaopcpb.org.br\/bernard-appy\/\" class=\"advgb-post-tax-term\">Bernard Appy<\/a>","<a href=\"https:\/\/sindaopcpb.org.br\/congresso-nacional\/\" class=\"advgb-post-tax-term\">Congresso Nacional<\/a>","<a href=\"https:\/\/sindaopcpb.org.br\/g1\/\" class=\"advgb-post-tax-term\">G1<\/a>","<a href=\"https:\/\/sindaopcpb.org.br\/impostos\/\" class=\"advgb-post-tax-term\">Impostos<\/a>","<a href=\"https:\/\/sindaopcpb.org.br\/politica\/\" class=\"advgb-post-tax-term\">POLITICA<\/a>","<a href=\"https:\/\/sindaopcpb.org.br\/reforma-tributaria\/\" class=\"advgb-post-tax-term\">reforma tribut\u00e1ria<\/a>"],"unlinked":["<span class=\"advgb-post-tax-term\">Bernard Appy<\/span>","<span class=\"advgb-post-tax-term\">Congresso Nacional<\/span>","<span class=\"advgb-post-tax-term\">G1<\/span>","<span class=\"advgb-post-tax-term\">Impostos<\/span>","<span class=\"advgb-post-tax-term\">POLITICA<\/span>","<span class=\"advgb-post-tax-term\">reforma tribut\u00e1ria<\/span>"]},"tags":{"linked":["<a href=\"https:\/\/sindaopcpb.org.br\/reforma-tributaria\/\" class=\"advgb-post-tax-term\">g1<\/a>"],"unlinked":["<span class=\"advgb-post-tax-term\">g1<\/span>"]}},"comment_count":"0","relative_dates":{"created":"Publicado 3 anos atr\u00e1s","modified":"Atualizado 3 anos atr\u00e1s"},"absolute_dates":{"created":"Publicado em 13 de junho de 2023","modified":"Atualizado em 13 de junho de 2023"},"absolute_dates_time":{"created":"Publicado em 13 de junho de 2023 14:17","modified":"Atualizado em 13 de junho de 2023 14:17"},"featured_img_caption":"","series_order":"","_links":{"self":[{"href":"https:\/\/sindaopcpb.org.br\/index.php\/wp-json\/wp\/v2\/posts\/20600","targetHints":{"allow":["GET"]}}],"collection":[{"href":"https:\/\/sindaopcpb.org.br\/index.php\/wp-json\/wp\/v2\/posts"}],"about":[{"href":"https:\/\/sindaopcpb.org.br\/index.php\/wp-json\/wp\/v2\/types\/post"}],"author":[{"embeddable":true,"href":"https:\/\/sindaopcpb.org.br\/index.php\/wp-json\/wp\/v2\/users\/43"}],"replies":[{"embeddable":true,"href":"https:\/\/sindaopcpb.org.br\/index.php\/wp-json\/wp\/v2\/comments?post=20600"}],"version-history":[{"count":1,"href":"https:\/\/sindaopcpb.org.br\/index.php\/wp-json\/wp\/v2\/posts\/20600\/revisions"}],"predecessor-version":[{"id":20601,"href":"https:\/\/sindaopcpb.org.br\/index.php\/wp-json\/wp\/v2\/posts\/20600\/revisions\/20601"}],"wp:attachment":[{"href":"https:\/\/sindaopcpb.org.br\/index.php\/wp-json\/wp\/v2\/media?parent=20600"}],"wp:term":[{"taxonomy":"category","embeddable":true,"href":"https:\/\/sindaopcpb.org.br\/index.php\/wp-json\/wp\/v2\/categories?post=20600"},{"taxonomy":"post_tag","embeddable":true,"href":"https:\/\/sindaopcpb.org.br\/index.php\/wp-json\/wp\/v2\/tags?post=20600"}],"curies":[{"name":"wp","href":"https:\/\/api.w.org\/{rel}","templated":true}]}}