{"id":20485,"date":"2023-06-12T17:58:02","date_gmt":"2023-06-12T20:58:02","guid":{"rendered":"https:\/\/www.infomoney.com.br\/?p=2158607"},"modified":"2023-06-12T17:58:02","modified_gmt":"2023-06-12T20:58:02","slug":"deputados-ouvem-bernard-appy-sobre-impacto-da-reforma-tributaria-no-setor-cultural","status":"publish","type":"post","link":"https:\/\/sindaopcpb.org.br\/index.php\/2023\/06\/12\/deputados-ouvem-bernard-appy-sobre-impacto-da-reforma-tributaria-no-setor-cultural\/","title":{"rendered":"Deputados ouvem Bernard Appy sobre impacto da reforma tribut\u00e1ria no setor cultural"},"content":{"rendered":"<p><img loading=\"lazy\" width=\"300\" height=\"200\" src=\"https:\/\/www.infomoney.com.br\/wp-content\/uploads\/2022\/12\/Bernard_Appy.jpeg?fit=300%2C200&amp;quality=70&amp;strip=all\" class=\"attachment-medium size-medium wp-post-image\" alt=\"\" decoding=\"async\" style=\"float:right; margin:0 0 10px 10px;\" srcset=\"https:\/\/www.infomoney.com.br\/wp-content\/uploads\/2022\/12\/Bernard_Appy.jpeg?w=3000&amp;quality=70&amp;strip=all 3000w, https:\/\/www.infomoney.com.br\/wp-content\/uploads\/2022\/12\/Bernard_Appy.jpeg?w=300&amp;quality=70&amp;strip=all 300w, https:\/\/www.infomoney.com.br\/wp-content\/uploads\/2022\/12\/Bernard_Appy.jpeg?w=768&amp;quality=70&amp;strip=all 768w, https:\/\/www.infomoney.com.br\/wp-content\/uploads\/2022\/12\/Bernard_Appy.jpeg?w=1280&amp;quality=70&amp;strip=all 1280w, https:\/\/www.infomoney.com.br\/wp-content\/uploads\/2022\/12\/Bernard_Appy.jpeg?w=1536&amp;quality=70&amp;strip=all 1536w, https:\/\/www.infomoney.com.br\/wp-content\/uploads\/2022\/12\/Bernard_Appy.jpeg?w=2048&amp;quality=70&amp;strip=all 2048w, https:\/\/www.infomoney.com.br\/wp-content\/uploads\/2022\/12\/Bernard_Appy.jpeg?w=150&amp;quality=70&amp;strip=all 150w\" sizes=\"auto, (max-width: 300px) 100vw, 300px\" data-attachment-id=\"2005332\" data-permalink=\"https:\/\/www.infomoney.com.br\/politica\/reforma-tributaria-ampla-tem-chances-de-avancar-com-lula-infomoney-entrevista-bernard-appy\/attachment\/bernard_appy\/\" data-orig-file=\"https:\/\/www.infomoney.com.br\/wp-content\/uploads\/2022\/12\/Bernard_Appy.jpeg?fit=3000%2C2000&amp;quality=70&amp;strip=all\" data-orig-size=\"3000,2000\" data-comments-opened=\"0\" data-image-meta=\"{&quot;aperture&quot;:&quot;0&quot;,&quot;credit&quot;:&quot;&quot;,&quot;camera&quot;:&quot;&quot;,&quot;caption&quot;:&quot;&quot;,&quot;created_timestamp&quot;:&quot;0&quot;,&quot;copyright&quot;:&quot;&quot;,&quot;focal_length&quot;:&quot;0&quot;,&quot;iso&quot;:&quot;0&quot;,&quot;shutter_speed&quot;:&quot;0&quot;,&quot;title&quot;:&quot;&quot;,&quot;orientation&quot;:&quot;1&quot;}\" data-image-title=\"Bernard Appy\" data-image-description=\"\" data-image-caption=\"&lt;p&gt;O economista Bernard Appy, diretor do Centro de Cidadania Fiscal (Foto: Divulga\u00e7\u00e3o)&lt;\/p&gt;\n\" data-medium-file=\"https:\/\/www.infomoney.com.br\/wp-content\/uploads\/2022\/12\/Bernard_Appy.jpeg?fit=300%2C200&amp;quality=70&amp;strip=all\" data-large-file=\"https:\/\/www.infomoney.com.br\/wp-content\/uploads\/2022\/12\/Bernard_Appy.jpeg?fit=1280%2C853&amp;quality=70&amp;strip=all\" title=\"\"><\/p>\n<p>A Comiss\u00e3o de Cultura da C\u00e2mara dos Deputados recebe, em audi\u00eancia p\u00fablica na quarta-feira (14), o secret\u00e1rio extraordin\u00e1rio da reforma tribut\u00e1ria, Bernard Appy, para debater o impacto da reforma no setor cultural.<\/p>\n<p>O pedido para a realiza\u00e7\u00e3o do debate foi feito pelo deputado Marcelo Queiroz (PP-RJ), diante da possibilidade de aboli\u00e7\u00e3o de benef\u00edcios fiscais para segmentos espec\u00edficos. &#8220;Importante considerar que a cultura se apoia em alguns desses benef\u00edcios, at\u00e9 mesmo para compensar o baixo n\u00edvel de investimento destinados ao setor. O fim desses incentivos dificultaria em grande medida a sobreviv\u00eancia de diversas atividades culturais pa\u00eds afora&#8221;, alerta.<\/p>\n<p>O debate ser\u00e1 realizado \u00e0s 14\u00a0 horas no plen\u00e1rio 10. Confira aqui a pauta da audi\u00eancia p\u00fablica.<\/p>\n<p>The post <a rel=\"nofollow noopener\" href=\"https:\/\/www.infomoney.com.br\/politica\/deputados-ouvem-bernard-appy-sobre-impacto-da-reforma-tributaria-no-setor-cultural\/\" target=\"_blank\">Deputados ouvem Bernard Appy sobre impacto da reforma tribut\u00e1ria no setor cultural<\/a> appeared first on <a rel=\"nofollow noopener\" href=\"https:\/\/www.infomoney.com.br\/\" target=\"_blank\">InfoMoney<\/a>.<\/p>\n","protected":false},"excerpt":{"rendered":"<p><img loading=\"lazy\" decoding=\"async\" width=\"300\" height=\"200\" src=\"https:\/\/www.infomoney.com.br\/wp-content\/uploads\/2022\/12\/Bernard_Appy.jpeg?fit=300%2C200&amp;quality=70&amp;strip=all\" class=\"attachment-medium size-medium wp-post-image\" alt=\"\" data-attachment-id=\"2005332\" data-permalink=\"https:\/\/www.infomoney.com.br\/politica\/reforma-tributaria-ampla-tem-chances-de-avancar-com-lula-infomoney-entrevista-bernard-appy\/attachment\/bernard_appy\/\" data-orig-file=\"https:\/\/www.infomoney.com.br\/wp-content\/uploads\/2022\/12\/Bernard_Appy.jpeg?fit=3000%2C2000&amp;quality=70&amp;strip=all\" data-orig-size=\"3000,2000\" data-comments-opened=\"0\" data-image-meta='{\"aperture\":\"0\",\"credit\":\"\",\"camera\":\"\",\"caption\":\"\",\"created_timestamp\":\"0\",\"copyright\":\"\",\"focal_length\":\"0\",\"iso\":\"0\",\"shutter_speed\":\"0\",\"title\":\"\",\"orientation\":\"1\"}' data-image-title=\"Bernard Appy\" data-image-description=\"\" data-image-caption=\"&lt;p&gt;O economista Bernard Appy, diretor do Centro de Cidadania Fiscal (Foto: Divulga\u00e7\u00e3o)&lt;\/p&gt;\n\" data-medium-file=\"https:\/\/www.infomoney.com.br\/wp-content\/uploads\/2022\/12\/Bernard_Appy.jpeg?fit=300%2C200&amp;quality=70&amp;strip=all\" data-large-file=\"https:\/\/www.infomoney.com.br\/wp-content\/uploads\/2022\/12\/Bernard_Appy.jpeg?fit=1280%2C853&amp;quality=70&amp;strip=all\">Pedido para realiza\u00e7\u00e3o do debate foi feito pelo deputado Marcelo Queiroz (PP-RJ), diante da possibilidade de aboli\u00e7\u00e3o de benef\u00edcios fiscais<\/p>\n<p>The post <a rel=\"nofollow\" href=\"https:\/\/www.infomoney.com.br\/politica\/deputados-ouvem-bernard-appy-sobre-impacto-da-reforma-tributaria-no-setor-cultural\/\">Deputados ouvem Bernard Appy sobre impacto da reforma tribut\u00e1ria no setor cultural<\/a> appeared first on <a rel=\"nofollow\" href=\"https:\/\/www.infomoney.com.br\/\">InfoMoney<\/a>.<\/p>\n","protected":false},"author":47,"featured_media":0,"comment_status":"closed","ping_status":"closed","sticky":false,"template":"","format":"standard","meta":{"advgb_blocks_editor_width":"","advgb_blocks_columns_visual_guide":"","footnotes":""},"categories":[550,276,170,34,47,191],"tags":[35],"class_list":["post-20485","post","type-post","status-publish","format-standard","hentry","category-bernard-appy","category-camara-dos-deputados","category-cultura","category-g1","category-politica","category-reforma-tributaria","tag-g1"],"author_meta":{"display_name":"luispereira","author_link":"https:\/\/sindaopcpb.org.br\/author\/luispereira\/"},"featured_img":null,"coauthors":[],"tax_additional":{"categories":{"linked":["<a href=\"https:\/\/sindaopcpb.org.br\/bernard-appy\/\" class=\"advgb-post-tax-term\">Bernard Appy<\/a>","<a href=\"https:\/\/sindaopcpb.org.br\/camara-dos-deputados\/\" class=\"advgb-post-tax-term\">C\u00e2mara dos Deputados<\/a>","<a href=\"https:\/\/sindaopcpb.org.br\/cultura\/\" class=\"advgb-post-tax-term\">Cultura<\/a>","<a href=\"https:\/\/sindaopcpb.org.br\/g1\/\" class=\"advgb-post-tax-term\">G1<\/a>","<a href=\"https:\/\/sindaopcpb.org.br\/politica\/\" class=\"advgb-post-tax-term\">POLITICA<\/a>","<a href=\"https:\/\/sindaopcpb.org.br\/reforma-tributaria\/\" class=\"advgb-post-tax-term\">reforma tribut\u00e1ria<\/a>"],"unlinked":["<span class=\"advgb-post-tax-term\">Bernard Appy<\/span>","<span class=\"advgb-post-tax-term\">C\u00e2mara dos Deputados<\/span>","<span class=\"advgb-post-tax-term\">Cultura<\/span>","<span class=\"advgb-post-tax-term\">G1<\/span>","<span class=\"advgb-post-tax-term\">POLITICA<\/span>","<span class=\"advgb-post-tax-term\">reforma tribut\u00e1ria<\/span>"]},"tags":{"linked":["<a href=\"https:\/\/sindaopcpb.org.br\/reforma-tributaria\/\" class=\"advgb-post-tax-term\">g1<\/a>"],"unlinked":["<span class=\"advgb-post-tax-term\">g1<\/span>"]}},"comment_count":"0","relative_dates":{"created":"Publicado 3 anos atr\u00e1s","modified":"Atualizado 3 anos atr\u00e1s"},"absolute_dates":{"created":"Publicado em 12 de junho de 2023","modified":"Atualizado em 12 de junho de 2023"},"absolute_dates_time":{"created":"Publicado em 12 de junho de 2023 17:58","modified":"Atualizado em 12 de junho de 2023 17:58"},"featured_img_caption":"","series_order":"","_links":{"self":[{"href":"https:\/\/sindaopcpb.org.br\/index.php\/wp-json\/wp\/v2\/posts\/20485","targetHints":{"allow":["GET"]}}],"collection":[{"href":"https:\/\/sindaopcpb.org.br\/index.php\/wp-json\/wp\/v2\/posts"}],"about":[{"href":"https:\/\/sindaopcpb.org.br\/index.php\/wp-json\/wp\/v2\/types\/post"}],"author":[{"embeddable":true,"href":"https:\/\/sindaopcpb.org.br\/index.php\/wp-json\/wp\/v2\/users\/47"}],"replies":[{"embeddable":true,"href":"https:\/\/sindaopcpb.org.br\/index.php\/wp-json\/wp\/v2\/comments?post=20485"}],"version-history":[{"count":1,"href":"https:\/\/sindaopcpb.org.br\/index.php\/wp-json\/wp\/v2\/posts\/20485\/revisions"}],"predecessor-version":[{"id":20486,"href":"https:\/\/sindaopcpb.org.br\/index.php\/wp-json\/wp\/v2\/posts\/20485\/revisions\/20486"}],"wp:attachment":[{"href":"https:\/\/sindaopcpb.org.br\/index.php\/wp-json\/wp\/v2\/media?parent=20485"}],"wp:term":[{"taxonomy":"category","embeddable":true,"href":"https:\/\/sindaopcpb.org.br\/index.php\/wp-json\/wp\/v2\/categories?post=20485"},{"taxonomy":"post_tag","embeddable":true,"href":"https:\/\/sindaopcpb.org.br\/index.php\/wp-json\/wp\/v2\/tags?post=20485"}],"curies":[{"name":"wp","href":"https:\/\/api.w.org\/{rel}","templated":true}]}}