{"id":20479,"date":"2023-06-12T18:48:52","date_gmt":"2023-06-12T21:48:52","guid":{"rendered":"https:\/\/www.infomoney.com.br\/?p=2158674"},"modified":"2023-06-12T18:48:52","modified_gmt":"2023-06-12T21:48:52","slug":"haddad-reuniao-com-lideres-do-senado-sobre-arcabouco-ficou-para-5a-feira-talvez-antecipem","status":"publish","type":"post","link":"https:\/\/sindaopcpb.org.br\/index.php\/2023\/06\/12\/haddad-reuniao-com-lideres-do-senado-sobre-arcabouco-ficou-para-5a-feira-talvez-antecipem\/","title":{"rendered":"Haddad: Reuni\u00e3o com l\u00edderes do Senado sobre arcabou\u00e7o ficou para 5\u00aa-feira; talvez antecipem"},"content":{"rendered":"<p><img loading=\"lazy\" width=\"300\" height=\"200\" src=\"https:\/\/www.infomoney.com.br\/wp-content\/uploads\/2021\/03\/Senado0403.jpg?fit=300%2C200&amp;quality=70&amp;strip=all\" class=\"attachment-medium size-medium wp-post-image\" alt=\"\" decoding=\"async\" style=\"float:right; margin:0 0 10px 10px;\" srcset=\"https:\/\/www.infomoney.com.br\/wp-content\/uploads\/2021\/03\/Senado0403.jpg?w=799&amp;quality=70&amp;strip=all 799w, https:\/\/www.infomoney.com.br\/wp-content\/uploads\/2021\/03\/Senado0403.jpg?w=300&amp;quality=70&amp;strip=all 300w, https:\/\/www.infomoney.com.br\/wp-content\/uploads\/2021\/03\/Senado0403.jpg?w=768&amp;quality=70&amp;strip=all 768w, https:\/\/www.infomoney.com.br\/wp-content\/uploads\/2021\/03\/Senado0403.jpg?w=150&amp;quality=70&amp;strip=all 150w\" sizes=\"auto, (max-width: 300px) 100vw, 300px\" data-attachment-id=\"1604724\" data-permalink=\"https:\/\/www.infomoney.com.br\/politica\/senado-aprova-texto-base-da-pec-emergencial-em-2o-turno-com-r-44-bilhoes-para-auxilio\/attachment\/senado0403\/\" data-orig-file=\"https:\/\/www.infomoney.com.br\/wp-content\/uploads\/2021\/03\/Senado0403.jpg?fit=799%2C533&amp;quality=70&amp;strip=all\" data-orig-size=\"799,533\" data-comments-opened=\"1\" data-image-meta=\"{&quot;aperture&quot;:&quot;0&quot;,&quot;credit&quot;:&quot;Edilson Rodrigues\\\/Ag\\u00eancia Senad&quot;,&quot;camera&quot;:&quot;&quot;,&quot;caption&quot;:&quot;&quot;,&quot;created_timestamp&quot;:&quot;0&quot;,&quot;copyright&quot;:&quot;Senado Federal do Brasil&quot;,&quot;focal_length&quot;:&quot;0&quot;,&quot;iso&quot;:&quot;0&quot;,&quot;shutter_speed&quot;:&quot;0&quot;,&quot;title&quot;:&quot;&quot;,&quot;orientation&quot;:&quot;0&quot;}\" data-image-title=\"Plen\u00e1rio do Senado Federal\" data-image-description=\"\" data-image-caption=\"&lt;p&gt;Plen\u00e1rio do Senado Federal (Foto: Edilson Rodrigues\/Ag\u00eancia Senado)&lt;\/p&gt;\n\" data-medium-file=\"https:\/\/www.infomoney.com.br\/wp-content\/uploads\/2021\/03\/Senado0403.jpg?fit=300%2C200&amp;quality=70&amp;strip=all\" data-large-file=\"https:\/\/www.infomoney.com.br\/wp-content\/uploads\/2021\/03\/Senado0403.jpg?fit=799%2C533&amp;quality=70&amp;strip=all\" title=\"\"><\/p>\n<p>O ministro da Fazenda, Fernando Haddad, disse que a reuni\u00e3o com l\u00edderes do Senado para discutir o arcabou\u00e7o fiscal deve ocorrer na quinta-feira (15). &#8220;Mas talvez antecipem&#8221;, disse ao deixar o Minist\u00e9rio da Fazenda.<\/p>\n<p>Mais cedo, a ministra do Planejamento, Simone Tebet, tamb\u00e9m mencionou o encontro com os senadores para a discuss\u00e3o da nova regra fiscal, que j\u00e1 foi aprovada pela C\u00e2mara dos Deputados.<\/p>\n<p>Haddad e Tebet j\u00e1 tinham combinado uma reuni\u00e3o com os senadores, mas o encontro acabou desmarcado por causa da vota\u00e7\u00e3o da medida provis\u00f3ria da reestrutura\u00e7\u00e3o da Esplanada.<\/p>\n<p>Antes do come\u00e7o das discuss\u00f5es formais sobre o projeto de lei complementar que trata do novo arcabou\u00e7o fiscal (PLP 93\/2023) no Senado Federal, <a href=\"https:\/\/www.infomoney.com.br\/politica\/arcabouco-fiscal-senadores-propoem-mais-de-30-emendas-para-modificar-texto-aprovado-pela-camara-veja-cada-ponto\/\" rel=\"nofollow noopener\" target=\"_blank\">31 emendas haviam sido apresentadas por parlamentares<\/a> que integram a Comiss\u00e3o de Assuntos Econ\u00f4micos (CAE) para modificar a vers\u00e3o do texto encaminhada pela C\u00e2mara dos Deputados.<\/p>\n<p>Entre os temas est\u00e3o os dispositivos que inclu\u00edram as complementa\u00e7\u00f5es da Uni\u00e3o ao Fundo de Manuten\u00e7\u00e3o e Desenvolvimento da Educa\u00e7\u00e3o B\u00e1sica e de Valoriza\u00e7\u00e3o dos Profissionais da Educa\u00e7\u00e3o (Fundeb) e o Fundo Constitucional do Distrito Federal (FCDF) na regra de limita\u00e7\u00e3o de despesas.<\/p>\n<p>Tamb\u00e9m s\u00e3o objeto de sugest\u00f5es de modifica\u00e7\u00e3o os \u201cgatilhos\u201d que seriam acionados em caso de descumprimento do limite inferior da meta de resultado prim\u00e1rio estabelecida para determinado exerc\u00edcio e exce\u00e7\u00f5es que podem permitir um incremento de despesas em 2024. Nas duas situa\u00e7\u00f5es, no entanto, o intuito de senadores seria tornar a regra mais r\u00edgida.<\/p>\n<p>(Com Ag\u00eancia Estado)<\/p>\n<p>The post <a rel=\"nofollow noopener\" href=\"https:\/\/www.infomoney.com.br\/politica\/haddad-reuniao-com-lideres-do-senado-sobre-arcabouco-ficou-para-5a-feira-talvez-antecipem\/\" target=\"_blank\">Haddad: Reuni\u00e3o com l\u00edderes do Senado sobre arcabou\u00e7o ficou para 5\u00aa-feira; talvez antecipem<\/a> appeared first on <a rel=\"nofollow noopener\" href=\"https:\/\/www.infomoney.com.br\/\" target=\"_blank\">InfoMoney<\/a>.<\/p>\n","protected":false},"excerpt":{"rendered":"<p><img loading=\"lazy\" decoding=\"async\" width=\"300\" height=\"200\" src=\"https:\/\/www.infomoney.com.br\/wp-content\/uploads\/2021\/03\/Senado0403.jpg?fit=300%2C200&amp;quality=70&amp;strip=all\" class=\"attachment-medium size-medium wp-post-image\" alt=\"\" data-attachment-id=\"1604724\" data-permalink=\"https:\/\/www.infomoney.com.br\/politica\/senado-aprova-texto-base-da-pec-emergencial-em-2o-turno-com-r-44-bilhoes-para-auxilio\/attachment\/senado0403\/\" data-orig-file=\"https:\/\/www.infomoney.com.br\/wp-content\/uploads\/2021\/03\/Senado0403.jpg?fit=799%2C533&amp;quality=70&amp;strip=all\" data-orig-size=\"799,533\" data-comments-opened=\"1\" data-image-meta='{\"aperture\":\"0\",\"credit\":\"Edilson Rodrigues\\\/Ag\\u00eancia Senad\",\"camera\":\"\",\"caption\":\"\",\"created_timestamp\":\"0\",\"copyright\":\"Senado Federal do Brasil\",\"focal_length\":\"0\",\"iso\":\"0\",\"shutter_speed\":\"0\",\"title\":\"\",\"orientation\":\"0\"}' data-image-title=\"Plen\u00e1rio do Senado Federal\" data-image-description=\"\" data-image-caption=\"&lt;p&gt;Plen\u00e1rio do Senado Federal (Foto: Edilson Rodrigues\/Ag\u00eancia Senado)&lt;\/p&gt;\n\" data-medium-file=\"https:\/\/www.infomoney.com.br\/wp-content\/uploads\/2021\/03\/Senado0403.jpg?fit=300%2C200&amp;quality=70&amp;strip=all\" data-large-file=\"https:\/\/www.infomoney.com.br\/wp-content\/uploads\/2021\/03\/Senado0403.jpg?fit=799%2C533&amp;quality=70&amp;strip=all\">Mais cedo, a ministra Simone Tebet tamb\u00e9m mencionou o encontro com os senadores para a discuss\u00e3o da nova regra fiscal<\/p>\n<p>The post <a rel=\"nofollow\" href=\"https:\/\/www.infomoney.com.br\/politica\/haddad-reuniao-com-lideres-do-senado-sobre-arcabouco-ficou-para-5a-feira-talvez-antecipem\/\">Haddad: Reuni\u00e3o com l\u00edderes do Senado sobre arcabou\u00e7o ficou para 5\u00aa-feira; talvez antecipem<\/a> appeared first on <a rel=\"nofollow\" href=\"https:\/\/www.infomoney.com.br\/\">InfoMoney<\/a>.<\/p>\n","protected":false},"author":45,"featured_media":0,"comment_status":"closed","ping_status":"closed","sticky":false,"template":"","format":"standard","meta":{"advgb_blocks_editor_width":"","advgb_blocks_columns_visual_guide":"","footnotes":""},"categories":[108,109,34,47,403,360],"tags":[35],"class_list":["post-20479","post","type-post","status-publish","format-standard","hentry","category-arcabouco-fiscal","category-fernando-haddad","category-g1","category-politica","category-senado","category-simone-tebet","tag-g1"],"author_meta":{"display_name":"Equipe InfoMoney","author_link":"https:\/\/sindaopcpb.org.br\/author\/equipe-infomoney\/"},"featured_img":null,"coauthors":[],"tax_additional":{"categories":{"linked":["<a href=\"https:\/\/sindaopcpb.org.br\/arcabouco-fiscal\/\" class=\"advgb-post-tax-term\">Arcabou\u00e7o Fiscal<\/a>","<a href=\"https:\/\/sindaopcpb.org.br\/fernando-haddad\/\" class=\"advgb-post-tax-term\">FERNANDO HADDAD<\/a>","<a href=\"https:\/\/sindaopcpb.org.br\/g1\/\" class=\"advgb-post-tax-term\">G1<\/a>","<a href=\"https:\/\/sindaopcpb.org.br\/politica\/\" class=\"advgb-post-tax-term\">POLITICA<\/a>","<a href=\"https:\/\/sindaopcpb.org.br\/senado\/\" class=\"advgb-post-tax-term\">Senado<\/a>","<a href=\"https:\/\/sindaopcpb.org.br\/simone-tebet\/\" class=\"advgb-post-tax-term\">Simone Tebet<\/a>"],"unlinked":["<span class=\"advgb-post-tax-term\">Arcabou\u00e7o Fiscal<\/span>","<span class=\"advgb-post-tax-term\">FERNANDO HADDAD<\/span>","<span class=\"advgb-post-tax-term\">G1<\/span>","<span class=\"advgb-post-tax-term\">POLITICA<\/span>","<span class=\"advgb-post-tax-term\">Senado<\/span>","<span class=\"advgb-post-tax-term\">Simone Tebet<\/span>"]},"tags":{"linked":["<a href=\"https:\/\/sindaopcpb.org.br\/simone-tebet\/\" class=\"advgb-post-tax-term\">g1<\/a>"],"unlinked":["<span class=\"advgb-post-tax-term\">g1<\/span>"]}},"comment_count":"0","relative_dates":{"created":"Publicado 3 anos atr\u00e1s","modified":"Atualizado 3 anos atr\u00e1s"},"absolute_dates":{"created":"Publicado em 12 de junho de 2023","modified":"Atualizado em 12 de junho de 2023"},"absolute_dates_time":{"created":"Publicado em 12 de junho de 2023 18:48","modified":"Atualizado em 12 de junho de 2023 18:48"},"featured_img_caption":"","series_order":"","_links":{"self":[{"href":"https:\/\/sindaopcpb.org.br\/index.php\/wp-json\/wp\/v2\/posts\/20479","targetHints":{"allow":["GET"]}}],"collection":[{"href":"https:\/\/sindaopcpb.org.br\/index.php\/wp-json\/wp\/v2\/posts"}],"about":[{"href":"https:\/\/sindaopcpb.org.br\/index.php\/wp-json\/wp\/v2\/types\/post"}],"author":[{"embeddable":true,"href":"https:\/\/sindaopcpb.org.br\/index.php\/wp-json\/wp\/v2\/users\/45"}],"replies":[{"embeddable":true,"href":"https:\/\/sindaopcpb.org.br\/index.php\/wp-json\/wp\/v2\/comments?post=20479"}],"version-history":[{"count":1,"href":"https:\/\/sindaopcpb.org.br\/index.php\/wp-json\/wp\/v2\/posts\/20479\/revisions"}],"predecessor-version":[{"id":20480,"href":"https:\/\/sindaopcpb.org.br\/index.php\/wp-json\/wp\/v2\/posts\/20479\/revisions\/20480"}],"wp:attachment":[{"href":"https:\/\/sindaopcpb.org.br\/index.php\/wp-json\/wp\/v2\/media?parent=20479"}],"wp:term":[{"taxonomy":"category","embeddable":true,"href":"https:\/\/sindaopcpb.org.br\/index.php\/wp-json\/wp\/v2\/categories?post=20479"},{"taxonomy":"post_tag","embeddable":true,"href":"https:\/\/sindaopcpb.org.br\/index.php\/wp-json\/wp\/v2\/tags?post=20479"}],"curies":[{"name":"wp","href":"https:\/\/api.w.org\/{rel}","templated":true}]}}