{"id":20467,"date":"2023-06-12T17:17:09","date_gmt":"2023-06-12T20:17:09","guid":{"rendered":"https:\/\/www.infomoney.com.br\/?p=2158470"},"modified":"2023-06-12T17:17:09","modified_gmt":"2023-06-12T20:17:09","slug":"comissao-debate-acoes-de-big-techs-contra-pl-das-fake-news","status":"publish","type":"post","link":"https:\/\/sindaopcpb.org.br\/index.php\/2023\/06\/12\/comissao-debate-acoes-de-big-techs-contra-pl-das-fake-news\/","title":{"rendered":"Comiss\u00e3o debate a\u00e7\u00f5es de Big Techs contra PL das Fake News"},"content":{"rendered":"<p><img loading=\"lazy\" width=\"300\" height=\"200\" src=\"https:\/\/www.infomoney.com.br\/wp-content\/uploads\/2021\/07\/img20210715131030033MED.jpg?fit=300%2C200&amp;quality=70&amp;strip=all\" class=\"attachment-medium size-medium wp-post-image\" alt=\"\" decoding=\"async\" style=\"float:right; margin:0 0 10px 10px;\" srcset=\"https:\/\/www.infomoney.com.br\/wp-content\/uploads\/2021\/07\/img20210715131030033MED.jpg?w=1000&amp;quality=70&amp;strip=all 1000w, https:\/\/www.infomoney.com.br\/wp-content\/uploads\/2021\/07\/img20210715131030033MED.jpg?w=300&amp;quality=70&amp;strip=all 300w, https:\/\/www.infomoney.com.br\/wp-content\/uploads\/2021\/07\/img20210715131030033MED.jpg?w=768&amp;quality=70&amp;strip=all 768w, https:\/\/www.infomoney.com.br\/wp-content\/uploads\/2021\/07\/img20210715131030033MED.jpg?w=150&amp;quality=70&amp;strip=all 150w\" sizes=\"auto, (max-width: 300px) 100vw, 300px\" data-attachment-id=\"1671970\" data-permalink=\"https:\/\/www.infomoney.com.br\/politica\/reforma-administrativa-desidratacao-da-proposta-mobiliza-oposicao-e-base-aliada\/attachment\/img20210715131030033med\/\" data-orig-file=\"https:\/\/www.infomoney.com.br\/wp-content\/uploads\/2021\/07\/img20210715131030033MED.jpg?fit=1000%2C667&amp;quality=70&amp;strip=all\" data-orig-size=\"1000,667\" data-comments-opened=\"1\" data-image-meta=\"{&quot;aperture&quot;:&quot;0&quot;,&quot;credit&quot;:&quot;&quot;,&quot;camera&quot;:&quot;&quot;,&quot;caption&quot;:&quot;&quot;,&quot;created_timestamp&quot;:&quot;0&quot;,&quot;copyright&quot;:&quot;&quot;,&quot;focal_length&quot;:&quot;0&quot;,&quot;iso&quot;:&quot;0&quot;,&quot;shutter_speed&quot;:&quot;0&quot;,&quot;title&quot;:&quot;&quot;,&quot;orientation&quot;:&quot;0&quot;}\" data-image-title=\"C\u00e2mara dos Deputados\" data-image-description=\"\" data-image-caption=\"&lt;p&gt;O plen\u00e1rio da C\u00e2mara dos Deputados (Foto: Pablo Valadares\/C\u00e2mara dos Deputados)&lt;\/p&gt;\n\" data-medium-file=\"https:\/\/www.infomoney.com.br\/wp-content\/uploads\/2021\/07\/img20210715131030033MED.jpg?fit=300%2C200&amp;quality=70&amp;strip=all\" data-large-file=\"https:\/\/www.infomoney.com.br\/wp-content\/uploads\/2021\/07\/img20210715131030033MED.jpg?fit=1000%2C667&amp;quality=70&amp;strip=all\" title=\"\"><\/p>\n<p>A Comiss\u00e3o de Defesa do Consumidor da C\u00e2mara dos Deputados debate nesta quarta-feira (14) &#8220;a manipula\u00e7\u00e3o de informa\u00e7\u00f5es das big techs contra o PL das Fake News (PL 2630\/20)&#8221;. O deputado Ivan Valente (Psol-SP), que pediu o debate, afirma que, no in\u00edcio de abril, o Google lan\u00e7ou campanha publicit\u00e1ria contra o PL das Fake News.<\/p>\n<p>&#8220;Na v\u00e9spera da anunciada vota\u00e7\u00e3o do PL 2630, as a\u00e7\u00f5es se intensificaram. Google, Meta, Twitter e Spotify atuaram com forte abuso de poder econ\u00f4mico e desinforma\u00e7\u00e3o para influenciar a opini\u00e3o p\u00fablica e os parlamentares contra o referido projeto de lei&#8221;, afirmou.<\/p>\n<p>Ele lembra que a ferramenta de busca do Google manteve link para texto assinado pelo diretor de Rela\u00e7\u00f5es Governamentais e Pol\u00edticas P\u00fablicas do Google Brasil, Marcelo Lacerda, com o posicionamento da empresa sobre o PL, baseado em informa\u00e7\u00f5es inconsistentes.<\/p>\n<p>Foram convidados, entre outros:<br \/>&#8211; o secret\u00e1rio Nacional do Consumidor (Senacon) do Minist\u00e9rio da Justi\u00e7a, Wadih Damous;<br \/>&#8211; o diretor de Rela\u00e7\u00f5es Governamentais e Pol\u00edticas P\u00fablicas do Google Brasil, Marcelo Lacerda; e<br \/>&#8211; representantes da Meta; do Twitter; do Spotify e do Telegram.<\/p>\n<p>O debate ser\u00e1 realizado \u00e0s 10 horas, no plen\u00e1rio 8.<\/p>\n<p>The post <a rel=\"nofollow noopener\" href=\"https:\/\/www.infomoney.com.br\/politica\/comissao-debate-acoes-de-big-techs-contra-pl-das-fake-news\/\" target=\"_blank\">Comiss\u00e3o debate a\u00e7\u00f5es de Big Techs contra PL das Fake News<\/a> appeared first on <a rel=\"nofollow noopener\" href=\"https:\/\/www.infomoney.com.br\/\" target=\"_blank\">InfoMoney<\/a>.<\/p>\n","protected":false},"excerpt":{"rendered":"<p><img loading=\"lazy\" decoding=\"async\" width=\"300\" height=\"200\" src=\"https:\/\/www.infomoney.com.br\/wp-content\/uploads\/2021\/07\/img20210715131030033MED.jpg?fit=300%2C200&amp;quality=70&amp;strip=all\" class=\"attachment-medium size-medium wp-post-image\" alt=\"\" data-attachment-id=\"1671970\" data-permalink=\"https:\/\/www.infomoney.com.br\/politica\/reforma-administrativa-desidratacao-da-proposta-mobiliza-oposicao-e-base-aliada\/attachment\/img20210715131030033med\/\" data-orig-file=\"https:\/\/www.infomoney.com.br\/wp-content\/uploads\/2021\/07\/img20210715131030033MED.jpg?fit=1000%2C667&amp;quality=70&amp;strip=all\" data-orig-size=\"1000,667\" data-comments-opened=\"1\" data-image-meta='{\"aperture\":\"0\",\"credit\":\"\",\"camera\":\"\",\"caption\":\"\",\"created_timestamp\":\"0\",\"copyright\":\"\",\"focal_length\":\"0\",\"iso\":\"0\",\"shutter_speed\":\"0\",\"title\":\"\",\"orientation\":\"0\"}' data-image-title=\"C\u00e2mara dos Deputados\" data-image-description=\"\" data-image-caption=\"&lt;p&gt;O plen\u00e1rio da C\u00e2mara dos Deputados (Foto: Pablo Valadares\/C\u00e2mara dos Deputados)&lt;\/p&gt;\n\" data-medium-file=\"https:\/\/www.infomoney.com.br\/wp-content\/uploads\/2021\/07\/img20210715131030033MED.jpg?fit=300%2C200&amp;quality=70&amp;strip=all\" data-large-file=\"https:\/\/www.infomoney.com.br\/wp-content\/uploads\/2021\/07\/img20210715131030033MED.jpg?fit=1000%2C667&amp;quality=70&amp;strip=all\">Foram convidados, entre outros, representantes da Meta; do Twitter; do Spotify e do Telegram<\/p>\n<p>The post <a rel=\"nofollow\" href=\"https:\/\/www.infomoney.com.br\/politica\/comissao-debate-acoes-de-big-techs-contra-pl-das-fake-news\/\">Comiss\u00e3o debate a\u00e7\u00f5es de Big Techs contra PL das Fake News<\/a> appeared first on <a rel=\"nofollow\" href=\"https:\/\/www.infomoney.com.br\/\">InfoMoney<\/a>.<\/p>\n","protected":false},"author":47,"featured_media":0,"comment_status":"closed","ping_status":"closed","sticky":false,"template":"","format":"standard","meta":{"advgb_blocks_editor_width":"","advgb_blocks_columns_visual_guide":"","footnotes":""},"categories":[2077,276,359,34,2078,47],"tags":[35],"class_list":["post-20467","post","type-post","status-publish","format-standard","hentry","category-big-techs","category-camara-dos-deputados","category-congresso-nacional","category-g1","category-pl-das-fake-news","category-politica","tag-g1"],"author_meta":{"display_name":"luispereira","author_link":"https:\/\/sindaopcpb.org.br\/author\/luispereira\/"},"featured_img":null,"coauthors":[],"tax_additional":{"categories":{"linked":["<a href=\"https:\/\/sindaopcpb.org.br\/big-techs\/\" class=\"advgb-post-tax-term\">big techs<\/a>","<a href=\"https:\/\/sindaopcpb.org.br\/camara-dos-deputados\/\" class=\"advgb-post-tax-term\">C\u00e2mara dos Deputados<\/a>","<a href=\"https:\/\/sindaopcpb.org.br\/congresso-nacional\/\" class=\"advgb-post-tax-term\">Congresso Nacional<\/a>","<a href=\"https:\/\/sindaopcpb.org.br\/g1\/\" class=\"advgb-post-tax-term\">G1<\/a>","<a href=\"https:\/\/sindaopcpb.org.br\/pl-das-fake-news\/\" class=\"advgb-post-tax-term\">PL das Fake News<\/a>","<a href=\"https:\/\/sindaopcpb.org.br\/politica\/\" class=\"advgb-post-tax-term\">POLITICA<\/a>"],"unlinked":["<span class=\"advgb-post-tax-term\">big techs<\/span>","<span class=\"advgb-post-tax-term\">C\u00e2mara dos Deputados<\/span>","<span class=\"advgb-post-tax-term\">Congresso Nacional<\/span>","<span class=\"advgb-post-tax-term\">G1<\/span>","<span class=\"advgb-post-tax-term\">PL das Fake News<\/span>","<span class=\"advgb-post-tax-term\">POLITICA<\/span>"]},"tags":{"linked":["<a href=\"https:\/\/sindaopcpb.org.br\/politica\/\" class=\"advgb-post-tax-term\">g1<\/a>"],"unlinked":["<span class=\"advgb-post-tax-term\">g1<\/span>"]}},"comment_count":"0","relative_dates":{"created":"Publicado 3 anos atr\u00e1s","modified":"Atualizado 3 anos atr\u00e1s"},"absolute_dates":{"created":"Publicado em 12 de junho de 2023","modified":"Atualizado em 12 de junho de 2023"},"absolute_dates_time":{"created":"Publicado em 12 de junho de 2023 17:17","modified":"Atualizado em 12 de junho de 2023 17:17"},"featured_img_caption":"","series_order":"","_links":{"self":[{"href":"https:\/\/sindaopcpb.org.br\/index.php\/wp-json\/wp\/v2\/posts\/20467","targetHints":{"allow":["GET"]}}],"collection":[{"href":"https:\/\/sindaopcpb.org.br\/index.php\/wp-json\/wp\/v2\/posts"}],"about":[{"href":"https:\/\/sindaopcpb.org.br\/index.php\/wp-json\/wp\/v2\/types\/post"}],"author":[{"embeddable":true,"href":"https:\/\/sindaopcpb.org.br\/index.php\/wp-json\/wp\/v2\/users\/47"}],"replies":[{"embeddable":true,"href":"https:\/\/sindaopcpb.org.br\/index.php\/wp-json\/wp\/v2\/comments?post=20467"}],"version-history":[{"count":1,"href":"https:\/\/sindaopcpb.org.br\/index.php\/wp-json\/wp\/v2\/posts\/20467\/revisions"}],"predecessor-version":[{"id":20468,"href":"https:\/\/sindaopcpb.org.br\/index.php\/wp-json\/wp\/v2\/posts\/20467\/revisions\/20468"}],"wp:attachment":[{"href":"https:\/\/sindaopcpb.org.br\/index.php\/wp-json\/wp\/v2\/media?parent=20467"}],"wp:term":[{"taxonomy":"category","embeddable":true,"href":"https:\/\/sindaopcpb.org.br\/index.php\/wp-json\/wp\/v2\/categories?post=20467"},{"taxonomy":"post_tag","embeddable":true,"href":"https:\/\/sindaopcpb.org.br\/index.php\/wp-json\/wp\/v2\/tags?post=20467"}],"curies":[{"name":"wp","href":"https:\/\/api.w.org\/{rel}","templated":true}]}}