{"id":20423,"date":"2023-06-12T13:53:00","date_gmt":"2023-06-12T16:53:00","guid":{"rendered":"https:\/\/www.infomoney.com.br\/?p=2158202"},"modified":"2023-06-12T13:53:00","modified_gmt":"2023-06-12T16:53:00","slug":"tebet-diz-que-tera-reuniao-na-quinta-feira-com-senado-sobre-arcabouco-fiscal","status":"publish","type":"post","link":"https:\/\/sindaopcpb.org.br\/index.php\/2023\/06\/12\/tebet-diz-que-tera-reuniao-na-quinta-feira-com-senado-sobre-arcabouco-fiscal\/","title":{"rendered":"Tebet diz que ter\u00e1 reuni\u00e3o na quinta-feira com Senado sobre arcabou\u00e7o fiscal"},"content":{"rendered":"<p><img loading=\"lazy\" width=\"300\" height=\"200\" src=\"https:\/\/www.infomoney.com.br\/wp-content\/uploads\/2023\/03\/52621767145_544494f92f_c.jpg?fit=300%2C200&amp;quality=70&amp;strip=all\" class=\"attachment-medium size-medium wp-post-image\" alt=\"\" decoding=\"async\" style=\"float:right; margin:0 0 10px 10px;\" srcset=\"https:\/\/www.infomoney.com.br\/wp-content\/uploads\/2023\/03\/52621767145_544494f92f_c.jpg?w=799&amp;quality=70&amp;strip=all 799w, https:\/\/www.infomoney.com.br\/wp-content\/uploads\/2023\/03\/52621767145_544494f92f_c.jpg?w=300&amp;quality=70&amp;strip=all 300w, https:\/\/www.infomoney.com.br\/wp-content\/uploads\/2023\/03\/52621767145_544494f92f_c.jpg?w=768&amp;quality=70&amp;strip=all 768w, https:\/\/www.infomoney.com.br\/wp-content\/uploads\/2023\/03\/52621767145_544494f92f_c.jpg?w=150&amp;quality=70&amp;strip=all 150w\" sizes=\"auto, (max-width: 300px) 100vw, 300px\" data-attachment-id=\"2094193\" data-permalink=\"https:\/\/www.infomoney.com.br\/politica\/reforma-tributaria-e-a-salvacao-da-lavoura-a-unica-bala-de-prata-que-temos-afirma-tebet\/attachment\/52621767145_544494f92f_c\/\" data-orig-file=\"https:\/\/www.infomoney.com.br\/wp-content\/uploads\/2023\/03\/52621767145_544494f92f_c.jpg?fit=799%2C533&amp;quality=70&amp;strip=all\" data-orig-size=\"799,533\" data-comments-opened=\"0\" data-image-meta=\"{&quot;aperture&quot;:&quot;0&quot;,&quot;credit&quot;:&quot;&quot;,&quot;camera&quot;:&quot;&quot;,&quot;caption&quot;:&quot;&quot;,&quot;created_timestamp&quot;:&quot;0&quot;,&quot;copyright&quot;:&quot;&quot;,&quot;focal_length&quot;:&quot;0&quot;,&quot;iso&quot;:&quot;0&quot;,&quot;shutter_speed&quot;:&quot;0&quot;,&quot;title&quot;:&quot;&quot;,&quot;orientation&quot;:&quot;0&quot;}\" data-image-title=\"Simone Tebet\" data-image-description=\"\" data-image-caption=\"&lt;p&gt;A ministra do Planejamento e Or\u00e7amento, Simone Tebet (MDB), em an\u00fancio da pasta (Foto: Edu Andrade\/Ascom\/MF)&lt;\/p&gt;\n\" data-medium-file=\"https:\/\/www.infomoney.com.br\/wp-content\/uploads\/2023\/03\/52621767145_544494f92f_c.jpg?fit=300%2C200&amp;quality=70&amp;strip=all\" data-large-file=\"https:\/\/www.infomoney.com.br\/wp-content\/uploads\/2023\/03\/52621767145_544494f92f_c.jpg?fit=799%2C533&amp;quality=70&amp;strip=all\" title=\"\"><\/p>\n<p>A ministra do Planejamento e Or\u00e7amento, Simone Tebet, disse nesta segunda-feira (12), que se reunir\u00e1 com o Senado Federal na pr\u00f3xima quinta-feira (15), para tratar de temas relativos ao arcabou\u00e7o fiscal. Ela demonstrou otimismo a respeito das conversas, afirmando conhecer bem o Senado e acrescentando que a casa tem muita responsabilidade e preocupa\u00e7\u00e3o com as contas p\u00fablicas.<\/p>\n<p>&#8220;O arcabou\u00e7o vem nesse sentido. \u00c9 um equivoco dizer que a C\u00e2mara flexibilizou, que abriu espa\u00e7o fiscal para o governo federal. N\u00e3o \u00e9 verdade. Ao colocar ali que a corre\u00e7\u00e3o pelo IPCA \u00e9 at\u00e9 o meio do ano voc\u00ea diminui a capacidade de gastos p\u00fablicos. Ao incluir no novo teto o piso de enfermagem e o Fundo do DF e a diferen\u00e7a do Fundeb, praticamente engessa parte do Or\u00e7amento&#8221;, disse a ministra em r\u00e1pida entrevista a jornalistas ao sair de reuni\u00e3o que teve com membros do Conselh\u00e3o nesta segunda-feira na sede da Febraban, em S\u00e3o Paulo.<\/p>\n<p>De acordo com Tebet, o governo est\u00e1 com um valor a menor para fechar as despesas p\u00fablicas no ano que vem, da ordem de R$ 32 bilh\u00f5es a R$ 40 bilh\u00f5es.<\/p>\n<p>&#8220;Obviamente que se o arcabou\u00e7o for aprovado do jeito que est\u00e1 n\u00f3s vamos cortar gastos no ano que vem, mas significa que o arcabou\u00e7o n\u00e3o vem com essa frouxid\u00e3o de gastos p\u00fablicos como muito apresentaram. Ao contr\u00e1rio, est\u00e1 mais restritivo e n\u00f3s vamos mostrar isso para o Senado. Obviamente que a partir disso \u00e9 uma decis\u00e3o do Senado Federal. T\u00e1 bom assim? \u00c9 isso mesmo que n\u00f3s queremos? Isso implica que depois em fazermos cortes de gastos p\u00fablicos no ano que vem&#8221;, disse a ministra.<\/p>\n<p>The post <a rel=\"nofollow noopener\" href=\"https:\/\/www.infomoney.com.br\/politica\/tebet-diz-que-tera-reuniao-na-quinta-feira-com-senado-sobre-arcabouco-fiscal\/\" target=\"_blank\">Tebet diz que ter\u00e1 reuni\u00e3o na quinta-feira com Senado sobre arcabou\u00e7o fiscal<\/a> appeared first on <a rel=\"nofollow noopener\" href=\"https:\/\/www.infomoney.com.br\/\" target=\"_blank\">InfoMoney<\/a>.<\/p>\n","protected":false},"excerpt":{"rendered":"<p><img loading=\"lazy\" decoding=\"async\" width=\"300\" height=\"200\" src=\"https:\/\/www.infomoney.com.br\/wp-content\/uploads\/2023\/03\/52621767145_544494f92f_c.jpg?fit=300%2C200&amp;quality=70&amp;strip=all\" class=\"attachment-medium size-medium wp-post-image\" alt=\"\" data-attachment-id=\"2094193\" data-permalink=\"https:\/\/www.infomoney.com.br\/politica\/reforma-tributaria-e-a-salvacao-da-lavoura-a-unica-bala-de-prata-que-temos-afirma-tebet\/attachment\/52621767145_544494f92f_c\/\" data-orig-file=\"https:\/\/www.infomoney.com.br\/wp-content\/uploads\/2023\/03\/52621767145_544494f92f_c.jpg?fit=799%2C533&amp;quality=70&amp;strip=all\" data-orig-size=\"799,533\" data-comments-opened=\"0\" data-image-meta='{\"aperture\":\"0\",\"credit\":\"\",\"camera\":\"\",\"caption\":\"\",\"created_timestamp\":\"0\",\"copyright\":\"\",\"focal_length\":\"0\",\"iso\":\"0\",\"shutter_speed\":\"0\",\"title\":\"\",\"orientation\":\"0\"}' data-image-title=\"Simone Tebet\" data-image-description=\"\" data-image-caption=\"&lt;p&gt;A ministra do Planejamento e Or\u00e7amento, Simone Tebet (MDB), em an\u00fancio da pasta (Foto: Edu Andrade\/Ascom\/MF)&lt;\/p&gt;\n\" data-medium-file=\"https:\/\/www.infomoney.com.br\/wp-content\/uploads\/2023\/03\/52621767145_544494f92f_c.jpg?fit=300%2C200&amp;quality=70&amp;strip=all\" data-large-file=\"https:\/\/www.infomoney.com.br\/wp-content\/uploads\/2023\/03\/52621767145_544494f92f_c.jpg?fit=799%2C533&amp;quality=70&amp;strip=all\">Ministra diz que governo est\u00e1 com um valor a menor para fechar as despesas p\u00fablicas no ano que vem, da ordem de R$ 32 bilh\u00f5es a R$ 40 bilh\u00f5es<\/p>\n<p>The post <a rel=\"nofollow\" href=\"https:\/\/www.infomoney.com.br\/politica\/tebet-diz-que-tera-reuniao-na-quinta-feira-com-senado-sobre-arcabouco-fiscal\/\">Tebet diz que ter\u00e1 reuni\u00e3o na quinta-feira com Senado sobre arcabou\u00e7o fiscal<\/a> appeared first on <a rel=\"nofollow\" href=\"https:\/\/www.infomoney.com.br\/\">InfoMoney<\/a>.<\/p>\n","protected":false},"author":43,"featured_media":0,"comment_status":"closed","ping_status":"closed","sticky":false,"template":"","format":"standard","meta":{"advgb_blocks_editor_width":"","advgb_blocks_columns_visual_guide":"","footnotes":""},"categories":[108,359,34,47,403,360],"tags":[35],"class_list":["post-20423","post","type-post","status-publish","format-standard","hentry","category-arcabouco-fiscal","category-congresso-nacional","category-g1","category-politica","category-senado","category-simone-tebet","tag-g1"],"author_meta":{"display_name":"Estad\u00e3o Conte\u00fado","author_link":"https:\/\/sindaopcpb.org.br\/author\/estadao-conteudo\/"},"featured_img":null,"coauthors":[],"tax_additional":{"categories":{"linked":["<a href=\"https:\/\/sindaopcpb.org.br\/arcabouco-fiscal\/\" class=\"advgb-post-tax-term\">Arcabou\u00e7o Fiscal<\/a>","<a href=\"https:\/\/sindaopcpb.org.br\/congresso-nacional\/\" class=\"advgb-post-tax-term\">Congresso Nacional<\/a>","<a href=\"https:\/\/sindaopcpb.org.br\/g1\/\" class=\"advgb-post-tax-term\">G1<\/a>","<a href=\"https:\/\/sindaopcpb.org.br\/politica\/\" class=\"advgb-post-tax-term\">POLITICA<\/a>","<a href=\"https:\/\/sindaopcpb.org.br\/senado\/\" class=\"advgb-post-tax-term\">Senado<\/a>","<a href=\"https:\/\/sindaopcpb.org.br\/simone-tebet\/\" class=\"advgb-post-tax-term\">Simone Tebet<\/a>"],"unlinked":["<span class=\"advgb-post-tax-term\">Arcabou\u00e7o Fiscal<\/span>","<span class=\"advgb-post-tax-term\">Congresso Nacional<\/span>","<span class=\"advgb-post-tax-term\">G1<\/span>","<span class=\"advgb-post-tax-term\">POLITICA<\/span>","<span class=\"advgb-post-tax-term\">Senado<\/span>","<span class=\"advgb-post-tax-term\">Simone Tebet<\/span>"]},"tags":{"linked":["<a href=\"https:\/\/sindaopcpb.org.br\/simone-tebet\/\" class=\"advgb-post-tax-term\">g1<\/a>"],"unlinked":["<span class=\"advgb-post-tax-term\">g1<\/span>"]}},"comment_count":"0","relative_dates":{"created":"Publicado 3 anos atr\u00e1s","modified":"Atualizado 3 anos atr\u00e1s"},"absolute_dates":{"created":"Publicado em 12 de junho de 2023","modified":"Atualizado em 12 de junho de 2023"},"absolute_dates_time":{"created":"Publicado em 12 de junho de 2023 13:53","modified":"Atualizado em 12 de junho de 2023 13:53"},"featured_img_caption":"","series_order":"","_links":{"self":[{"href":"https:\/\/sindaopcpb.org.br\/index.php\/wp-json\/wp\/v2\/posts\/20423","targetHints":{"allow":["GET"]}}],"collection":[{"href":"https:\/\/sindaopcpb.org.br\/index.php\/wp-json\/wp\/v2\/posts"}],"about":[{"href":"https:\/\/sindaopcpb.org.br\/index.php\/wp-json\/wp\/v2\/types\/post"}],"author":[{"embeddable":true,"href":"https:\/\/sindaopcpb.org.br\/index.php\/wp-json\/wp\/v2\/users\/43"}],"replies":[{"embeddable":true,"href":"https:\/\/sindaopcpb.org.br\/index.php\/wp-json\/wp\/v2\/comments?post=20423"}],"version-history":[{"count":1,"href":"https:\/\/sindaopcpb.org.br\/index.php\/wp-json\/wp\/v2\/posts\/20423\/revisions"}],"predecessor-version":[{"id":20424,"href":"https:\/\/sindaopcpb.org.br\/index.php\/wp-json\/wp\/v2\/posts\/20423\/revisions\/20424"}],"wp:attachment":[{"href":"https:\/\/sindaopcpb.org.br\/index.php\/wp-json\/wp\/v2\/media?parent=20423"}],"wp:term":[{"taxonomy":"category","embeddable":true,"href":"https:\/\/sindaopcpb.org.br\/index.php\/wp-json\/wp\/v2\/categories?post=20423"},{"taxonomy":"post_tag","embeddable":true,"href":"https:\/\/sindaopcpb.org.br\/index.php\/wp-json\/wp\/v2\/tags?post=20423"}],"curies":[{"name":"wp","href":"https:\/\/api.w.org\/{rel}","templated":true}]}}