{"id":20405,"date":"2023-06-12T12:03:12","date_gmt":"2023-06-12T15:03:12","guid":{"rendered":"https:\/\/g1.globo.com\/pb\/paraiba\/sao-joao\/2023\/noticia\/2023\/06\/12\/fotos-arraia-de-cumpade-2023-neste-sabado-10-de-junho.ghtml"},"modified":"2023-06-12T12:03:12","modified_gmt":"2023-06-12T15:03:12","slug":"fotos-arraia-de-cumpade-2023-neste-sabado-10-de-junho","status":"publish","type":"post","link":"https:\/\/sindaopcpb.org.br\/index.php\/2023\/06\/12\/fotos-arraia-de-cumpade-2023-neste-sabado-10-de-junho\/","title":{"rendered":"FOTOS: Arrai\u00e1 de Cumpade 2023 neste s\u00e1bado, 10 de junho"},"content":{"rendered":"   <img src=\"https:\/\/s2.glbimg.com\/NQpUP7z8vn_1l-X2W-OFgsjoEKY=\/i.s3.glbimg.com\/v1\/AUTH_59edd422c0c84a879bd37670ae4f538a\/internal_photos\/bs\/2023\/X\/l\/DGh6GBQreABo9ET54KvQ\/arraia-de-cumpade-1.png\" \/><br \/>     Evento acontece at\u00e9 o dia 1\u00ba de julho, na Fazenda Olho D'\u00c1gua, em Galante, distrito de Campina Grande. Abertura do Arrai\u00e1 de Cumpade 2023, em Galante, Campina Grande\nDivulga\u00e7\u00e3o\/M\u00e1rcio Macena\nO Arrai\u00e1 de Cumpade 2023 come\u00e7ou no \u00faltimo s\u00e1bado (10) com shows de Mastruz com Leite, Kelly Silva, Cumpade Jo\u00e3o e Forr\u00f3 Lampejo. O evento acontece at\u00e9 o dia 1\u00ba de julho, na Fazenda Olho D'\u00c1gua, em Galante, distrito de Campina Grande. Veja a galeria de fotos de como foi o primeiro dia de festa.\nCompartilhe no WhatsApp\nCompartilhe no Telegram\nArrai\u00e1 de Cumpade 2023, em Galante, Campina Grande\nDivulga\u00e7\u00e3o\/M\u00e1rcio Macena\nTurma de amigos no Arrai\u00e1 de Cumpade 2023, em Galante, Campina Grande\nDivulga\u00e7\u00e3o\/M\u00e1rcio Macena\nCasal no Arrai\u00e1 de Cumpade 2023, em Galante, Campina Grande\nDivulga\u00e7\u00e3o\/M\u00e1rcio Macena\nCumpade Jo\u00e3o no Arrai\u00e1 de Cumpade 2023, em Galante, Campina Grande\nDivulga\u00e7\u00e3o\/M\u00e1rcio Macena\nCasal no Arrai\u00e1 de Cumpade 2023, em Galante, Campina Grande\nDivulga\u00e7\u00e3o\/M\u00e1rcio Macena\nArrai\u00e1 de Cumpade 2023, em Galante, Campina Grande\nDivulga\u00e7\u00e3o\/M\u00e1rcio Macena\nArrai\u00e1 de Cumpade 2023, em Galante, Campina Grande\nDivulga\u00e7\u00e3o\/M\u00e1rcio Macena\nArrai\u00e1 de Cumpade 2023, em Galante, Campina Grande\nDivulga\u00e7\u00e3o\/M\u00e1rcio Macena\nArrai\u00e1 de Cumpade 2023, em Galante, Campina Grande\nDivulga\u00e7\u00e3o\/M\u00e1rcio Macena\nArrai\u00e1 de Cumpade 2023, em Galante, Campina Grande\nDivulga\u00e7\u00e3o\/M\u00e1rcio Macena\nArrai\u00e1 de Cumpade 2023, em Galante, Campina Grande\nDivulga\u00e7\u00e3o\/M\u00e1rcio Macena\nArrai\u00e1 de Cumpade 2023, em Galante, Campina Grande\nDivulga\u00e7\u00e3o\/M\u00e1rcio Macena\nArrai\u00e1 de Cumpade 2023, em Galante, Campina Grande\nDivulga\u00e7\u00e3o\/M\u00e1rcio Macena\nArrai\u00e1 de Cumpade 2023, em Galante, Campina Grande\nDivulga\u00e7\u00e3o\/M\u00e1rcio Macena\nArrai\u00e1 de Cumpade 2023, em Galante, Campina Grande\nDivulga\u00e7\u00e3o\/M\u00e1rcio Macena\nV\u00eddeos mais assistidos do g1 Para\u00edba  ","protected":false},"excerpt":{"rendered":"<p>        Evento acontece at\u00e9 o dia 1\u00ba de julho, na Fazenda Olho D&#8217;\u00c1gua, em Galante, distrito de Campina Grande. Abertura do Arrai\u00e1 de Cumpade 2023, em Galante, Campina Grande<br \/>\nDivulga\u00e7\u00e3o\/M\u00e1rcio Macena<br \/>\nO Arrai\u00e1 de Cumpade 2023 come\u00e7ou no \u00faltimo s\u00e1bado (10&#8230;<\/p>\n","protected":false},"author":2,"featured_media":0,"comment_status":"closed","ping_status":"closed","sticky":false,"template":"","format":"standard","meta":{"advgb_blocks_editor_width":"","advgb_blocks_columns_visual_guide":"","footnotes":""},"categories":[34],"tags":[35],"class_list":["post-20405","post","type-post","status-publish","format-standard","hentry","category-g1","tag-g1"],"author_meta":{"display_name":"g1 &gt; Para\u00edba","author_link":"https:\/\/sindaopcpb.org.br\/author\/g1-paraiba\/"},"featured_img":null,"coauthors":[],"tax_additional":{"categories":{"linked":["<a href=\"https:\/\/sindaopcpb.org.br\/g1\/\" class=\"advgb-post-tax-term\">G1<\/a>"],"unlinked":["<span class=\"advgb-post-tax-term\">G1<\/span>"]},"tags":{"linked":["<a href=\"https:\/\/sindaopcpb.org.br\/g1\/\" class=\"advgb-post-tax-term\">g1<\/a>"],"unlinked":["<span class=\"advgb-post-tax-term\">g1<\/span>"]}},"comment_count":"0","relative_dates":{"created":"Publicado 3 anos atr\u00e1s","modified":"Atualizado 3 anos atr\u00e1s"},"absolute_dates":{"created":"Publicado em 12 de junho de 2023","modified":"Atualizado em 12 de junho de 2023"},"absolute_dates_time":{"created":"Publicado em 12 de junho de 2023 12:03","modified":"Atualizado em 12 de junho de 2023 12:03"},"featured_img_caption":"","series_order":"","_links":{"self":[{"href":"https:\/\/sindaopcpb.org.br\/index.php\/wp-json\/wp\/v2\/posts\/20405","targetHints":{"allow":["GET"]}}],"collection":[{"href":"https:\/\/sindaopcpb.org.br\/index.php\/wp-json\/wp\/v2\/posts"}],"about":[{"href":"https:\/\/sindaopcpb.org.br\/index.php\/wp-json\/wp\/v2\/types\/post"}],"author":[{"embeddable":true,"href":"https:\/\/sindaopcpb.org.br\/index.php\/wp-json\/wp\/v2\/users\/2"}],"replies":[{"embeddable":true,"href":"https:\/\/sindaopcpb.org.br\/index.php\/wp-json\/wp\/v2\/comments?post=20405"}],"version-history":[{"count":2,"href":"https:\/\/sindaopcpb.org.br\/index.php\/wp-json\/wp\/v2\/posts\/20405\/revisions"}],"predecessor-version":[{"id":20429,"href":"https:\/\/sindaopcpb.org.br\/index.php\/wp-json\/wp\/v2\/posts\/20405\/revisions\/20429"}],"wp:attachment":[{"href":"https:\/\/sindaopcpb.org.br\/index.php\/wp-json\/wp\/v2\/media?parent=20405"}],"wp:term":[{"taxonomy":"category","embeddable":true,"href":"https:\/\/sindaopcpb.org.br\/index.php\/wp-json\/wp\/v2\/categories?post=20405"},{"taxonomy":"post_tag","embeddable":true,"href":"https:\/\/sindaopcpb.org.br\/index.php\/wp-json\/wp\/v2\/tags?post=20405"}],"curies":[{"name":"wp","href":"https:\/\/api.w.org\/{rel}","templated":true}]}}