{"id":20395,"date":"2023-06-12T11:00:57","date_gmt":"2023-06-12T14:00:57","guid":{"rendered":"https:\/\/www.infomoney.com.br\/?p=2157953"},"modified":"2023-06-12T11:00:57","modified_gmt":"2023-06-12T14:00:57","slug":"governo-cria-grupo-para-analisar-repactuacao-de-acordo-em-mariana","status":"publish","type":"post","link":"https:\/\/sindaopcpb.org.br\/index.php\/2023\/06\/12\/governo-cria-grupo-para-analisar-repactuacao-de-acordo-em-mariana\/","title":{"rendered":"Governo cria grupo para analisar repactua\u00e7\u00e3o de acordo em Mariana"},"content":{"rendered":"<p><img loading=\"lazy\" width=\"300\" height=\"201\" src=\"https:\/\/www.infomoney.com.br\/wp-content\/uploads\/2019\/06\/barragem-mariana.jpg?fit=300%2C201&amp;quality=70&amp;strip=all\" class=\"attachment-medium size-medium wp-post-image\" alt=\"\" decoding=\"async\" style=\"float:right; margin:0 0 10px 10px;\" srcset=\"https:\/\/www.infomoney.com.br\/wp-content\/uploads\/2019\/06\/barragem-mariana.jpg?w=900&amp;quality=70&amp;strip=all 900w, https:\/\/www.infomoney.com.br\/wp-content\/uploads\/2019\/06\/barragem-mariana.jpg?w=300&amp;quality=70&amp;strip=all 300w, https:\/\/www.infomoney.com.br\/wp-content\/uploads\/2019\/06\/barragem-mariana.jpg?w=768&amp;quality=70&amp;strip=all 768w, https:\/\/www.infomoney.com.br\/wp-content\/uploads\/2019\/06\/barragem-mariana.jpg?w=150&amp;quality=70&amp;strip=all 150w\" sizes=\"auto, (max-width: 300px) 100vw, 300px\" data-attachment-id=\"43578\" data-permalink=\"https:\/\/www.infomoney.com.br\/barragem-mariana\/\" data-orig-file=\"https:\/\/www.infomoney.com.br\/wp-content\/uploads\/2019\/06\/barragem-mariana.jpg?fit=900%2C602&amp;quality=70&amp;strip=all\" data-orig-size=\"900,602\" data-comments-opened=\"1\" data-image-meta=\"{&quot;aperture&quot;:&quot;0&quot;,&quot;credit&quot;:&quot;&quot;,&quot;camera&quot;:&quot;&quot;,&quot;caption&quot;:&quot;&quot;,&quot;created_timestamp&quot;:&quot;0&quot;,&quot;copyright&quot;:&quot;&quot;,&quot;focal_length&quot;:&quot;0&quot;,&quot;iso&quot;:&quot;0&quot;,&quot;shutter_speed&quot;:&quot;0&quot;,&quot;title&quot;:&quot;&quot;,&quot;orientation&quot;:&quot;0&quot;}\" data-image-title=\"barragem-mariana\" data-image-description=\"\" data-image-caption=\"\" data-medium-file=\"https:\/\/www.infomoney.com.br\/wp-content\/uploads\/2019\/06\/barragem-mariana.jpg?fit=300%2C201&amp;quality=70&amp;strip=all\" data-large-file=\"https:\/\/www.infomoney.com.br\/wp-content\/uploads\/2019\/06\/barragem-mariana.jpg?fit=900%2C602&amp;quality=70&amp;strip=all\" title=\"\"><\/p>\n<p>O Minist\u00e9rio do Meio Ambiente criou um grupo de trabalho (GT) para analisar e deliberar sobre a repactua\u00e7\u00e3o do chamado acordo do Rio Doce, referente ao rompimento da barragem do Fund\u00e3o, em Mariana (MG), em novembro de 2015. A portaria foi publicada nesta segunda-feira (12) no Di\u00e1rio Oficial da Uni\u00e3o.<\/p>\n<p>De acordo com o texto, o GT possui natureza consultiva e ser\u00e1 composto por representantes da pr\u00f3pria pasta; do Servi\u00e7o Florestal Brasileiro, do Instituto Brasileiro do Meio Ambiente e dos Recursos Naturais Renov\u00e1veis (Ibama); do Instituto Chico Mendes de Conserva\u00e7\u00e3o da Biodiversidade; e da Ag\u00eancia Nacional de \u00c1guas e Saneamento B\u00e1sico (ANA).<\/p>\n<p>\u201cO encerramento dos trabalhos ocorrer\u00e1 em at\u00e9 180 dias contados da data de publica\u00e7\u00e3o desta portaria, podendo ser prorrogado, por igual per\u00edodo, por ato da ministra de Estado do Meio Ambiente e Mudan\u00e7a do Clima\u201d, destaca a publica\u00e7\u00e3o.<\/p>\n<h2><strong>O rompimento<\/strong><\/h2>\n<p>O desastre ambiental liberou 39 milh\u00f5es de metros c\u00fabicos de rejeitos em Mariana, deixou 19 mortos, destruiu comunidades inteiras e impactou dezenas de cidades ao longo da bacia do Rio Doce at\u00e9 a foz, no Esp\u00edrito Santo. A empresa de minera\u00e7\u00e3o anglo-australiana BHP Billiton controla, junto com a Vale, a mineradora Samarco, respons\u00e1vel pela explora\u00e7\u00e3o da barragem.<\/p>\n<p>Em 2016, por meio do termo de transa\u00e7\u00e3o e ajustamento de conduta, foi firmado um acordo para repara\u00e7\u00e3o de danos. A gest\u00e3o de todas as a\u00e7\u00f5es ficou a cargo da ent\u00e3o criada Funda\u00e7\u00e3o Renova. Mantida com recursos das mineradoras Samarco, Vale e BHP Billiton, a entidade anunciou, em fevereiro deste ano, que mais R$ 8,1 bilh\u00f5es ser\u00e3o destinados para a\u00e7\u00f5es de repara\u00e7\u00e3o e compensa\u00e7\u00e3o do rompimento da barragem.<\/p>\n<p>The post <a rel=\"nofollow noopener\" href=\"https:\/\/www.infomoney.com.br\/politica\/governo-cria-grupo-para-analisar-repactuacao-de-acordo-em-mariana\/\" target=\"_blank\">Governo cria grupo para analisar repactua\u00e7\u00e3o de acordo em Mariana<\/a> appeared first on <a rel=\"nofollow noopener\" href=\"https:\/\/www.infomoney.com.br\/\" target=\"_blank\">InfoMoney<\/a>.<\/p>\n","protected":false},"excerpt":{"rendered":"<p><img loading=\"lazy\" decoding=\"async\" width=\"300\" height=\"201\" src=\"https:\/\/www.infomoney.com.br\/wp-content\/uploads\/2019\/06\/barragem-mariana.jpg?fit=300%2C201&amp;quality=70&amp;strip=all\" class=\"attachment-medium size-medium wp-post-image\" alt=\"\" data-attachment-id=\"43578\" data-permalink=\"https:\/\/www.infomoney.com.br\/barragem-mariana\/\" data-orig-file=\"https:\/\/www.infomoney.com.br\/wp-content\/uploads\/2019\/06\/barragem-mariana.jpg?fit=900%2C602&amp;quality=70&amp;strip=all\" data-orig-size=\"900,602\" data-comments-opened=\"1\" data-image-meta='{\"aperture\":\"0\",\"credit\":\"\",\"camera\":\"\",\"caption\":\"\",\"created_timestamp\":\"0\",\"copyright\":\"\",\"focal_length\":\"0\",\"iso\":\"0\",\"shutter_speed\":\"0\",\"title\":\"\",\"orientation\":\"0\"}' data-image-title=\"barragem-mariana\" data-image-description=\"\" data-image-caption=\"\" data-medium-file=\"https:\/\/www.infomoney.com.br\/wp-content\/uploads\/2019\/06\/barragem-mariana.jpg?fit=300%2C201&amp;quality=70&amp;strip=all\" data-large-file=\"https:\/\/www.infomoney.com.br\/wp-content\/uploads\/2019\/06\/barragem-mariana.jpg?fit=900%2C602&amp;quality=70&amp;strip=all\">Portaria foi publicada nesta segunda-feira no Di\u00e1rio Oficial da Uni\u00e3o<\/p>\n<p>The post <a rel=\"nofollow\" href=\"https:\/\/www.infomoney.com.br\/politica\/governo-cria-grupo-para-analisar-repactuacao-de-acordo-em-mariana\/\">Governo cria grupo para analisar repactua\u00e7\u00e3o de acordo em Mariana<\/a> appeared first on <a rel=\"nofollow\" href=\"https:\/\/www.infomoney.com.br\/\">InfoMoney<\/a>.<\/p>\n","protected":false},"author":44,"featured_media":0,"comment_status":"closed","ping_status":"closed","sticky":false,"template":"","format":"standard","meta":{"advgb_blocks_editor_width":"","advgb_blocks_columns_visual_guide":"","footnotes":""},"categories":[346,34,645,2863,950,47,1297],"tags":[35],"class_list":["post-20395","post","type-post","status-publish","format-standard","hentry","category-diario-oficial-da-uniao","category-g1","category-ibama","category-mariana","category-meio-ambiente","category-politica","category-vale","tag-g1"],"author_meta":{"display_name":"Ag\u00eancia Brasil","author_link":"https:\/\/sindaopcpb.org.br\/author\/agencia-brasil\/"},"featured_img":null,"coauthors":[],"tax_additional":{"categories":{"linked":["<a href=\"https:\/\/sindaopcpb.org.br\/diario-oficial-da-uniao\/\" class=\"advgb-post-tax-term\">Di\u00e1rio Oficial da uni\u00e3o<\/a>","<a href=\"https:\/\/sindaopcpb.org.br\/g1\/\" class=\"advgb-post-tax-term\">G1<\/a>","<a href=\"https:\/\/sindaopcpb.org.br\/ibama\/\" class=\"advgb-post-tax-term\">Ibama<\/a>","<a href=\"https:\/\/sindaopcpb.org.br\/mariana\/\" class=\"advgb-post-tax-term\">Mariana<\/a>","<a href=\"https:\/\/sindaopcpb.org.br\/meio-ambiente\/\" class=\"advgb-post-tax-term\">Meio Ambiente<\/a>","<a href=\"https:\/\/sindaopcpb.org.br\/politica\/\" class=\"advgb-post-tax-term\">POLITICA<\/a>","<a href=\"https:\/\/sindaopcpb.org.br\/vale\/\" class=\"advgb-post-tax-term\">vale<\/a>"],"unlinked":["<span class=\"advgb-post-tax-term\">Di\u00e1rio Oficial da uni\u00e3o<\/span>","<span class=\"advgb-post-tax-term\">G1<\/span>","<span class=\"advgb-post-tax-term\">Ibama<\/span>","<span class=\"advgb-post-tax-term\">Mariana<\/span>","<span class=\"advgb-post-tax-term\">Meio Ambiente<\/span>","<span class=\"advgb-post-tax-term\">POLITICA<\/span>","<span class=\"advgb-post-tax-term\">vale<\/span>"]},"tags":{"linked":["<a href=\"https:\/\/sindaopcpb.org.br\/vale\/\" class=\"advgb-post-tax-term\">g1<\/a>"],"unlinked":["<span class=\"advgb-post-tax-term\">g1<\/span>"]}},"comment_count":"0","relative_dates":{"created":"Publicado 3 anos atr\u00e1s","modified":"Atualizado 3 anos atr\u00e1s"},"absolute_dates":{"created":"Publicado em 12 de junho de 2023","modified":"Atualizado em 12 de junho de 2023"},"absolute_dates_time":{"created":"Publicado em 12 de junho de 2023 11:00","modified":"Atualizado em 12 de junho de 2023 11:00"},"featured_img_caption":"","series_order":"","_links":{"self":[{"href":"https:\/\/sindaopcpb.org.br\/index.php\/wp-json\/wp\/v2\/posts\/20395","targetHints":{"allow":["GET"]}}],"collection":[{"href":"https:\/\/sindaopcpb.org.br\/index.php\/wp-json\/wp\/v2\/posts"}],"about":[{"href":"https:\/\/sindaopcpb.org.br\/index.php\/wp-json\/wp\/v2\/types\/post"}],"author":[{"embeddable":true,"href":"https:\/\/sindaopcpb.org.br\/index.php\/wp-json\/wp\/v2\/users\/44"}],"replies":[{"embeddable":true,"href":"https:\/\/sindaopcpb.org.br\/index.php\/wp-json\/wp\/v2\/comments?post=20395"}],"version-history":[{"count":1,"href":"https:\/\/sindaopcpb.org.br\/index.php\/wp-json\/wp\/v2\/posts\/20395\/revisions"}],"predecessor-version":[{"id":20396,"href":"https:\/\/sindaopcpb.org.br\/index.php\/wp-json\/wp\/v2\/posts\/20395\/revisions\/20396"}],"wp:attachment":[{"href":"https:\/\/sindaopcpb.org.br\/index.php\/wp-json\/wp\/v2\/media?parent=20395"}],"wp:term":[{"taxonomy":"category","embeddable":true,"href":"https:\/\/sindaopcpb.org.br\/index.php\/wp-json\/wp\/v2\/categories?post=20395"},{"taxonomy":"post_tag","embeddable":true,"href":"https:\/\/sindaopcpb.org.br\/index.php\/wp-json\/wp\/v2\/tags?post=20395"}],"curies":[{"name":"wp","href":"https:\/\/api.w.org\/{rel}","templated":true}]}}