{"id":20375,"date":"2023-06-12T09:39:00","date_gmt":"2023-06-12T12:39:00","guid":{"rendered":"https:\/\/www.infomoney.com.br\/?p=2157690"},"modified":"2023-06-12T09:39:00","modified_gmt":"2023-06-12T12:39:00","slug":"agenda-de-haddad-e-alterada-e-inclui-reuniao-com-presidente-lula","status":"publish","type":"post","link":"https:\/\/sindaopcpb.org.br\/index.php\/2023\/06\/12\/agenda-de-haddad-e-alterada-e-inclui-reuniao-com-presidente-lula\/","title":{"rendered":"Agenda de Haddad \u00e9 alterada e inclui reuni\u00e3o com presidente Lula"},"content":{"rendered":"<p><img loading=\"lazy\" width=\"300\" height=\"198\" src=\"https:\/\/www.infomoney.com.br\/wp-content\/uploads\/2023\/03\/52744412847_98643cb95a_c-e1678724095291.jpg?fit=300%2C198&amp;quality=70&amp;strip=all\" class=\"attachment-medium size-medium wp-post-image\" alt=\"Ministro da Fazenda, Fernando Haddad\" decoding=\"async\" style=\"float:right; margin:0 0 10px 10px;\" srcset=\"https:\/\/www.infomoney.com.br\/wp-content\/uploads\/2023\/03\/52744412847_98643cb95a_c-e1678724095291.jpg?w=605&amp;quality=70&amp;strip=all 605w, https:\/\/www.infomoney.com.br\/wp-content\/uploads\/2023\/03\/52744412847_98643cb95a_c-e1678724095291.jpg?w=300&amp;quality=70&amp;strip=all 300w, https:\/\/www.infomoney.com.br\/wp-content\/uploads\/2023\/03\/52744412847_98643cb95a_c-e1678724095291.jpg?w=150&amp;quality=70&amp;strip=all 150w\" sizes=\"auto, (max-width: 300px) 100vw, 300px\" data-attachment-id=\"2079540\" data-permalink=\"https:\/\/www.infomoney.com.br\/negocios\/trunfo-fiscal-do-governo-decisao-do-stj-sobre-beneficios-de-icms-ainda-gera-duvidas\/attachment\/52744412847_98643cb95a_c\/\" data-orig-file=\"https:\/\/www.infomoney.com.br\/wp-content\/uploads\/2023\/03\/52744412847_98643cb95a_c-e1678724095291.jpg?fit=605%2C399&amp;quality=70&amp;strip=all\" data-orig-size=\"605,399\" data-comments-opened=\"0\" data-image-meta=\"{&quot;aperture&quot;:&quot;0&quot;,&quot;credit&quot;:&quot;&quot;,&quot;camera&quot;:&quot;&quot;,&quot;caption&quot;:&quot;&quot;,&quot;created_timestamp&quot;:&quot;0&quot;,&quot;copyright&quot;:&quot;&quot;,&quot;focal_length&quot;:&quot;0&quot;,&quot;iso&quot;:&quot;0&quot;,&quot;shutter_speed&quot;:&quot;0&quot;,&quot;title&quot;:&quot;&quot;,&quot;orientation&quot;:&quot;0&quot;}\" data-image-title=\"Ministro da Fazenda, Fernando Haddad\" data-image-description=\"&lt;p&gt;Ministro da Fazenda, Fernando Haddad&lt;\/p&gt;\n\" data-image-caption=\"&lt;p&gt;Diogo Zacarias\/Minist\u00e9rio da Fazenda&lt;\/p&gt;\n\" data-medium-file=\"https:\/\/www.infomoney.com.br\/wp-content\/uploads\/2023\/03\/52744412847_98643cb95a_c-e1678724095291.jpg?fit=300%2C198&amp;quality=70&amp;strip=all\" data-large-file=\"https:\/\/www.infomoney.com.br\/wp-content\/uploads\/2023\/03\/52744412847_98643cb95a_c-e1678724095291.jpg?fit=605%2C399&amp;quality=70&amp;strip=all\" title=\"\"><\/p>\n<p>A agenda do ministro da Fazenda, Fernando Haddad, desta segunda-feira (12), foi alterada e agora inclui reuni\u00e3o com o presidente Luiz In\u00e1cio Lula da Silva, \u00e0s 15h, no Pal\u00e1cio do Planalto. O encontro j\u00e1 constava da agenda presidencial, que ter\u00e1 ainda as presen\u00e7as do vice-presidente e ministro do Desenvolvimento, Ind\u00fastria, Com\u00e9rcio e Servi\u00e7os, Geraldo Alckmin; dos ministros da Casa Civil, Rui Costa; da Secretaria-Geral, M\u00e1rcio Macedo; de Rela\u00e7\u00f5es Institucionais, Alexandre Padilha; da Comunica\u00e7\u00e3o Social, Paulo Pimenta; dos l\u00edderes do governo no Congresso, senador Randolfe Rodrigues; no Senado, senador Jaques Wagner; na C\u00e2mara, deputado Jos\u00e9 Guimar\u00e3es; e o chefe do gabinete pessoal do presidente, Marco Aur\u00e9lio Marcola.<\/p>\n<p>Al\u00e9m desse compromisso, Haddad participa logo \u00e0s 10h, da cerim\u00f4nia de lan\u00e7amento do Compromisso Nacional Crian\u00e7a Alfabetizada, no Pal\u00e1cio do Planalto.<\/p>\n<p>\u00c0s 11h, o ministro recebe o presidente da Embratur, Marcelo Freixo, na sede do minist\u00e9rio em Bras\u00edlia. A reuni\u00e3o com o governador do Cear\u00e1, Elmano de Freitas, inicialmente prevista para \u00e0s 15h, foi antecipada para as 14h, com a inclus\u00e3o na agenda da reuni\u00e3o com o presidente Lula.<\/p>\n<p>The post <a rel=\"nofollow noopener\" href=\"https:\/\/www.infomoney.com.br\/politica\/agenda-de-haddad-e-alterada-e-inclui-reuniao-com-presidente-lula\/\" target=\"_blank\">Agenda de Haddad \u00e9 alterada e inclui reuni\u00e3o com presidente Lula<\/a> appeared first on <a rel=\"nofollow noopener\" href=\"https:\/\/www.infomoney.com.br\/\" target=\"_blank\">InfoMoney<\/a>.<\/p>\n","protected":false},"excerpt":{"rendered":"<p><img loading=\"lazy\" decoding=\"async\" width=\"300\" height=\"198\" src=\"https:\/\/www.infomoney.com.br\/wp-content\/uploads\/2023\/03\/52744412847_98643cb95a_c-e1678724095291.jpg?fit=300%2C198&amp;quality=70&amp;strip=all\" class=\"attachment-medium size-medium wp-post-image\" alt=\"Ministro da Fazenda, Fernando Haddad\" data-attachment-id=\"2079540\" data-permalink=\"https:\/\/www.infomoney.com.br\/negocios\/trunfo-fiscal-do-governo-decisao-do-stj-sobre-beneficios-de-icms-ainda-gera-duvidas\/attachment\/52744412847_98643cb95a_c\/\" data-orig-file=\"https:\/\/www.infomoney.com.br\/wp-content\/uploads\/2023\/03\/52744412847_98643cb95a_c-e1678724095291.jpg?fit=605%2C399&amp;quality=70&amp;strip=all\" data-orig-size=\"605,399\" data-comments-opened=\"0\" data-image-meta='{\"aperture\":\"0\",\"credit\":\"\",\"camera\":\"\",\"caption\":\"\",\"created_timestamp\":\"0\",\"copyright\":\"\",\"focal_length\":\"0\",\"iso\":\"0\",\"shutter_speed\":\"0\",\"title\":\"\",\"orientation\":\"0\"}' data-image-title=\"Ministro da Fazenda, Fernando Haddad\" data-image-description=\"&lt;p&gt;Ministro da Fazenda, Fernando Haddad&lt;\/p&gt;\n\" data-image-caption=\"&lt;p&gt;Diogo Zacarias\/Minist\u00e9rio da Fazenda&lt;\/p&gt;\n\" data-medium-file=\"https:\/\/www.infomoney.com.br\/wp-content\/uploads\/2023\/03\/52744412847_98643cb95a_c-e1678724095291.jpg?fit=300%2C198&amp;quality=70&amp;strip=all\" data-large-file=\"https:\/\/www.infomoney.com.br\/wp-content\/uploads\/2023\/03\/52744412847_98643cb95a_c-e1678724095291.jpg?fit=605%2C399&amp;quality=70&amp;strip=all\">Encontro j\u00e1 constava da agenda presidencial e ter\u00e1 presen\u00e7as de outros ministros<\/p>\n<p>The post <a rel=\"nofollow\" href=\"https:\/\/www.infomoney.com.br\/politica\/agenda-de-haddad-e-alterada-e-inclui-reuniao-com-presidente-lula\/\">Agenda de Haddad \u00e9 alterada e inclui reuni\u00e3o com presidente Lula<\/a> appeared first on <a rel=\"nofollow\" href=\"https:\/\/www.infomoney.com.br\/\">InfoMoney<\/a>.<\/p>\n","protected":false},"author":43,"featured_media":0,"comment_status":"closed","ping_status":"closed","sticky":false,"template":"","format":"standard","meta":{"advgb_blocks_editor_width":"","advgb_blocks_columns_visual_guide":"","footnotes":""},"categories":[109,34,129,130,47],"tags":[35],"class_list":["post-20375","post","type-post","status-publish","format-standard","hentry","category-fernando-haddad","category-g1","category-luiz-inacio-lula-da-silva","category-ministerio-da-fazenda","category-politica","tag-g1"],"author_meta":{"display_name":"Estad\u00e3o Conte\u00fado","author_link":"https:\/\/sindaopcpb.org.br\/author\/estadao-conteudo\/"},"featured_img":null,"coauthors":[],"tax_additional":{"categories":{"linked":["<a href=\"https:\/\/sindaopcpb.org.br\/fernando-haddad\/\" class=\"advgb-post-tax-term\">FERNANDO HADDAD<\/a>","<a href=\"https:\/\/sindaopcpb.org.br\/g1\/\" class=\"advgb-post-tax-term\">G1<\/a>","<a href=\"https:\/\/sindaopcpb.org.br\/luiz-inacio-lula-da-silva\/\" class=\"advgb-post-tax-term\">Luiz In\u00e1cio Lula da Silva<\/a>","<a href=\"https:\/\/sindaopcpb.org.br\/ministerio-da-fazenda\/\" class=\"advgb-post-tax-term\">Minist\u00e9rio da Fazenda<\/a>","<a href=\"https:\/\/sindaopcpb.org.br\/politica\/\" class=\"advgb-post-tax-term\">POLITICA<\/a>"],"unlinked":["<span class=\"advgb-post-tax-term\">FERNANDO HADDAD<\/span>","<span class=\"advgb-post-tax-term\">G1<\/span>","<span class=\"advgb-post-tax-term\">Luiz In\u00e1cio Lula da Silva<\/span>","<span class=\"advgb-post-tax-term\">Minist\u00e9rio da Fazenda<\/span>","<span class=\"advgb-post-tax-term\">POLITICA<\/span>"]},"tags":{"linked":["<a href=\"https:\/\/sindaopcpb.org.br\/politica\/\" class=\"advgb-post-tax-term\">g1<\/a>"],"unlinked":["<span class=\"advgb-post-tax-term\">g1<\/span>"]}},"comment_count":"0","relative_dates":{"created":"Publicado 3 anos atr\u00e1s","modified":"Atualizado 3 anos atr\u00e1s"},"absolute_dates":{"created":"Publicado em 12 de junho de 2023","modified":"Atualizado em 12 de junho de 2023"},"absolute_dates_time":{"created":"Publicado em 12 de junho de 2023 09:39","modified":"Atualizado em 12 de junho de 2023 09:39"},"featured_img_caption":"","series_order":"","_links":{"self":[{"href":"https:\/\/sindaopcpb.org.br\/index.php\/wp-json\/wp\/v2\/posts\/20375","targetHints":{"allow":["GET"]}}],"collection":[{"href":"https:\/\/sindaopcpb.org.br\/index.php\/wp-json\/wp\/v2\/posts"}],"about":[{"href":"https:\/\/sindaopcpb.org.br\/index.php\/wp-json\/wp\/v2\/types\/post"}],"author":[{"embeddable":true,"href":"https:\/\/sindaopcpb.org.br\/index.php\/wp-json\/wp\/v2\/users\/43"}],"replies":[{"embeddable":true,"href":"https:\/\/sindaopcpb.org.br\/index.php\/wp-json\/wp\/v2\/comments?post=20375"}],"version-history":[{"count":1,"href":"https:\/\/sindaopcpb.org.br\/index.php\/wp-json\/wp\/v2\/posts\/20375\/revisions"}],"predecessor-version":[{"id":20376,"href":"https:\/\/sindaopcpb.org.br\/index.php\/wp-json\/wp\/v2\/posts\/20375\/revisions\/20376"}],"wp:attachment":[{"href":"https:\/\/sindaopcpb.org.br\/index.php\/wp-json\/wp\/v2\/media?parent=20375"}],"wp:term":[{"taxonomy":"category","embeddable":true,"href":"https:\/\/sindaopcpb.org.br\/index.php\/wp-json\/wp\/v2\/categories?post=20375"},{"taxonomy":"post_tag","embeddable":true,"href":"https:\/\/sindaopcpb.org.br\/index.php\/wp-json\/wp\/v2\/tags?post=20375"}],"curies":[{"name":"wp","href":"https:\/\/api.w.org\/{rel}","templated":true}]}}