{"id":20198,"date":"2023-06-10T04:36:17","date_gmt":"2023-06-10T07:36:17","guid":{"rendered":"https:\/\/g1.globo.com\/pb\/paraiba\/sao-joao\/2023\/noticia\/2023\/06\/10\/eliane-cobra-valorizacao-do-forro-nas-festas-juninas-em-apresentacao-no-sao-joao-2023-de-campina-grande-vamos-respeitar.ghtml"},"modified":"2023-06-10T04:36:17","modified_gmt":"2023-06-10T07:36:17","slug":"eliane-cobra-valorizacao-do-forro-nas-festas-juninas-em-apresentacao-no-sao-joao-2023-de-campina-grande-vamos-respeitar","status":"publish","type":"post","link":"https:\/\/sindaopcpb.org.br\/index.php\/2023\/06\/10\/eliane-cobra-valorizacao-do-forro-nas-festas-juninas-em-apresentacao-no-sao-joao-2023-de-campina-grande-vamos-respeitar\/","title":{"rendered":"Eliane cobra valoriza\u00e7\u00e3o do forr\u00f3 nas festas juninas em apresenta\u00e7\u00e3o no S\u00e3o Jo\u00e3o 2023 de Campina Grande: \u2018vamos respeitar\u2019"},"content":{"rendered":"   <img src=\"https:\/\/s2.glbimg.com\/Sgqgj_acXlrw1ffLIIspUQgg_Us=\/i.s3.glbimg.com\/v1\/AUTH_59edd422c0c84a879bd37670ae4f538a\/internal_photos\/bs\/2023\/l\/w\/fLSIM6QAuZr5VGvEpe4g\/20230609221507-img-8566.jpg\" \/><br \/>     \u2018Rainha do Forr\u00f3\u2019, como \u00e9 conhecida a cantora, defendeu uma maior valoriza\u00e7\u00e3o do forr\u00f3 nas festas juninas. Eliane no S\u00e3o Jo\u00e3o 2023 de Campina Grande\nDaniel Galdino\nA cantora Eliane, conhecida como a \u2018Rainha do Forr\u00f3\u2019, se apresentou na noite desta sexta-feira (9) no palco principal do Parque do Povo no S\u00e3o Jo\u00e3o 2023 de Campina Grande, Agreste da Para\u00edba, e defendeu uma maior valoriza\u00e7\u00e3o do forr\u00f3 nas festas juninas.\n\u201cQue o forr\u00f3 nunca se acabe. Jamais. N\u00e3o vamos deixar isso acontecer. Vamos valorizar, vamos respeitar\u201d, disparou a cantora.\nCompartilhe no WhatsApp\nCompartilhe no Telegram\nNo palco do Parque do Povo, o repert\u00f3rio de Eliane foi composto por m\u00fasicas que se tornaram s\u00edmbolo do forr\u00f3 e marcaram sua trajet\u00f3ria na m\u00fasica, como \u201cAmor ou Paix\u00e3o\u201d, \u201cBrilho da Lua\u201d e \u201cSonho Lindo\u201d.\nEm 2023, Eliane est\u00e1 completando quatro d\u00e9cadas de carreira, e comentou, ap\u00f3s se apresentar ao p\u00fablico, que \u00e9 grata pela carreira que construiu e que o que lhe move a continuar se apresentando nos palcos, levando forr\u00f3 para os brasileiros, \u00e9 a paix\u00e3o que tem pela profiss\u00e3o. \n\u201cEsses 40 anos n\u00e3o foram brincadeira, at\u00e9 porque 40 anos n\u00e3o s\u00e3o 40 dias. Lutando desde os dois anos de idade com meu pai, me vendo como uma artista, e hoje estou aqui pelo lindo amor que tenho pela minha profiss\u00e3o\u201d, comentou a cantora sobre os 40 anos de sua carreia. \nLEIA TAMB\u00c9M:\nSHOWS: confira a programa\u00e7\u00e3o do S\u00e3o Jo\u00e3o 2023 de Campina Grande\nS\u00c3O JO\u00c3O: saiba tudo sobre as festas juninas na Para\u00edba em 2023\nCom 40 anos de carreira, Eliane n\u00e3o para por a\u00ed e quer muito mais. A cantora cearense comentou que ainda tem muito g\u00e1s para se apresentar nos palcos, levando muito forr\u00f3 para o p\u00fablico, e quer ter muitos anos de carreira na m\u00fasica.\n\u201cEu quero mais, quero chegar como Tina Turner. [Quero ter] uma carreira brilhante, maravilhosa, e ter muita for\u00e7a para continuar cantando nos palcos\u201d, projetou Eliane.\nTarc\u00edsio do Acordeon e Taty Girl animam forrozeiros no Parque do Povo\nTaty Girl no S\u00e3o Jo\u00e3o 2023 de Campina Grande\nErickson Nogueira\/g1\nLogo ap\u00f3s a apresenta\u00e7\u00e3o de Eliane, quem subiu ao palco foi a cantora Taty Girl, que trouxe um repert\u00f3rio recheado de sucessos de sua carreira e, tamb\u00e9m, do forr\u00f3. Antes de subir ao palco, Taty Girl disse que o repert\u00f3rio preparado para o show desta noite deixaria o p\u00fablico nost\u00e1lgico.\n\u201cUm misto de tudo, preparei um repert\u00f3rio bem especial, sou raiz, gosto de forr\u00f3 antigo. Eu vivo disso e hoje vai ter um \u2018ba\u00fa\u2019 diferente\u201d, disse a cantora. \nNo show de Taty, sucessos como \u201cVoc\u00ea N\u00e3o Tem Saudade\u201d, \u201cLouca\u201d e \u201cSe N\u00e3o Valorizar\u201d fizeram o p\u00fablico cantar alto no Quartel General do Forr\u00f3. Al\u00e9m disso, o show pirot\u00e9cnico no palco, uma marca das apresenta\u00e7\u00f5es da artista, foi um dos pontos mais aguardados pelo p\u00fablico presente na festa. A cantora se apresentou at\u00e9 as 1h.\nTarc\u00edsio do Acordeon no S\u00e3o Jo\u00e3o 2023 de Campina Grande\nErickson Nogueira\/g1\nDepois do show animado de Taty Girl, quem se apresentou foi Tarc\u00edsio do Acordeon, bastante aguardado pelo p\u00fablico na festa. Pela primeira vez se apresentando no palco principal do Parque do Povo, Tarc\u00edsio comemorou a import\u00e2ncia de se apresentar no evento e reafirmou a ansiedade antes de subir ao palco para iniciar seu show.\n\u201cMuito feliz, mas ao mesmo tempo muito nervoso. Eu que trago um instrumento como a sanfona, a responsabilidade \u00e9 muito grande\u201d, comentou o cantor.\nEm Campina Grande, a noite de sexta-feira (9) foi de muita chuva. O Instituto Nacional de Meteorologia (Inmet) havia emitido um alerta laranja de perigo potencial de acumulado de chuva para a cidade, mas, na hora do show de Tarc\u00edsio, o temporal deu uma tr\u00e9gua e a apresenta\u00e7\u00e3o do artista p\u00f4de ser apreciada com o tempo firme no Parque do Povo.\n\u201cS\u00e3o Pedro deu uma estiada para a gente subir no palco e esquentar a galera. T\u00f4 pronto, preparado e querendo\u201d, comentou Tarc\u00edsio sobre a tr\u00e9gua na chuva sobre o Parque do Povo antes de iniciar o show.\nNo repert\u00f3rio de Tarc\u00edsio n\u00e3o p\u00f4de faltar sucessos que o consagraram no mercado da m\u00fasica nacional. \u201cChorei na Vaquejada\u201d, \u201cProte\u00e7\u00e3o de Tela\u201d e \u201cDeixa Eu Te Superar\u201d foram alguns dos sucessos cantados por Tarc\u00edsio, que animou o p\u00fablico presente no Parque do Povo, principalmente quem estava na grade pr\u00f3ximo ao palco, onde os f\u00e3s cantavam alto e choravam de alegria com as m\u00fasicas do artista. A apresenta\u00e7\u00e3o de Tarc\u00edsio se estendeu at\u00e9 as 3h.\nPrograma\u00e7\u00e3o \nNeste s\u00e1bado (10), o S\u00e3o Jo\u00e3o 2023 de Campina Grande ter\u00e1 shows de Felipe Amorim, Simone Mendes, Jap\u00e3ozin e Iohannes. As apresenta\u00e7\u00f5es no palco principal do Parque do Povo come\u00e7am \u00e0s 18h30 e seguem at\u00e9 as 3h.\nV\u00eddeos mais assistidos do g1 Para\u00edba  ","protected":false},"excerpt":{"rendered":"<p>        \u2018Rainha do Forr\u00f3\u2019, como \u00e9 conhecida a cantora, defendeu uma maior valoriza\u00e7\u00e3o do forr\u00f3 nas festas juninas. Eliane no S\u00e3o Jo\u00e3o 2023 de Campina Grande<br \/>\nDaniel Galdino<br \/>\nA cantora Eliane, conhecida como a \u2018Rainha do Forr\u00f3\u2019, se apresentou na noite des&#8230;<\/p>\n","protected":false},"author":2,"featured_media":0,"comment_status":"closed","ping_status":"closed","sticky":false,"template":"","format":"standard","meta":{"advgb_blocks_editor_width":"","advgb_blocks_columns_visual_guide":"","footnotes":""},"categories":[34],"tags":[35],"class_list":["post-20198","post","type-post","status-publish","format-standard","hentry","category-g1","tag-g1"],"author_meta":{"display_name":"g1 &gt; Para\u00edba","author_link":"https:\/\/sindaopcpb.org.br\/author\/g1-paraiba\/"},"featured_img":null,"coauthors":[],"tax_additional":{"categories":{"linked":["<a href=\"https:\/\/sindaopcpb.org.br\/g1\/\" class=\"advgb-post-tax-term\">G1<\/a>"],"unlinked":["<span class=\"advgb-post-tax-term\">G1<\/span>"]},"tags":{"linked":["<a href=\"https:\/\/sindaopcpb.org.br\/g1\/\" class=\"advgb-post-tax-term\">g1<\/a>"],"unlinked":["<span class=\"advgb-post-tax-term\">g1<\/span>"]}},"comment_count":"0","relative_dates":{"created":"Publicado 3 anos atr\u00e1s","modified":"Atualizado 3 anos atr\u00e1s"},"absolute_dates":{"created":"Publicado em 10 de junho de 2023","modified":"Atualizado em 10 de junho de 2023"},"absolute_dates_time":{"created":"Publicado em 10 de junho de 2023 04:36","modified":"Atualizado em 10 de junho de 2023 04:36"},"featured_img_caption":"","series_order":"","_links":{"self":[{"href":"https:\/\/sindaopcpb.org.br\/index.php\/wp-json\/wp\/v2\/posts\/20198","targetHints":{"allow":["GET"]}}],"collection":[{"href":"https:\/\/sindaopcpb.org.br\/index.php\/wp-json\/wp\/v2\/posts"}],"about":[{"href":"https:\/\/sindaopcpb.org.br\/index.php\/wp-json\/wp\/v2\/types\/post"}],"author":[{"embeddable":true,"href":"https:\/\/sindaopcpb.org.br\/index.php\/wp-json\/wp\/v2\/users\/2"}],"replies":[{"embeddable":true,"href":"https:\/\/sindaopcpb.org.br\/index.php\/wp-json\/wp\/v2\/comments?post=20198"}],"version-history":[{"count":1,"href":"https:\/\/sindaopcpb.org.br\/index.php\/wp-json\/wp\/v2\/posts\/20198\/revisions"}],"predecessor-version":[{"id":20199,"href":"https:\/\/sindaopcpb.org.br\/index.php\/wp-json\/wp\/v2\/posts\/20198\/revisions\/20199"}],"wp:attachment":[{"href":"https:\/\/sindaopcpb.org.br\/index.php\/wp-json\/wp\/v2\/media?parent=20198"}],"wp:term":[{"taxonomy":"category","embeddable":true,"href":"https:\/\/sindaopcpb.org.br\/index.php\/wp-json\/wp\/v2\/categories?post=20198"},{"taxonomy":"post_tag","embeddable":true,"href":"https:\/\/sindaopcpb.org.br\/index.php\/wp-json\/wp\/v2\/tags?post=20198"}],"curies":[{"name":"wp","href":"https:\/\/api.w.org\/{rel}","templated":true}]}}