{"id":20170,"date":"2023-06-09T16:23:45","date_gmt":"2023-06-09T19:23:45","guid":{"rendered":"https:\/\/g1.globo.com\/pb\/paraiba\/noticia\/2023\/06\/09\/casas-ficam-alagadas-em-comunidade-de-joao-pessoa-apos-fortes-chuvas.ghtml"},"modified":"2023-06-09T16:23:45","modified_gmt":"2023-06-09T19:23:45","slug":"casas-ficam-alagadas-em-comunidade-de-joao-pessoa-apos-fortes-chuvas","status":"publish","type":"post","link":"https:\/\/sindaopcpb.org.br\/index.php\/2023\/06\/09\/casas-ficam-alagadas-em-comunidade-de-joao-pessoa-apos-fortes-chuvas\/","title":{"rendered":"Casas ficam alagadas em comunidade de Jo\u00e3o Pessoa ap\u00f3s fortes chuvas"},"content":{"rendered":"   <img src=\"https:\/\/s2.glbimg.com\/r8s6aC7M9wDBkeM0UHprnHkQjJc=\/i.s3.glbimg.com\/v1\/AUTH_59edd422c0c84a879bd37670ae4f538a\/internal_photos\/bs\/2023\/F\/U\/iZXq7mR3SDSFwWQQ17AQ\/chuvas-comunidade-torre.jpg\" \/><br \/>     \u00c1gua costuma atingir a comunidade todos os anos no per\u00edodo de chuvas. Defesa Civil afirma estar assistindo as fam\u00edlias. Moradores ficam ilhados ap\u00f3s casas alagarem durante as chuvas em Jo\u00e3o Pessoa.\nReprodu\u00e7\u00e3o\/TV Cabo Branco\nOs moradores da comunidade Padre Hildon Bandeira, no bairro da Torre, ficaram ilhados ap\u00f3s casas alagarem durante chuvas nesta sexta-feira (9), em Jo\u00e3o Pessoa.\nA popula\u00e7\u00e3o no local informou a TV Cabo Branco que a \u00e1gua come\u00e7ou a entrar nas casas durante a madrugada desta sexta-feira (9), nas casas mais pr\u00f3ximas do Rio Jaguaribe. O volume da \u00e1gua continuou a subir conforme as chuvas fortes registradas na capital paraibana. \nOs moradores informaram ainda que a \u00e1gua que invadiu as casas n\u00e3o \u00e9 apenas da chuva, mas que \u00e1gua do esgoto estava retornando para as resid\u00eancias pela encana\u00e7\u00e3o. Segundo eles, a situa\u00e7\u00e3o melhora quando o rio \u00e9 dragado, o que n\u00e3o aconteceu.\nA \u00e1gua costuma atingir a comunidade todos os anos no per\u00edodo de chuvas. Joelma, residente da Comunidade afirma que j\u00e1 perdeu m\u00f3veis em outro alagamento. \"J\u00e1 aconteceu. J\u00e1 perdi tudo que tinha, j\u00e1 comprei de novo e estou prestes a perder tudo de novo\", disse em entrevista \u00e0 TV Cabo Branco.\nAp\u00f3s chuvas, casas ficam alagadas em comunidade em Jo\u00e3o Pessoa\nSegundo Joelma, se a situa\u00e7\u00e3o piorar as pessoas v\u00e3o ter que deixar suas casas. Mas muitas pessoas preferem ficar para tentar salvar m\u00f3veis e eletrodom\u00e9sticos de serem danificados pela \u00e1gua.\nDe acordo com Kelson Chaves, coordenador da Defesa Civil, as fam\u00edlias j\u00e1 est\u00e3o sendo assistidas por assistentes sociais da defesa civil que est\u00e3o na comunidade desde a manh\u00e3 desta sexta-feira (9) e que j\u00e1 est\u00e3o sendo providenciado \u00e1gua pot\u00e1vel e alimenta\u00e7\u00e3o para os moradores. \nAinda de acordo com o coordenador, em raz\u00e3o do risco de novas inunda\u00e7\u00f5es, algumas fam\u00edlias j\u00e1 est\u00e3o inseridas em programas da prefeitura para serem beneficiadas com moradia e provisoriamente receberem aux\u00edlios at\u00e9 receberem im\u00f3veis definitivos em um local seguro. \nUm ter\u00e7o das chuvas do m\u00eas\nO volume de chuvas que caiu em Jo\u00e3o Pessoa nas \u00faltimas 24 horas \u00e9 um ter\u00e7o do esperado para todo o m\u00eas de junho na capital paraibana. A cidade registrou 121 mil\u00edmetros entre a quinta-feira (8) e a manh\u00e3 desta sexta-feira (9) .No total, era esperado para todo o m\u00eas um acumulado de cerca de 300 mil\u00edmetros. Os s\u00e3o dados da Ag\u00eancia Executiva de Gest\u00e3o das \u00c1guas (Aesa)\nV\u00eddeos mais assistidos do g1 Para\u00edba  ","protected":false},"excerpt":{"rendered":"<p>        \u00c1gua costuma atingir a comunidade todos os anos no per\u00edodo de chuvas. Defesa Civil afirma estar assistindo as fam\u00edlias. Moradores ficam ilhados ap\u00f3s casas alagarem durante as chuvas em Jo\u00e3o Pessoa.<br \/>\nReprodu\u00e7\u00e3o\/TV Cabo Branco<br \/>\nOs moradores da comu&#8230;<\/p>\n","protected":false},"author":2,"featured_media":0,"comment_status":"closed","ping_status":"closed","sticky":false,"template":"","format":"standard","meta":{"advgb_blocks_editor_width":"","advgb_blocks_columns_visual_guide":"","footnotes":""},"categories":[34],"tags":[35],"class_list":["post-20170","post","type-post","status-publish","format-standard","hentry","category-g1","tag-g1"],"author_meta":{"display_name":"g1 &gt; Para\u00edba","author_link":"https:\/\/sindaopcpb.org.br\/author\/g1-paraiba\/"},"featured_img":null,"coauthors":[],"tax_additional":{"categories":{"linked":["<a href=\"https:\/\/sindaopcpb.org.br\/g1\/\" class=\"advgb-post-tax-term\">G1<\/a>"],"unlinked":["<span class=\"advgb-post-tax-term\">G1<\/span>"]},"tags":{"linked":["<a href=\"https:\/\/sindaopcpb.org.br\/g1\/\" class=\"advgb-post-tax-term\">g1<\/a>"],"unlinked":["<span class=\"advgb-post-tax-term\">g1<\/span>"]}},"comment_count":"0","relative_dates":{"created":"Publicado 3 anos atr\u00e1s","modified":"Atualizado 3 anos atr\u00e1s"},"absolute_dates":{"created":"Publicado em 9 de junho de 2023","modified":"Atualizado em 9 de junho de 2023"},"absolute_dates_time":{"created":"Publicado em 9 de junho de 2023 16:23","modified":"Atualizado em 9 de junho de 2023 16:23"},"featured_img_caption":"","series_order":"","_links":{"self":[{"href":"https:\/\/sindaopcpb.org.br\/index.php\/wp-json\/wp\/v2\/posts\/20170","targetHints":{"allow":["GET"]}}],"collection":[{"href":"https:\/\/sindaopcpb.org.br\/index.php\/wp-json\/wp\/v2\/posts"}],"about":[{"href":"https:\/\/sindaopcpb.org.br\/index.php\/wp-json\/wp\/v2\/types\/post"}],"author":[{"embeddable":true,"href":"https:\/\/sindaopcpb.org.br\/index.php\/wp-json\/wp\/v2\/users\/2"}],"replies":[{"embeddable":true,"href":"https:\/\/sindaopcpb.org.br\/index.php\/wp-json\/wp\/v2\/comments?post=20170"}],"version-history":[{"count":1,"href":"https:\/\/sindaopcpb.org.br\/index.php\/wp-json\/wp\/v2\/posts\/20170\/revisions"}],"predecessor-version":[{"id":20171,"href":"https:\/\/sindaopcpb.org.br\/index.php\/wp-json\/wp\/v2\/posts\/20170\/revisions\/20171"}],"wp:attachment":[{"href":"https:\/\/sindaopcpb.org.br\/index.php\/wp-json\/wp\/v2\/media?parent=20170"}],"wp:term":[{"taxonomy":"category","embeddable":true,"href":"https:\/\/sindaopcpb.org.br\/index.php\/wp-json\/wp\/v2\/categories?post=20170"},{"taxonomy":"post_tag","embeddable":true,"href":"https:\/\/sindaopcpb.org.br\/index.php\/wp-json\/wp\/v2\/tags?post=20170"}],"curies":[{"name":"wp","href":"https:\/\/api.w.org\/{rel}","templated":true}]}}