{"id":20145,"date":"2023-06-09T13:06:57","date_gmt":"2023-06-09T16:06:57","guid":{"rendered":"https:\/\/g1.globo.com\/pb\/paraiba\/noticia\/2023\/06\/09\/joao-pessoa-tem-um-terco-do-volume-de-chuvas-esperado-para-junho-em-24-horas.ghtml"},"modified":"2023-06-09T13:06:57","modified_gmt":"2023-06-09T16:06:57","slug":"joao-pessoa-tem-um-terco-do-volume-de-chuvas-esperado-para-junho-em-24-horas","status":"publish","type":"post","link":"https:\/\/sindaopcpb.org.br\/index.php\/2023\/06\/09\/joao-pessoa-tem-um-terco-do-volume-de-chuvas-esperado-para-junho-em-24-horas\/","title":{"rendered":"Jo\u00e3o Pessoa tem um ter\u00e7o do volume de chuvas esperado para junho em 24 horas"},"content":{"rendered":"   <img src=\"https:\/\/s2.glbimg.com\/ekHXHKKnaDE172-iKXkJpCzgMAM=\/i.s3.glbimg.com\/v1\/AUTH_59edd422c0c84a879bd37670ae4f538a\/internal_photos\/bs\/2023\/w\/w\/k6h1JkSVm271LplB8BLg\/chuva-jp-.jpg\" \/><br \/>     Entre a quinta (8) e a sexta (9) choveu mais de 100 mil\u00edmetros na capital paraibana. Dados s\u00e3o da Ag\u00eancia Executiva de Gest\u00e3o das \u00c1guas (Aesa).  Chuva em Jo\u00e3o Pessoa\nTV Cabo Branco\/Reprodu\u00e7\u00e3o\nO volume de chuvas que caiu em Jo\u00e3o Pessoa nas \u00faltimas 24 horas \u00e9 um ter\u00e7o do esperado para todo o m\u00eas de junho na capital paraibana. A cidade registrou 121 mil\u00edmetros entre a quinta-feira (8) e a manh\u00e3 desta sexta-feira (9) .No total, era esperado para todo o m\u00eas um acumulado de cerca de 300 mil\u00edmetros. Os s\u00e3o dados da Ag\u00eancia Executiva de Gest\u00e3o das \u00c1guas (Aesa)\nDe acordo com informa\u00e7\u00f5es da meteorologista da Aesa, Marle Bandeira, essa foi a maior quantidade de chuva registrada em Jo\u00e3o Pessoa em todo o ano de 2023. At\u00e9 a atual data, 1.042,1mm j\u00e1 foram registrados na cidade desde 1\u00ba de janeiro. \nNa capital, bairros como Tambauzinho, Mana\u00edra e Centro, foram os locais com mais chuvas nas \u00faltimas 24 horas. Tambauzinho, por exemplo, teve mais de 100 mil\u00edmetros de chuvas registradas nesse per\u00edodo. \nJo\u00e3o Pessoa registrou diversos pontos de alagamentos por causa das chuvas. Foram registrados problemas em bairros como Banc\u00e1rios, Cabo Branco, Castelo Branco, Cristo Redentor e Geisel.\nNa avenida Francisca Moura, no Centro, um carro caiu dentro de um buraco que se abriu. \nChuvas na regi\u00e3o \nEm cidades na regi\u00e3o de Jo\u00e3o Pessoa, como Santa Rita e Lucena, o volume foi ainda maior. Em Santa Rita, por exemplo, conforme a Aesa, choveu cerca de 135,8 mil\u00edmetros, e em Lucena ainda mais, 178,4 mil\u00edmetros. \nO Instituto Nacional de Meteorologia (Inmet) emitiu, nesta sexta-feira (9), dois alertas de perigo de acumulado de chuvas, sendo um alerta laranja de perigo potencial de acumulado de chuvas para Jo\u00e3o Pessoa e mais 25 cidades, al\u00e9m de um alerta amarelo de acumalado de chuvas para 72 munc\u00edpios. \nNos munic\u00edpios sob alerta laranja, h\u00e1 risco de alagamentos, deslizamentos de encostas e transbordamentos de rios. A previs\u00e3o \u00e9 de chuvas entre 30 a 60 mil\u00edmetros por hora ou 50 a 100 mil\u00edmetros por dia. \nJ\u00e1 nas cidades sob alerta amarelo, h\u00e1 baixo risco de alagamentos e pequenos deslizamentos. A previs\u00e3o \u00e9 de chuvas entre 30 a 60 mil\u00edmetros por hora ou 50 a 100 mil\u00edmetros por dia. \nCaso haja algum problema, o Inmet orienta que as pessoas entrem em contato com a Defesa Civil, por meio do n\u00famero 199, e com o Corpo de Bombeiros, por meio do n\u00famero 193.\nV\u00eddeos mais assistidos do g1 Para\u00edba  ","protected":false},"excerpt":{"rendered":"<p>        Entre a quinta (8) e a sexta (9) choveu mais de 100 mil\u00edmetros na capital paraibana. Dados s\u00e3o da Ag\u00eancia Executiva de Gest\u00e3o das \u00c1guas (Aesa).  Chuva em Jo\u00e3o Pessoa<br \/>\nTV Cabo Branco\/Reprodu\u00e7\u00e3o<br \/>\nO volume de chuvas que caiu em Jo\u00e3o Pessoa nas \u00faltim&#8230;<\/p>\n","protected":false},"author":2,"featured_media":0,"comment_status":"closed","ping_status":"closed","sticky":false,"template":"","format":"standard","meta":{"advgb_blocks_editor_width":"","advgb_blocks_columns_visual_guide":"","footnotes":""},"categories":[34],"tags":[35],"class_list":["post-20145","post","type-post","status-publish","format-standard","hentry","category-g1","tag-g1"],"author_meta":{"display_name":"g1 &gt; Para\u00edba","author_link":"https:\/\/sindaopcpb.org.br\/author\/g1-paraiba\/"},"featured_img":null,"coauthors":[],"tax_additional":{"categories":{"linked":["<a href=\"https:\/\/sindaopcpb.org.br\/g1\/\" class=\"advgb-post-tax-term\">G1<\/a>"],"unlinked":["<span class=\"advgb-post-tax-term\">G1<\/span>"]},"tags":{"linked":["<a href=\"https:\/\/sindaopcpb.org.br\/g1\/\" class=\"advgb-post-tax-term\">g1<\/a>"],"unlinked":["<span class=\"advgb-post-tax-term\">g1<\/span>"]}},"comment_count":"0","relative_dates":{"created":"Publicado 3 anos atr\u00e1s","modified":"Atualizado 3 anos atr\u00e1s"},"absolute_dates":{"created":"Publicado em 9 de junho de 2023","modified":"Atualizado em 9 de junho de 2023"},"absolute_dates_time":{"created":"Publicado em 9 de junho de 2023 13:06","modified":"Atualizado em 9 de junho de 2023 13:06"},"featured_img_caption":"","series_order":"","_links":{"self":[{"href":"https:\/\/sindaopcpb.org.br\/index.php\/wp-json\/wp\/v2\/posts\/20145","targetHints":{"allow":["GET"]}}],"collection":[{"href":"https:\/\/sindaopcpb.org.br\/index.php\/wp-json\/wp\/v2\/posts"}],"about":[{"href":"https:\/\/sindaopcpb.org.br\/index.php\/wp-json\/wp\/v2\/types\/post"}],"author":[{"embeddable":true,"href":"https:\/\/sindaopcpb.org.br\/index.php\/wp-json\/wp\/v2\/users\/2"}],"replies":[{"embeddable":true,"href":"https:\/\/sindaopcpb.org.br\/index.php\/wp-json\/wp\/v2\/comments?post=20145"}],"version-history":[{"count":2,"href":"https:\/\/sindaopcpb.org.br\/index.php\/wp-json\/wp\/v2\/posts\/20145\/revisions"}],"predecessor-version":[{"id":20191,"href":"https:\/\/sindaopcpb.org.br\/index.php\/wp-json\/wp\/v2\/posts\/20145\/revisions\/20191"}],"wp:attachment":[{"href":"https:\/\/sindaopcpb.org.br\/index.php\/wp-json\/wp\/v2\/media?parent=20145"}],"wp:term":[{"taxonomy":"category","embeddable":true,"href":"https:\/\/sindaopcpb.org.br\/index.php\/wp-json\/wp\/v2\/categories?post=20145"},{"taxonomy":"post_tag","embeddable":true,"href":"https:\/\/sindaopcpb.org.br\/index.php\/wp-json\/wp\/v2\/tags?post=20145"}],"curies":[{"name":"wp","href":"https:\/\/api.w.org\/{rel}","templated":true}]}}