{"id":20030,"date":"2023-06-08T12:49:45","date_gmt":"2023-06-08T15:49:45","guid":{"rendered":"https:\/\/g1.globo.com\/pb\/paraiba\/noticia\/2023\/06\/08\/inmet-emite-alerta-de-acumulado-de-chuvas-para-joao-pessoa-e-mais-sete-cidades-na-paraiba.ghtml"},"modified":"2023-06-08T12:49:45","modified_gmt":"2023-06-08T15:49:45","slug":"inmet-emite-alerta-de-acumulado-de-chuvas-para-joao-pessoa-e-mais-sete-cidades-na-paraiba","status":"publish","type":"post","link":"https:\/\/sindaopcpb.org.br\/index.php\/2023\/06\/08\/inmet-emite-alerta-de-acumulado-de-chuvas-para-joao-pessoa-e-mais-sete-cidades-na-paraiba\/","title":{"rendered":"Inmet emite alerta de acumulado de chuvas para Jo\u00e3o Pessoa e mais sete cidades na Para\u00edba"},"content":{"rendered":"   <img src=\"https:\/\/s2.glbimg.com\/5wDpHAOTX1Bblico5G4Ft4yLB2M=\/i.s3.glbimg.com\/v1\/AUTH_59edd422c0c84a879bd37670ae4f538a\/internal_photos\/bs\/2022\/c\/2\/E5TmjiQKmNfSBahBl3Ug\/154b1eea-53fc-496b-b641-4d952c7352c1.jpg\" \/><br \/>     Aviso para capital e outras cidades do litoral vale at\u00e9 as 10h da sexta-feira (9).  Dia nublado com chuvas isoladas em Jo\u00e3o Pessoa\nKlebson Carneiro\/Arquivo Pessoal\nO Instituto Nacional de Meteorologia (Inmet) emitiu, nesta quinta-feira (8) um alerta de perigo potencial de acumulado de chuva para a capital Jo\u00e3o Pessoa e mais sete cidades da Para\u00edba. O aviso vale at\u00e9 as 10h desta sexta-feira (9).\nA previs\u00e3o \u00e9 de chuvas com volumes entre 20 e 30 mil\u00edmetros por hora, ou at\u00e9 50 mil\u00edmetros ao dia. Ainda de acordo com o Inmet, os riscos de corte de energia el\u00e9trica, queda de galhos de \u00e1rvores, alagamentos e de descargas el\u00e9tricas \u00e9 baixo nesses munic\u00edpios.\nCaso haja algum problema, o Inmet orienta que as pessoas entrem em contato com a Defesa Civil, por meio do n\u00famero 199, e com o Corpo de Bombeiros, por meio do n\u00famero 193.\nCidades em alerta amarelo de acumulado de chuvas\nAlhandra\nBayeux\nCaapor\u00e3\nConde\nJo\u00e3o Pessoa\nPedras de Fogo\nPitimbu\nSanta Rita\nV\u00eddeos mais assistidos do g1 Para\u00edba  ","protected":false},"excerpt":{"rendered":"<p>        Aviso para capital e outras cidades do litoral vale at\u00e9 as 10h da sexta-feira (9).  Dia nublado com chuvas isoladas em Jo\u00e3o Pessoa<br \/>\nKlebson Carneiro\/Arquivo Pessoal<br \/>\nO Instituto Nacional de Meteorologia (Inmet) emitiu, nesta quinta-feira (8) um a&#8230;<\/p>\n","protected":false},"author":2,"featured_media":0,"comment_status":"closed","ping_status":"closed","sticky":false,"template":"","format":"standard","meta":{"advgb_blocks_editor_width":"","advgb_blocks_columns_visual_guide":"","footnotes":""},"categories":[34],"tags":[35],"class_list":["post-20030","post","type-post","status-publish","format-standard","hentry","category-g1","tag-g1"],"author_meta":{"display_name":"g1 &gt; Para\u00edba","author_link":"https:\/\/sindaopcpb.org.br\/author\/g1-paraiba\/"},"featured_img":null,"coauthors":[],"tax_additional":{"categories":{"linked":["<a href=\"https:\/\/sindaopcpb.org.br\/g1\/\" class=\"advgb-post-tax-term\">G1<\/a>"],"unlinked":["<span class=\"advgb-post-tax-term\">G1<\/span>"]},"tags":{"linked":["<a href=\"https:\/\/sindaopcpb.org.br\/g1\/\" class=\"advgb-post-tax-term\">g1<\/a>"],"unlinked":["<span class=\"advgb-post-tax-term\">g1<\/span>"]}},"comment_count":"0","relative_dates":{"created":"Publicado 3 anos atr\u00e1s","modified":"Atualizado 3 anos atr\u00e1s"},"absolute_dates":{"created":"Publicado em 8 de junho de 2023","modified":"Atualizado em 8 de junho de 2023"},"absolute_dates_time":{"created":"Publicado em 8 de junho de 2023 12:49","modified":"Atualizado em 8 de junho de 2023 12:49"},"featured_img_caption":"","series_order":"","_links":{"self":[{"href":"https:\/\/sindaopcpb.org.br\/index.php\/wp-json\/wp\/v2\/posts\/20030","targetHints":{"allow":["GET"]}}],"collection":[{"href":"https:\/\/sindaopcpb.org.br\/index.php\/wp-json\/wp\/v2\/posts"}],"about":[{"href":"https:\/\/sindaopcpb.org.br\/index.php\/wp-json\/wp\/v2\/types\/post"}],"author":[{"embeddable":true,"href":"https:\/\/sindaopcpb.org.br\/index.php\/wp-json\/wp\/v2\/users\/2"}],"replies":[{"embeddable":true,"href":"https:\/\/sindaopcpb.org.br\/index.php\/wp-json\/wp\/v2\/comments?post=20030"}],"version-history":[{"count":1,"href":"https:\/\/sindaopcpb.org.br\/index.php\/wp-json\/wp\/v2\/posts\/20030\/revisions"}],"predecessor-version":[{"id":20031,"href":"https:\/\/sindaopcpb.org.br\/index.php\/wp-json\/wp\/v2\/posts\/20030\/revisions\/20031"}],"wp:attachment":[{"href":"https:\/\/sindaopcpb.org.br\/index.php\/wp-json\/wp\/v2\/media?parent=20030"}],"wp:term":[{"taxonomy":"category","embeddable":true,"href":"https:\/\/sindaopcpb.org.br\/index.php\/wp-json\/wp\/v2\/categories?post=20030"},{"taxonomy":"post_tag","embeddable":true,"href":"https:\/\/sindaopcpb.org.br\/index.php\/wp-json\/wp\/v2\/tags?post=20030"}],"curies":[{"name":"wp","href":"https:\/\/api.w.org\/{rel}","templated":true}]}}