{"id":19992,"date":"2023-06-08T09:12:38","date_gmt":"2023-06-08T12:12:38","guid":{"rendered":"https:\/\/g1.globo.com\/pb\/paraiba\/noticia\/2023\/06\/08\/transformers-o-despertar-das-feras-estreia-nos-cinemas-da-paraiba.ghtml"},"modified":"2023-06-08T09:12:38","modified_gmt":"2023-06-08T12:12:38","slug":"transformers-o-despertar-das-feras-estreia-nos-cinemas-da-paraiba","status":"publish","type":"post","link":"https:\/\/sindaopcpb.org.br\/index.php\/2023\/06\/08\/transformers-o-despertar-das-feras-estreia-nos-cinemas-da-paraiba\/","title":{"rendered":"&#8216;Transformers: O despertar das feras&#8217; estreia nos cinemas da Para\u00edba"},"content":{"rendered":"   <img src=\"https:\/\/s2.glbimg.com\/86OsUwKbWo0vGXNVBa19oF1lqBc=\/i.s3.glbimg.com\/v1\/AUTH_59edd422c0c84a879bd37670ae4f538a\/internal_photos\/bs\/2023\/1\/E\/ydCPQkQouPdtwVTL5xOQ\/transformers-despertar-bestas-capa.jpg\" \/><br \/>     Longa tem exibi\u00e7\u00f5es em salas de cinema de Jo\u00e3o Pessoa, Campina Grande, Patos e Guarabira. 'Transformers: O despertar das feras' \u00e9 o s\u00e9timo filme da franquia\nDivulga\u00e7\u00e3o\nO filme \u2018Transformers: O despertar das feras\u2019 estreia nesta quinta-feira (8) em cinemas da Para\u00edba. O longa tem exibi\u00e7\u00f5es em  Jo\u00e3o Pessoa, Campina Grande, Patos e Guarabira.\nConfira o guia Qual \u00e9 a Boa\n\u2018Transformers: O Despertar Das Feras\u2019 \n\"Transformers: O Despertar Das Feras\" \u00e9 o s\u00e9timo filme da saga. A trama \u00e9 ambientada em 1994, sete anos ap\u00f3s os eventos de \"Bumblebee\u201d e centrada em Noah Diaz (Anthony Ramos, de \"Nasce uma Estrela\" e \"Hamilton\"), um ex-militar desempregado que decide roubar um carro para pagar um tratamento para seu irm\u00e3o doente, Kris (Dean Scott Vazquez, de \"Em um bairro de Nova York\").\ng1 j\u00e1 viu:\n'Transformers: O despertar das feras' tem boas novidades, mas franquia perde for\u00e7a\nAssista ao trailer do filme \u2018Transformers: O despertar das feras\u2019\nO filme est\u00e1 em cartaz nos Cin\u00e9polis do Mana\u00edra e Mangabeira Shopping, no Centerplex do Mag Shopping e no cinema do Shopping Tambi\u00e1, em Jo\u00e3o Pessoa; no Cinesercla do Partage Shopping, em Campina Grande; no cinema do Patos Shopping, em Patos; e no Cinemaxxi do Shopping Cidade Luz, em Guarabira. \nEzra Miller interpreta o super-her\u00f3i The Flash nos cinemas\nDivulga\u00e7\u00e3o\/Warner Bros. Entertainment Inc. via AP\nThe Flash \/ Pr\u00e9-estreia\n\u201cThe Flash\u201d tem a pr\u00e9-estreia marcada para o dia 14 de junho. O longa mostra a viagem que Barry Allen faz para o passado para evitar a morte da m\u00e3e, o que acaba causando transtornos no multiverso. \nAssista ao trailer de The Flash\nO filme poder\u00e1 ser assistido nos Cin\u00e9polis do Mana\u00edra e Mangabeira Shopping, no Centerplex do Mag Shopping e no cinema do Shopping Tambi\u00e1, em Jo\u00e3o Pessoa; no Cinesercla do Partage Shopping, em Campina Grande; e no cinema do Patos Shopping, em Patos.\nV\u00eddeos mais assistidos do g1 Para\u00edba  ","protected":false},"excerpt":{"rendered":"<p>        Longa tem exibi\u00e7\u00f5es em salas de cinema de Jo\u00e3o Pessoa, Campina Grande, Patos e Guarabira. &#8216;Transformers: O despertar das feras&#8217; \u00e9 o s\u00e9timo filme da franquia<br \/>\nDivulga\u00e7\u00e3o<br \/>\nO filme \u2018Transformers: O despertar das feras\u2019 estreia nesta quinta-feira (8)&#8230;<\/p>\n","protected":false},"author":2,"featured_media":0,"comment_status":"closed","ping_status":"closed","sticky":false,"template":"","format":"standard","meta":{"advgb_blocks_editor_width":"","advgb_blocks_columns_visual_guide":"","footnotes":""},"categories":[34],"tags":[35],"class_list":["post-19992","post","type-post","status-publish","format-standard","hentry","category-g1","tag-g1"],"author_meta":{"display_name":"g1 &gt; Para\u00edba","author_link":"https:\/\/sindaopcpb.org.br\/author\/g1-paraiba\/"},"featured_img":null,"coauthors":[],"tax_additional":{"categories":{"linked":["<a href=\"https:\/\/sindaopcpb.org.br\/g1\/\" class=\"advgb-post-tax-term\">G1<\/a>"],"unlinked":["<span class=\"advgb-post-tax-term\">G1<\/span>"]},"tags":{"linked":["<a href=\"https:\/\/sindaopcpb.org.br\/g1\/\" class=\"advgb-post-tax-term\">g1<\/a>"],"unlinked":["<span class=\"advgb-post-tax-term\">g1<\/span>"]}},"comment_count":"0","relative_dates":{"created":"Publicado 3 anos atr\u00e1s","modified":"Atualizado 3 anos atr\u00e1s"},"absolute_dates":{"created":"Publicado em 8 de junho de 2023","modified":"Atualizado em 8 de junho de 2023"},"absolute_dates_time":{"created":"Publicado em 8 de junho de 2023 09:12","modified":"Atualizado em 8 de junho de 2023 09:12"},"featured_img_caption":"","series_order":"","_links":{"self":[{"href":"https:\/\/sindaopcpb.org.br\/index.php\/wp-json\/wp\/v2\/posts\/19992","targetHints":{"allow":["GET"]}}],"collection":[{"href":"https:\/\/sindaopcpb.org.br\/index.php\/wp-json\/wp\/v2\/posts"}],"about":[{"href":"https:\/\/sindaopcpb.org.br\/index.php\/wp-json\/wp\/v2\/types\/post"}],"author":[{"embeddable":true,"href":"https:\/\/sindaopcpb.org.br\/index.php\/wp-json\/wp\/v2\/users\/2"}],"replies":[{"embeddable":true,"href":"https:\/\/sindaopcpb.org.br\/index.php\/wp-json\/wp\/v2\/comments?post=19992"}],"version-history":[{"count":1,"href":"https:\/\/sindaopcpb.org.br\/index.php\/wp-json\/wp\/v2\/posts\/19992\/revisions"}],"predecessor-version":[{"id":19993,"href":"https:\/\/sindaopcpb.org.br\/index.php\/wp-json\/wp\/v2\/posts\/19992\/revisions\/19993"}],"wp:attachment":[{"href":"https:\/\/sindaopcpb.org.br\/index.php\/wp-json\/wp\/v2\/media?parent=19992"}],"wp:term":[{"taxonomy":"category","embeddable":true,"href":"https:\/\/sindaopcpb.org.br\/index.php\/wp-json\/wp\/v2\/categories?post=19992"},{"taxonomy":"post_tag","embeddable":true,"href":"https:\/\/sindaopcpb.org.br\/index.php\/wp-json\/wp\/v2\/tags?post=19992"}],"curies":[{"name":"wp","href":"https:\/\/api.w.org\/{rel}","templated":true}]}}