{"id":19960,"date":"2023-06-07T17:59:58","date_gmt":"2023-06-07T20:59:58","guid":{"rendered":"https:\/\/g1.globo.com\/pb\/paraiba\/noticia\/2023\/06\/07\/paraiba-tem-o-terceiro-maior-indice-de-analfabetismo-do-brasil-aponta-estudo-do-ibge.ghtml"},"modified":"2023-06-07T17:59:58","modified_gmt":"2023-06-07T20:59:58","slug":"paraiba-tem-o-terceiro-maior-indice-de-analfabetismo-do-brasil-aponta-estudo-do-ibge","status":"publish","type":"post","link":"https:\/\/sindaopcpb.org.br\/index.php\/2023\/06\/07\/paraiba-tem-o-terceiro-maior-indice-de-analfabetismo-do-brasil-aponta-estudo-do-ibge\/","title":{"rendered":"Para\u00edba tem o terceiro maior \u00edndice de analfabetismo do Brasil, aponta estudo do IBGE"},"content":{"rendered":"   <img src=\"https:\/\/s2.glbimg.com\/qTMZpDl-b9IkmLtRMBgrYU56AEk=\/i.s3.glbimg.com\/v1\/AUTH_59edd422c0c84a879bd37670ae4f538a\/internal_photos\/bs\/2020\/D\/J\/wT3DRHTgKfprWECY9ntw\/saladeaulapatospb.jpeg\" \/><br \/>     Com 13,6% de analfabetos, estado s\u00f3 tem n\u00fameros melhores que Piau\u00ed (14,8%) e Alagoas (14,4%). Sala de aula vazia em escola municipal paraibana\nPrefeitura de Patos\/Divulga\u00e7\u00e3o\nA Para\u00edba \u00e9 o terceiro estado do Brasil com maior \u00edndice de analfabetismo entre as pessoas que tenham pelo menos 15 anos. S\u00e3o 13,6% de analfabetos no estado, ficando \u00e0 frente apenas de Piau\u00ed (14,8%) e de Alagoas (14,4%) e com n\u00fameros piores do que a m\u00e9dia nacional (5,6%) e regional (11,7%). Os dados s\u00e3o da Pesquisa Nacional por Amostra de Domic\u00edlios (PNAD) Cont\u00ednua: Educa\u00e7\u00e3o 2022, divulgada nesta quarta-feira (7) pelo Instituto Brasileiro de Geografia e Estat\u00edstica (IBGE).\nOutros n\u00fameros preocupam. Por exemplo, a Regi\u00e3o Metropolitana de Jo\u00e3o Pessoa tem a maior taxa de analfabetismo entre todas as regi\u00f5es metropolitanas do pa\u00eds. O \u00edndice \u00e9 ficou em 8%. E, embora menor do que a m\u00e9dia estadual, se destaca negativamente quando comparado com o resto do pa\u00eds.\nPara completar, a Para\u00edba tem a menor propor\u00e7\u00e3o do pa\u00eds de pessoas de 25 anos ou mais de idade que tinham pelo menos o Ensino B\u00e1sico Obrigat\u00f3rio, ou seja, que conclu\u00edram no m\u00ednimo o Ensino M\u00e9dio. A taxa de 39,6% ficou bem abaixo da m\u00e9dia brasileira (53,2%) e da m\u00e9dia nordestina (44,1%).\nA TV Cabo Branco entrou em contado com a Secretaria de Estado da Educa\u00e7\u00e3o, que ficou de emitir uma nota sobre a quest\u00e3o. Mas isso ainda n\u00e3o aconteceu.\nApesar dos n\u00fameros ruins, a s\u00e9rie hist\u00f3rica demonstra ao menos que o estado vem com tend\u00eancia de redu\u00e7\u00e3o da taxa de analfabetismo ao longo dos anos. O levantamento, que visa retratar a realidade do sistema educacional brasileiro, aponta que em 2016, o indicador da Para\u00edba era de 15,4%.\nNordeste com problemas\nOs dados do IBGE mostram que, ano ap\u00f3s ano, os n\u00fameros de pessoas analfabetas vem caindo no pa\u00eds, mas a redu\u00e7\u00e3o vem sendo percentualmente menor no Nordeste. Os nove estados da regi\u00e3o ocupam as nove piores posi\u00e7\u00f5es.\nAssim, a taxa de analfabetismo no Nordeste est\u00e1 atualmente em 13,9%, contra 7,9% no Norte, 5,2% no Centro-Oeste, 3,5% no Sudeste e 3,3% no Norte.\n\u201cA diminui\u00e7\u00e3o da taxa de analfabetismo \u00e9 uma das metas do atual Plano Nacional de Educa\u00e7\u00e3o (PNE), que tem vig\u00eancia at\u00e9 2024. Um dos itens seria a redu\u00e7\u00e3o da taxa da popula\u00e7\u00e3o de 15 anos ou mais para 6,5% em 2015 e a erradica\u00e7\u00e3o em 2024\", explica Adriana Beringuy, coordenadora de Pesquisas por Amostra de Domic\u00edlios do IBGE.\nOs n\u00fameros mostram ainda uma grave desigualdade de cor e ra\u00e7a no pa\u00eds. Das pessoas que chegam aos 60 anos sem saber ler e escrever, 23,3% s\u00e3o pretas e pardas e 9,3% s\u00e3o brancas. Uma diferen\u00e7a que caiu, mas que continua alta. Isso porque, em 2016, a diferen\u00e7a era de 18,9 pontos percentuais, enquanto em 2022 a diferen\u00e7a ficou em 14 pontos percentuais.\nV\u00eddeos mais assistidos da Para\u00edba  ","protected":false},"excerpt":{"rendered":"<p>        Com 13,6% de analfabetos, estado s\u00f3 tem n\u00fameros melhores que Piau\u00ed (14,8%) e Alagoas (14,4%). Sala de aula vazia em escola municipal paraibana<br \/>\nPrefeitura de Patos\/Divulga\u00e7\u00e3o<br \/>\nA Para\u00edba \u00e9 o terceiro estado do Brasil com maior \u00edndice de analfabeti&#8230;<\/p>\n","protected":false},"author":2,"featured_media":0,"comment_status":"closed","ping_status":"closed","sticky":false,"template":"","format":"standard","meta":{"advgb_blocks_editor_width":"","advgb_blocks_columns_visual_guide":"","footnotes":""},"categories":[34],"tags":[35],"class_list":["post-19960","post","type-post","status-publish","format-standard","hentry","category-g1","tag-g1"],"author_meta":{"display_name":"g1 &gt; Para\u00edba","author_link":"https:\/\/sindaopcpb.org.br\/author\/g1-paraiba\/"},"featured_img":null,"coauthors":[],"tax_additional":{"categories":{"linked":["<a href=\"https:\/\/sindaopcpb.org.br\/g1\/\" class=\"advgb-post-tax-term\">G1<\/a>"],"unlinked":["<span class=\"advgb-post-tax-term\">G1<\/span>"]},"tags":{"linked":["<a href=\"https:\/\/sindaopcpb.org.br\/g1\/\" class=\"advgb-post-tax-term\">g1<\/a>"],"unlinked":["<span class=\"advgb-post-tax-term\">g1<\/span>"]}},"comment_count":"0","relative_dates":{"created":"Publicado 3 anos atr\u00e1s","modified":"Atualizado 3 anos atr\u00e1s"},"absolute_dates":{"created":"Publicado em 7 de junho de 2023","modified":"Atualizado em 7 de junho de 2023"},"absolute_dates_time":{"created":"Publicado em 7 de junho de 2023 17:59","modified":"Atualizado em 7 de junho de 2023 17:59"},"featured_img_caption":"","series_order":"","_links":{"self":[{"href":"https:\/\/sindaopcpb.org.br\/index.php\/wp-json\/wp\/v2\/posts\/19960","targetHints":{"allow":["GET"]}}],"collection":[{"href":"https:\/\/sindaopcpb.org.br\/index.php\/wp-json\/wp\/v2\/posts"}],"about":[{"href":"https:\/\/sindaopcpb.org.br\/index.php\/wp-json\/wp\/v2\/types\/post"}],"author":[{"embeddable":true,"href":"https:\/\/sindaopcpb.org.br\/index.php\/wp-json\/wp\/v2\/users\/2"}],"replies":[{"embeddable":true,"href":"https:\/\/sindaopcpb.org.br\/index.php\/wp-json\/wp\/v2\/comments?post=19960"}],"version-history":[{"count":2,"href":"https:\/\/sindaopcpb.org.br\/index.php\/wp-json\/wp\/v2\/posts\/19960\/revisions"}],"predecessor-version":[{"id":20032,"href":"https:\/\/sindaopcpb.org.br\/index.php\/wp-json\/wp\/v2\/posts\/19960\/revisions\/20032"}],"wp:attachment":[{"href":"https:\/\/sindaopcpb.org.br\/index.php\/wp-json\/wp\/v2\/media?parent=19960"}],"wp:term":[{"taxonomy":"category","embeddable":true,"href":"https:\/\/sindaopcpb.org.br\/index.php\/wp-json\/wp\/v2\/categories?post=19960"},{"taxonomy":"post_tag","embeddable":true,"href":"https:\/\/sindaopcpb.org.br\/index.php\/wp-json\/wp\/v2\/tags?post=19960"}],"curies":[{"name":"wp","href":"https:\/\/api.w.org\/{rel}","templated":true}]}}