{"id":19941,"date":"2023-06-07T17:39:31","date_gmt":"2023-06-07T20:39:31","guid":{"rendered":"https:\/\/g1.globo.com\/pb\/paraiba\/noticia\/2023\/06\/07\/corpus-christi-vacinacao-contra-covid-19-e-influenza-e-suspensa-em-joao-pessoa.ghtml"},"modified":"2023-06-07T17:39:31","modified_gmt":"2023-06-07T20:39:31","slug":"corpus-christi-vacinacao-contra-covid-19-e-influenza-e-suspensa-em-joao-pessoa","status":"publish","type":"post","link":"https:\/\/sindaopcpb.org.br\/index.php\/2023\/06\/07\/corpus-christi-vacinacao-contra-covid-19-e-influenza-e-suspensa-em-joao-pessoa\/","title":{"rendered":"Corpus Christi: vacina\u00e7\u00e3o contra Covid-19 e Influenza \u00e9 suspensa em Jo\u00e3o Pessoa"},"content":{"rendered":"   <img src=\"https:\/\/s2.glbimg.com\/7NK9qC32XQdbMux10QDeyaLgvk0=\/i.s3.glbimg.com\/v1\/AUTH_59edd422c0c84a879bd37670ae4f538a\/internal_photos\/bs\/2022\/x\/9\/g0AhLtT36KIJBhmu1t7A\/vacinacao-de-criancas-em-joao-pessoa.jpeg\" \/><br \/>     Prefeitura do munic\u00edpio decretou ponto facultativo nesta quinta-feira (8) e sexta-feira (9). Estar\u00e1 sendo ofertado apenas vacina\u00e7\u00e3o antirr\u00e1bica humana e a vacina dT. Vacina\u00e7\u00e3o contra Covid-19 em crian\u00e7as, em Jo\u00e3o Pessoa\nKleide Teixeira\/Secom-JP\nA a\u00e7\u00e3o de vacina\u00e7\u00e3o contra Covid-19 e Influenza est\u00e1 suspensa no dia de Corpus Christi em Jo\u00e3o Pessoa. A data n\u00e3o \u00e9 feriado, mas a prefeitura do munic\u00edpio decretou ponto facultativo nesta quinta-feira (8) e sexta-feira (9).\nCorpus Christi: veja o que abre e o que fecha em Jo\u00e3o Pessoa\nA vacina\u00e7\u00e3o ser\u00e1 retomada no s\u00e1bado (10) exclusivamente no ponto fixo instalado no Mangabeira Shopping, com acesso para pedestres e drive-thru, no per\u00edodo das 8h \u00e0s 14h. Estar\u00e3o dispon\u00edveis todos os imunizantes que faz parte do calend\u00e1rio de rotina e das campanhas ativas (Influenza e Covid-19).\nOutras vacinas\nNesta quinta (8) e na sexta-feira (9), o Centro Municipal de Imuniza\u00e7\u00e3o, localizado no bairro da Torre, ir\u00e1 funcionar no per\u00edodo das 8h \u00e0s 12h, exclusivamente para vacina\u00e7\u00e3o antirr\u00e1bica humana e a vacina dT (difteria e t\u00e9tano).\nV\u00eddeos mais assistidos do g1 Para\u00edba  ","protected":false},"excerpt":{"rendered":"<p>        Prefeitura do munic\u00edpio decretou ponto facultativo nesta quinta-feira (8) e sexta-feira (9). Estar\u00e1 sendo ofertado apenas vacina\u00e7\u00e3o antirr\u00e1bica humana e a vacina dT. Vacina\u00e7\u00e3o contra Covid-19 em crian\u00e7as, em Jo\u00e3o Pessoa<br \/>\nKleide Teixeira\/Secom-JP&#8230;<\/p>\n","protected":false},"author":2,"featured_media":0,"comment_status":"closed","ping_status":"closed","sticky":false,"template":"","format":"standard","meta":{"advgb_blocks_editor_width":"","advgb_blocks_columns_visual_guide":"","footnotes":""},"categories":[34],"tags":[35],"class_list":["post-19941","post","type-post","status-publish","format-standard","hentry","category-g1","tag-g1"],"author_meta":{"display_name":"g1 &gt; Para\u00edba","author_link":"https:\/\/sindaopcpb.org.br\/author\/g1-paraiba\/"},"featured_img":null,"coauthors":[],"tax_additional":{"categories":{"linked":["<a href=\"https:\/\/sindaopcpb.org.br\/g1\/\" class=\"advgb-post-tax-term\">G1<\/a>"],"unlinked":["<span class=\"advgb-post-tax-term\">G1<\/span>"]},"tags":{"linked":["<a href=\"https:\/\/sindaopcpb.org.br\/g1\/\" class=\"advgb-post-tax-term\">g1<\/a>"],"unlinked":["<span class=\"advgb-post-tax-term\">g1<\/span>"]}},"comment_count":"0","relative_dates":{"created":"Publicado 3 anos atr\u00e1s","modified":"Atualizado 3 anos atr\u00e1s"},"absolute_dates":{"created":"Publicado em 7 de junho de 2023","modified":"Atualizado em 7 de junho de 2023"},"absolute_dates_time":{"created":"Publicado em 7 de junho de 2023 17:39","modified":"Atualizado em 7 de junho de 2023 17:39"},"featured_img_caption":"","series_order":"","_links":{"self":[{"href":"https:\/\/sindaopcpb.org.br\/index.php\/wp-json\/wp\/v2\/posts\/19941","targetHints":{"allow":["GET"]}}],"collection":[{"href":"https:\/\/sindaopcpb.org.br\/index.php\/wp-json\/wp\/v2\/posts"}],"about":[{"href":"https:\/\/sindaopcpb.org.br\/index.php\/wp-json\/wp\/v2\/types\/post"}],"author":[{"embeddable":true,"href":"https:\/\/sindaopcpb.org.br\/index.php\/wp-json\/wp\/v2\/users\/2"}],"replies":[{"embeddable":true,"href":"https:\/\/sindaopcpb.org.br\/index.php\/wp-json\/wp\/v2\/comments?post=19941"}],"version-history":[{"count":1,"href":"https:\/\/sindaopcpb.org.br\/index.php\/wp-json\/wp\/v2\/posts\/19941\/revisions"}],"predecessor-version":[{"id":19942,"href":"https:\/\/sindaopcpb.org.br\/index.php\/wp-json\/wp\/v2\/posts\/19941\/revisions\/19942"}],"wp:attachment":[{"href":"https:\/\/sindaopcpb.org.br\/index.php\/wp-json\/wp\/v2\/media?parent=19941"}],"wp:term":[{"taxonomy":"category","embeddable":true,"href":"https:\/\/sindaopcpb.org.br\/index.php\/wp-json\/wp\/v2\/categories?post=19941"},{"taxonomy":"post_tag","embeddable":true,"href":"https:\/\/sindaopcpb.org.br\/index.php\/wp-json\/wp\/v2\/tags?post=19941"}],"curies":[{"name":"wp","href":"https:\/\/api.w.org\/{rel}","templated":true}]}}