{"id":19873,"date":"2023-06-07T09:40:04","date_gmt":"2023-06-07T12:40:04","guid":{"rendered":"https:\/\/www.infomoney.com.br\/?p=2154931"},"modified":"2023-06-07T09:40:04","modified_gmt":"2023-06-07T12:40:04","slug":"condenado-pelo-tse-deltan-dallagnol-tem-perda-de-mandato-oficializada-pela-camara-dos-deputados","status":"publish","type":"post","link":"https:\/\/sindaopcpb.org.br\/index.php\/2023\/06\/07\/condenado-pelo-tse-deltan-dallagnol-tem-perda-de-mandato-oficializada-pela-camara-dos-deputados\/","title":{"rendered":"Condenado pelo TSE, Deltan Dallagnol tem perda de mandato oficializada pela C\u00e2mara dos Deputados"},"content":{"rendered":"<p><img loading=\"lazy\" width=\"300\" height=\"197\" src=\"https:\/\/www.infomoney.com.br\/wp-content\/uploads\/2019\/06\/deltan-dallagnol-1.jpg?fit=300%2C197&amp;quality=70&amp;strip=all\" class=\"attachment-medium size-medium wp-post-image\" alt=\"\" decoding=\"async\" style=\"float:right; margin:0 0 10px 10px;\" srcset=\"https:\/\/www.infomoney.com.br\/wp-content\/uploads\/2019\/06\/deltan-dallagnol-1.jpg?w=900&amp;quality=70&amp;strip=all 900w, https:\/\/www.infomoney.com.br\/wp-content\/uploads\/2019\/06\/deltan-dallagnol-1.jpg?w=300&amp;quality=70&amp;strip=all 300w, https:\/\/www.infomoney.com.br\/wp-content\/uploads\/2019\/06\/deltan-dallagnol-1.jpg?w=768&amp;quality=70&amp;strip=all 768w, https:\/\/www.infomoney.com.br\/wp-content\/uploads\/2019\/06\/deltan-dallagnol-1.jpg?w=150&amp;quality=70&amp;strip=all 150w\" sizes=\"auto, (max-width: 300px) 100vw, 300px\" data-attachment-id=\"45514\" data-permalink=\"https:\/\/www.infomoney.com.br\/deltan-dallagnol-1\/\" data-orig-file=\"https:\/\/www.infomoney.com.br\/wp-content\/uploads\/2019\/06\/deltan-dallagnol-1.jpg?fit=900%2C590&amp;quality=70&amp;strip=all\" data-orig-size=\"900,590\" data-comments-opened=\"1\" data-image-meta=\"{&quot;aperture&quot;:&quot;0&quot;,&quot;credit&quot;:&quot;&quot;,&quot;camera&quot;:&quot;&quot;,&quot;caption&quot;:&quot;&quot;,&quot;created_timestamp&quot;:&quot;0&quot;,&quot;copyright&quot;:&quot;&quot;,&quot;focal_length&quot;:&quot;0&quot;,&quot;iso&quot;:&quot;0&quot;,&quot;shutter_speed&quot;:&quot;0&quot;,&quot;title&quot;:&quot;&quot;,&quot;orientation&quot;:&quot;0&quot;}\" data-image-title=\"deltan-dallagnol-1\" data-image-description=\"\" data-image-caption=\"\" data-medium-file=\"https:\/\/www.infomoney.com.br\/wp-content\/uploads\/2019\/06\/deltan-dallagnol-1.jpg?fit=300%2C197&amp;quality=70&amp;strip=all\" data-large-file=\"https:\/\/www.infomoney.com.br\/wp-content\/uploads\/2019\/06\/deltan-dallagnol-1.jpg?fit=900%2C590&amp;quality=70&amp;strip=all\" title=\"\"><\/p>\n<p>A C\u00e2mara dos Deputados confirmou nesta ter\u00e7a-feira (6) a perda de mandato do deputado Deltan Dallagnol (Podemos-PR), determinada pelo Tribunal Superior Eleitoral em 16 de maio. Ele poder\u00e1 recorrer ao Supremo Tribunal Federal (STF), mas dever\u00e1 aguardar a decis\u00e3o fora do cargo.<\/p>\n<p>Conforme citado pelo presidente da casa legislativa, Arthur Lira (PP-AL), neste caso a C\u00e2mara dos Deputados seguiu rito previsto em ato interno, com o encaminhamento da decis\u00e3o judicial ao Corregedor da Casa e posterior instru\u00e7\u00e3o da Mesa Diretora a declarar a perda nos termos constitucionais.<\/p>\n<p>&#8220;Na hip\u00f3tese de decreta\u00e7\u00e3o de perda de mandato pela Justi\u00e7a Eleitoral (art. 55, inciso V), n\u00e3o h\u00e1 decis\u00e3o de m\u00e9rito ou julgamento pelo Plen\u00e1rio da Casa. A compet\u00eancia da C\u00e2mara dos Deputados, exercida pela Mesa Diretora nos termos do \u00a7 3\u00ba do art. 55 da Constitui\u00e7\u00e3o Federal, \u00e9 de declarar a perda do mandato. Este \u00e9 o caso do Deputado Deltan Dallagnol&#8221;, diz nota oficial da C\u00e2mara dos Deputados.<\/p>\n<p>&#8220;Reitera-se que n\u00e3o cabe \u00e0 C\u00e2mara, ou a qualquer de seus \u00f3rg\u00e3os, discutir o m\u00e9rito da decis\u00e3o da Justi\u00e7a Eleitoral. N\u00e3o se trata de hip\u00f3tese de em que a C\u00e2mara esteja cassando mandato parlamentar, mas exclusivamente declarando a perda do mandato, conforme j\u00e1 decidido pela Justi\u00e7a Eleitoral&#8221;, complementa o documento divulgado pela casa legislativa.<\/p>\n<p>A cassa\u00e7\u00e3o de Dallagnol teve origem em uma a\u00e7\u00e3o de autoria do Partido da Mobiliza\u00e7\u00e3o Nacional (PMN) e da Federa\u00e7\u00e3o Brasil da Esperan\u00e7a (PT-PCdoB e PV). A peti\u00e7\u00e3o argumentava que o ex-coordenador da Lava Jato em Curitiba pediu exonera\u00e7\u00e3o do cargo de procurador da Rep\u00fablica ao mesmo tempo em que ocorriam sindic\u00e2ncias para apurar reclama\u00e7\u00f5es sobre sua conduta no \u00e2mbito da opera\u00e7\u00e3o. O andamento de tais procedimentos poderiam levar a um ou mais processos administrativos disciplinares que o tornariam ineleg\u00edvel, se fosse condenado.<\/p>\n<p>Ap\u00f3s deixar o cargo de procurador, Deltan foi o deputado mais votado do Paran\u00e1 nas elei\u00e7\u00f5es de 2022, com 344 mil votos. Em entrevista coletiva concedida no dia seguinte \u00e0 divulga\u00e7\u00e3o da decis\u00e3o do TSE, o pol\u00edtico acusou o tribunal de ter anulado o resultado das urnas por meio da decis\u00e3o.<\/p>\n<p>\u201cO que vimos foi o sistema se recolocando e se vingando, com a cria\u00e7\u00e3o das figuras dos \u2018descondenados\u2019, como o Lula. Eu fui cassado por vingan\u00e7a. Fui cassado porque ousei o que \u00e9 mais dif\u00edcil no Brasil, que \u00e9 enfrentar os corruptos\u201d, pontuou.<\/p>\n<p>The post <a rel=\"nofollow noopener\" href=\"https:\/\/www.infomoney.com.br\/politica\/condenado-pelo-tse-deltan-dallagnol-tem-perda-de-mandato-oficializada-pela-camara-dos-deputados\/\" target=\"_blank\">Condenado pelo TSE, Deltan Dallagnol tem perda de mandato oficializada pela C\u00e2mara dos Deputados<\/a> appeared first on <a rel=\"nofollow noopener\" href=\"https:\/\/www.infomoney.com.br\/\" target=\"_blank\">InfoMoney<\/a>.<\/p>\n","protected":false},"excerpt":{"rendered":"<p><img loading=\"lazy\" decoding=\"async\" width=\"300\" height=\"197\" src=\"https:\/\/www.infomoney.com.br\/wp-content\/uploads\/2019\/06\/deltan-dallagnol-1.jpg?fit=300%2C197&amp;quality=70&amp;strip=all\" class=\"attachment-medium size-medium wp-post-image\" alt=\"\" data-attachment-id=\"45514\" data-permalink=\"https:\/\/www.infomoney.com.br\/deltan-dallagnol-1\/\" data-orig-file=\"https:\/\/www.infomoney.com.br\/wp-content\/uploads\/2019\/06\/deltan-dallagnol-1.jpg?fit=900%2C590&amp;quality=70&amp;strip=all\" data-orig-size=\"900,590\" data-comments-opened=\"1\" data-image-meta='{\"aperture\":\"0\",\"credit\":\"\",\"camera\":\"\",\"caption\":\"\",\"created_timestamp\":\"0\",\"copyright\":\"\",\"focal_length\":\"0\",\"iso\":\"0\",\"shutter_speed\":\"0\",\"title\":\"\",\"orientation\":\"0\"}' data-image-title=\"deltan-dallagnol-1\" data-image-description=\"\" data-image-caption=\"\" data-medium-file=\"https:\/\/www.infomoney.com.br\/wp-content\/uploads\/2019\/06\/deltan-dallagnol-1.jpg?fit=300%2C197&amp;quality=70&amp;strip=all\" data-large-file=\"https:\/\/www.infomoney.com.br\/wp-content\/uploads\/2019\/06\/deltan-dallagnol-1.jpg?fit=900%2C590&amp;quality=70&amp;strip=all\">Ex-coordenador da Lava Jato, paranaense foi o deputado mais votado em seu Estado nas elei\u00e7\u00f5es de 2022, com 344 mil votos<\/p>\n<p>The post <a rel=\"nofollow\" href=\"https:\/\/www.infomoney.com.br\/politica\/condenado-pelo-tse-deltan-dallagnol-tem-perda-de-mandato-oficializada-pela-camara-dos-deputados\/\">Condenado pelo TSE, Deltan Dallagnol tem perda de mandato oficializada pela C\u00e2mara dos Deputados<\/a> appeared first on <a rel=\"nofollow\" href=\"https:\/\/www.infomoney.com.br\/\">InfoMoney<\/a>.<\/p>\n","protected":false},"author":47,"featured_media":0,"comment_status":"closed","ping_status":"closed","sticky":false,"template":"","format":"standard","meta":{"advgb_blocks_editor_width":"","advgb_blocks_columns_visual_guide":"","footnotes":""},"categories":[276,3013,34,47],"tags":[35],"class_list":["post-19873","post","type-post","status-publish","format-standard","hentry","category-camara-dos-deputados","category-deltan-dallagnol","category-g1","category-politica","tag-g1"],"author_meta":{"display_name":"luispereira","author_link":"https:\/\/sindaopcpb.org.br\/author\/luispereira\/"},"featured_img":null,"coauthors":[],"tax_additional":{"categories":{"linked":["<a href=\"https:\/\/sindaopcpb.org.br\/camara-dos-deputados\/\" class=\"advgb-post-tax-term\">C\u00e2mara dos Deputados<\/a>","<a href=\"https:\/\/sindaopcpb.org.br\/deltan-dallagnol\/\" class=\"advgb-post-tax-term\">Deltan Dallagnol<\/a>","<a href=\"https:\/\/sindaopcpb.org.br\/g1\/\" class=\"advgb-post-tax-term\">G1<\/a>","<a href=\"https:\/\/sindaopcpb.org.br\/politica\/\" class=\"advgb-post-tax-term\">POLITICA<\/a>"],"unlinked":["<span class=\"advgb-post-tax-term\">C\u00e2mara dos Deputados<\/span>","<span class=\"advgb-post-tax-term\">Deltan Dallagnol<\/span>","<span class=\"advgb-post-tax-term\">G1<\/span>","<span class=\"advgb-post-tax-term\">POLITICA<\/span>"]},"tags":{"linked":["<a href=\"https:\/\/sindaopcpb.org.br\/politica\/\" class=\"advgb-post-tax-term\">g1<\/a>"],"unlinked":["<span class=\"advgb-post-tax-term\">g1<\/span>"]}},"comment_count":"0","relative_dates":{"created":"Publicado 3 anos atr\u00e1s","modified":"Atualizado 3 anos atr\u00e1s"},"absolute_dates":{"created":"Publicado em 7 de junho de 2023","modified":"Atualizado em 7 de junho de 2023"},"absolute_dates_time":{"created":"Publicado em 7 de junho de 2023 09:40","modified":"Atualizado em 7 de junho de 2023 09:40"},"featured_img_caption":"","series_order":"","_links":{"self":[{"href":"https:\/\/sindaopcpb.org.br\/index.php\/wp-json\/wp\/v2\/posts\/19873","targetHints":{"allow":["GET"]}}],"collection":[{"href":"https:\/\/sindaopcpb.org.br\/index.php\/wp-json\/wp\/v2\/posts"}],"about":[{"href":"https:\/\/sindaopcpb.org.br\/index.php\/wp-json\/wp\/v2\/types\/post"}],"author":[{"embeddable":true,"href":"https:\/\/sindaopcpb.org.br\/index.php\/wp-json\/wp\/v2\/users\/47"}],"replies":[{"embeddable":true,"href":"https:\/\/sindaopcpb.org.br\/index.php\/wp-json\/wp\/v2\/comments?post=19873"}],"version-history":[{"count":1,"href":"https:\/\/sindaopcpb.org.br\/index.php\/wp-json\/wp\/v2\/posts\/19873\/revisions"}],"predecessor-version":[{"id":19874,"href":"https:\/\/sindaopcpb.org.br\/index.php\/wp-json\/wp\/v2\/posts\/19873\/revisions\/19874"}],"wp:attachment":[{"href":"https:\/\/sindaopcpb.org.br\/index.php\/wp-json\/wp\/v2\/media?parent=19873"}],"wp:term":[{"taxonomy":"category","embeddable":true,"href":"https:\/\/sindaopcpb.org.br\/index.php\/wp-json\/wp\/v2\/categories?post=19873"},{"taxonomy":"post_tag","embeddable":true,"href":"https:\/\/sindaopcpb.org.br\/index.php\/wp-json\/wp\/v2\/tags?post=19873"}],"curies":[{"name":"wp","href":"https:\/\/api.w.org\/{rel}","templated":true}]}}