{"id":19871,"date":"2023-06-07T09:41:36","date_gmt":"2023-06-07T12:41:36","guid":{"rendered":"https:\/\/www.infomoney.com.br\/?p=2155436"},"modified":"2023-06-07T09:41:36","modified_gmt":"2023-06-07T12:41:36","slug":"camara-pode-votar-mp-do-programa-minha-casa-minha-vida-nesta-quarta-feira","status":"publish","type":"post","link":"https:\/\/sindaopcpb.org.br\/index.php\/2023\/06\/07\/camara-pode-votar-mp-do-programa-minha-casa-minha-vida-nesta-quarta-feira\/","title":{"rendered":"C\u00e2mara pode votar MP do programa Minha Casa, Minha Vida nesta quarta-feira"},"content":{"rendered":"<p><img loading=\"lazy\" width=\"300\" height=\"200\" src=\"https:\/\/www.infomoney.com.br\/wp-content\/uploads\/2019\/06\/minha-casa-minha-vida.jpg?fit=300%2C200&amp;quality=70&amp;strip=all\" class=\"attachment-medium size-medium wp-post-image\" alt=\"Minha casa Minha vida\" decoding=\"async\" style=\"float:right; margin:0 0 10px 10px;\" srcset=\"https:\/\/www.infomoney.com.br\/wp-content\/uploads\/2019\/06\/minha-casa-minha-vida.jpg?w=640&amp;quality=70&amp;strip=all 640w, https:\/\/www.infomoney.com.br\/wp-content\/uploads\/2019\/06\/minha-casa-minha-vida.jpg?w=300&amp;quality=70&amp;strip=all 300w, https:\/\/www.infomoney.com.br\/wp-content\/uploads\/2019\/06\/minha-casa-minha-vida.jpg?w=150&amp;quality=70&amp;strip=all 150w\" sizes=\"auto, (max-width: 300px) 100vw, 300px\" data-attachment-id=\"1895\" data-permalink=\"https:\/\/www.infomoney.com.br\/minha-casa-minha-vida\/\" data-orig-file=\"https:\/\/www.infomoney.com.br\/wp-content\/uploads\/2019\/06\/minha-casa-minha-vida.jpg?fit=640%2C426&amp;quality=70&amp;strip=all\" data-orig-size=\"640,426\" data-comments-opened=\"1\" data-image-meta=\"{&quot;aperture&quot;:&quot;0&quot;,&quot;credit&quot;:&quot;&quot;,&quot;camera&quot;:&quot;&quot;,&quot;caption&quot;:&quot;&quot;,&quot;created_timestamp&quot;:&quot;0&quot;,&quot;copyright&quot;:&quot;&quot;,&quot;focal_length&quot;:&quot;0&quot;,&quot;iso&quot;:&quot;0&quot;,&quot;shutter_speed&quot;:&quot;0&quot;,&quot;title&quot;:&quot;&quot;,&quot;orientation&quot;:&quot;0&quot;}\" data-image-title=\"minha-casa-minha-vida\" data-image-description=\"&lt;p&gt;Cinco casas iguais lado a lado em em mesmo terreno &lt;\/p&gt;\n\" data-image-caption=\"&lt;p&gt;Casas do programa Minha Casa, Minha Vida&lt;\/p&gt;\n\" data-medium-file=\"https:\/\/www.infomoney.com.br\/wp-content\/uploads\/2019\/06\/minha-casa-minha-vida.jpg?fit=300%2C200&amp;quality=70&amp;strip=all\" data-large-file=\"https:\/\/www.infomoney.com.br\/wp-content\/uploads\/2019\/06\/minha-casa-minha-vida.jpg?fit=640%2C426&amp;quality=70&amp;strip=all\" title=\"\"><\/p>\n<p>A C\u00e2mara dos Deputados pode analisar nesta quarta-feira (7) a Medida Provis\u00f3ria 1162\/23, que retoma o programa habitacional Minha Casa, Minha Vida, que havia sido extinto no governo Bolsonaro. A sess\u00e3o do Plen\u00e1rio est\u00e1 marcada para as 10 horas.<\/p>\n<p>Segundo o texto, haver\u00e1 tr\u00eas faixas de renda de beneficiados que v\u00e3o at\u00e9 R$ 8 mil mensais. Nas \u00e1reas urbanas, a faixa 1 destina-se a fam\u00edlias com renda bruta familiar mensal de at\u00e9 R$ 2.640; a faixa 2 vai at\u00e9 R$ 4,4 mil; e a faixa 3 at\u00e9 R$ 8 mil.<\/p>\n<p>Em texto aprovado na comiss\u00e3o mista, o relator da MP, deputado Marangoni (Uni\u00e3o-SP), fez diversas altera\u00e7\u00f5es, como a permiss\u00e3o para uso de recursos do Fundo de Garantia do Tempo de Servi\u00e7o (FGTS) para projetos relacionados \u00e0 Regulariza\u00e7\u00e3o Fundi\u00e1ria Urbana (Reurb), como vias de acesso, ilumina\u00e7\u00e3o p\u00fablica, saneamento b\u00e1sico e drenagem de \u00e1guas pluviais.<\/p>\n<h2><strong>Fundo de calamidade<\/strong><\/h2>\n<p>O Plen\u00e1rio pode votar ainda o Projeto de Lei 920\/23, do deputado Gilson Daniel (Pode-ES), que reserva 5% da arrecada\u00e7\u00e3o da Uni\u00e3o com multas ambientais e acordos de repara\u00e7\u00e3o de danos socioambientais para o Fundo Nacional para Calamidades P\u00fablicas, Prote\u00e7\u00e3o e Defesa Civil (Funcap).<\/p>\n<p>De acordo com o substitutivo preliminar do relator, deputado Dr. Victor Linhalis (Pode-ES), esse percentual incidir\u00e1 inclusive sobre a parcela que cabe a estados e munic\u00edpios em acordos judiciais ou extrajudiciais de repara\u00e7\u00e3o de danos, devendo os valores irem para fundos estaduais e municipais constitu\u00eddos para executar a\u00e7\u00f5es de preven\u00e7\u00e3o em \u00e1reas de risco de desastre e recupera\u00e7\u00e3o de \u00e1reas atingidas, como no caso de Mariana (MG).<\/p>\n<h2><strong>Prote\u00e7\u00e3o de idosos<\/strong><\/h2>\n<p>Em pauta consta ainda o Projeto de Lei 4438\/21, do Senado, que muda os estatutos do Idoso e das Pessoas com Defici\u00eancia para incluir medidas protetivas a serem decretadas pelo juiz no caso de viol\u00eancia ou da imin\u00eancia dela.<\/p>\n<p>Para ambos os casos, o projeto lista medidas protetivas semelhantes \u00e0s constantes da Lei Maria da Penha, relativa \u00e0 viol\u00eancia contra a mulher.<\/p>\n<p>Segundo o substitutivo ao texto, al\u00e9m do Minist\u00e9rio P\u00fablico e do ofendido, tamb\u00e9m a Defensoria P\u00fablica poder\u00e1 pedir ao juiz a aplica\u00e7\u00e3o de medidas protetivas.<\/p>\n<p>The post <a rel=\"nofollow noopener\" href=\"https:\/\/www.infomoney.com.br\/politica\/camara-pode-votar-mp-do-programa-minha-casa-minha-vida-nesta-quarta-feira\/\" target=\"_blank\">C\u00e2mara pode votar MP do programa Minha Casa, Minha Vida nesta quarta-feira<\/a> appeared first on <a rel=\"nofollow noopener\" href=\"https:\/\/www.infomoney.com.br\/\" target=\"_blank\">InfoMoney<\/a>.<\/p>\n","protected":false},"excerpt":{"rendered":"<p><img loading=\"lazy\" decoding=\"async\" width=\"300\" height=\"200\" src=\"https:\/\/www.infomoney.com.br\/wp-content\/uploads\/2019\/06\/minha-casa-minha-vida.jpg?fit=300%2C200&amp;quality=70&amp;strip=all\" class=\"attachment-medium size-medium wp-post-image\" alt=\"Minha casa Minha vida\" data-attachment-id=\"1895\" data-permalink=\"https:\/\/www.infomoney.com.br\/minha-casa-minha-vida\/\" data-orig-file=\"https:\/\/www.infomoney.com.br\/wp-content\/uploads\/2019\/06\/minha-casa-minha-vida.jpg?fit=640%2C426&amp;quality=70&amp;strip=all\" data-orig-size=\"640,426\" data-comments-opened=\"1\" data-image-meta='{\"aperture\":\"0\",\"credit\":\"\",\"camera\":\"\",\"caption\":\"\",\"created_timestamp\":\"0\",\"copyright\":\"\",\"focal_length\":\"0\",\"iso\":\"0\",\"shutter_speed\":\"0\",\"title\":\"\",\"orientation\":\"0\"}' data-image-title=\"minha-casa-minha-vida\" data-image-description=\"&lt;p&gt;Cinco casas iguais lado a lado em em mesmo terreno &lt;\/p&gt;\n\" data-image-caption=\"&lt;p&gt;Casas do programa Minha Casa, Minha Vida&lt;\/p&gt;\n\" data-medium-file=\"https:\/\/www.infomoney.com.br\/wp-content\/uploads\/2019\/06\/minha-casa-minha-vida.jpg?fit=300%2C200&amp;quality=70&amp;strip=all\" data-large-file=\"https:\/\/www.infomoney.com.br\/wp-content\/uploads\/2019\/06\/minha-casa-minha-vida.jpg?fit=640%2C426&amp;quality=70&amp;strip=all\">Tamb\u00e9m est\u00e1 na pauta o projeto que amplia recursos para fundo de socorro a calamidades p\u00fablicas<\/p>\n<p>The post <a rel=\"nofollow\" href=\"https:\/\/www.infomoney.com.br\/politica\/camara-pode-votar-mp-do-programa-minha-casa-minha-vida-nesta-quarta-feira\/\">C\u00e2mara pode votar MP do programa Minha Casa, Minha Vida nesta quarta-feira<\/a> appeared first on <a rel=\"nofollow\" href=\"https:\/\/www.infomoney.com.br\/\">InfoMoney<\/a>.<\/p>\n","protected":false},"author":47,"featured_media":0,"comment_status":"closed","ping_status":"closed","sticky":false,"template":"","format":"standard","meta":{"advgb_blocks_editor_width":"","advgb_blocks_columns_visual_guide":"","footnotes":""},"categories":[276,359,34,432,446,47],"tags":[35],"class_list":["post-19871","post","type-post","status-publish","format-standard","hentry","category-camara-dos-deputados","category-congresso-nacional","category-g1","category-medida-provisoria","category-minha-casa-minha-vida","category-politica","tag-g1"],"author_meta":{"display_name":"luispereira","author_link":"https:\/\/sindaopcpb.org.br\/author\/luispereira\/"},"featured_img":null,"coauthors":[],"tax_additional":{"categories":{"linked":["<a href=\"https:\/\/sindaopcpb.org.br\/camara-dos-deputados\/\" class=\"advgb-post-tax-term\">C\u00e2mara dos Deputados<\/a>","<a href=\"https:\/\/sindaopcpb.org.br\/congresso-nacional\/\" class=\"advgb-post-tax-term\">Congresso Nacional<\/a>","<a href=\"https:\/\/sindaopcpb.org.br\/g1\/\" class=\"advgb-post-tax-term\">G1<\/a>","<a href=\"https:\/\/sindaopcpb.org.br\/medida-provisoria\/\" class=\"advgb-post-tax-term\">Medida Provis\u00f3ria<\/a>","<a href=\"https:\/\/sindaopcpb.org.br\/minha-casa-minha-vida\/\" class=\"advgb-post-tax-term\">Minha Casa Minha Vida<\/a>","<a href=\"https:\/\/sindaopcpb.org.br\/politica\/\" class=\"advgb-post-tax-term\">POLITICA<\/a>"],"unlinked":["<span class=\"advgb-post-tax-term\">C\u00e2mara dos Deputados<\/span>","<span class=\"advgb-post-tax-term\">Congresso Nacional<\/span>","<span class=\"advgb-post-tax-term\">G1<\/span>","<span class=\"advgb-post-tax-term\">Medida Provis\u00f3ria<\/span>","<span class=\"advgb-post-tax-term\">Minha Casa Minha Vida<\/span>","<span class=\"advgb-post-tax-term\">POLITICA<\/span>"]},"tags":{"linked":["<a href=\"https:\/\/sindaopcpb.org.br\/politica\/\" class=\"advgb-post-tax-term\">g1<\/a>"],"unlinked":["<span class=\"advgb-post-tax-term\">g1<\/span>"]}},"comment_count":"0","relative_dates":{"created":"Publicado 3 anos atr\u00e1s","modified":"Atualizado 3 anos atr\u00e1s"},"absolute_dates":{"created":"Publicado em 7 de junho de 2023","modified":"Atualizado em 7 de junho de 2023"},"absolute_dates_time":{"created":"Publicado em 7 de junho de 2023 09:41","modified":"Atualizado em 7 de junho de 2023 09:41"},"featured_img_caption":"","series_order":"","_links":{"self":[{"href":"https:\/\/sindaopcpb.org.br\/index.php\/wp-json\/wp\/v2\/posts\/19871","targetHints":{"allow":["GET"]}}],"collection":[{"href":"https:\/\/sindaopcpb.org.br\/index.php\/wp-json\/wp\/v2\/posts"}],"about":[{"href":"https:\/\/sindaopcpb.org.br\/index.php\/wp-json\/wp\/v2\/types\/post"}],"author":[{"embeddable":true,"href":"https:\/\/sindaopcpb.org.br\/index.php\/wp-json\/wp\/v2\/users\/47"}],"replies":[{"embeddable":true,"href":"https:\/\/sindaopcpb.org.br\/index.php\/wp-json\/wp\/v2\/comments?post=19871"}],"version-history":[{"count":1,"href":"https:\/\/sindaopcpb.org.br\/index.php\/wp-json\/wp\/v2\/posts\/19871\/revisions"}],"predecessor-version":[{"id":19872,"href":"https:\/\/sindaopcpb.org.br\/index.php\/wp-json\/wp\/v2\/posts\/19871\/revisions\/19872"}],"wp:attachment":[{"href":"https:\/\/sindaopcpb.org.br\/index.php\/wp-json\/wp\/v2\/media?parent=19871"}],"wp:term":[{"taxonomy":"category","embeddable":true,"href":"https:\/\/sindaopcpb.org.br\/index.php\/wp-json\/wp\/v2\/categories?post=19871"},{"taxonomy":"post_tag","embeddable":true,"href":"https:\/\/sindaopcpb.org.br\/index.php\/wp-json\/wp\/v2\/tags?post=19871"}],"curies":[{"name":"wp","href":"https:\/\/api.w.org\/{rel}","templated":true}]}}