{"id":19785,"date":"2023-06-06T15:24:00","date_gmt":"2023-06-06T18:24:00","guid":{"rendered":"https:\/\/www.infomoney.com.br\/?p=2154524"},"modified":"2023-06-06T15:24:00","modified_gmt":"2023-06-06T18:24:00","slug":"alckmin-diz-estar-muito-otimista-com-reacao-a-mp-de-incentivo-a-industria-automotiva","status":"publish","type":"post","link":"https:\/\/sindaopcpb.org.br\/index.php\/2023\/06\/06\/alckmin-diz-estar-muito-otimista-com-reacao-a-mp-de-incentivo-a-industria-automotiva\/","title":{"rendered":"Alckmin diz estar \u2018muito otimista\u2019 com rea\u00e7\u00e3o \u00e0 MP de incentivo \u00e0 ind\u00fastria automotiva"},"content":{"rendered":"<p><img loading=\"lazy\" width=\"300\" height=\"225\" src=\"https:\/\/www.infomoney.com.br\/wp-content\/uploads\/2022\/11\/7.-08112022-pzzb1494.jpg?fit=300%2C225&amp;quality=70&amp;strip=all\" class=\"attachment-medium size-medium wp-post-image\" alt=\"\" decoding=\"async\" style=\"float:right; margin:0 0 10px 10px;\" srcset=\"https:\/\/www.infomoney.com.br\/wp-content\/uploads\/2022\/11\/7.-08112022-pzzb1494.jpg?w=1024&amp;quality=70&amp;strip=all 1024w, https:\/\/www.infomoney.com.br\/wp-content\/uploads\/2022\/11\/7.-08112022-pzzb1494.jpg?w=300&amp;quality=70&amp;strip=all 300w, https:\/\/www.infomoney.com.br\/wp-content\/uploads\/2022\/11\/7.-08112022-pzzb1494.jpg?w=768&amp;quality=70&amp;strip=all 768w, https:\/\/www.infomoney.com.br\/wp-content\/uploads\/2022\/11\/7.-08112022-pzzb1494.jpg?w=150&amp;quality=70&amp;strip=all 150w\" sizes=\"auto, (max-width: 300px) 100vw, 300px\" data-attachment-id=\"1987730\" data-permalink=\"https:\/\/www.infomoney.com.br\/politica\/alckmin-governo-lula-vai-fechar-contas-no-azul-e-reduzir-divida-mas-nao-em-24h\/attachment\/7-08112022-pzzb1494\/\" data-orig-file=\"https:\/\/www.infomoney.com.br\/wp-content\/uploads\/2022\/11\/7.-08112022-pzzb1494.jpg?fit=1024%2C768&amp;quality=70&amp;strip=all\" data-orig-size=\"1024,768\" data-comments-opened=\"0\" data-image-meta=\"{&quot;aperture&quot;:&quot;2.8&quot;,&quot;credit&quot;:&quot;Fabio Rodrigues-Pozzebom\\\/ Ag\\u00eancia Brasil&quot;,&quot;camera&quot;:&quot;Canon EOS 7D Mark II&quot;,&quot;caption&quot;:&quot;O vice-presidente eleito e coordenador da Transi\\u00e7\\u00e3o, Geraldo Alckmin, apresentou em coletiva nomes que compor\\u00e3o os grupos t\\u00e9cnicos da transi\\u00e7\\u00e3o&quot;,&quot;created_timestamp&quot;:&quot;1667923550&quot;,&quot;copyright&quot;:&quot;Ag\\u00eancia Brasil\\\/EBC&quot;,&quot;focal_length&quot;:&quot;200&quot;,&quot;iso&quot;:&quot;1250&quot;,&quot;shutter_speed&quot;:&quot;0.005&quot;,&quot;title&quot;:&quot;&quot;,&quot;orientation&quot;:&quot;0&quot;}\" data-image-title=\"Geraldo Alckmin\" data-image-description=\"\" data-image-caption=\"&lt;p&gt;O vice-presidente eleito, Geraldo Alckmin (PSB), no CCBB, em Bras\u00edlia (Foto: Fabio Rodrigues-Pozzebom\/ Ag\u00eancia Brasil)&lt;\/p&gt;\n\" data-medium-file=\"https:\/\/www.infomoney.com.br\/wp-content\/uploads\/2022\/11\/7.-08112022-pzzb1494.jpg?fit=300%2C225&amp;quality=70&amp;strip=all\" data-large-file=\"https:\/\/www.infomoney.com.br\/wp-content\/uploads\/2022\/11\/7.-08112022-pzzb1494.jpg?fit=1024%2C768&amp;quality=70&amp;strip=all\" title=\"\"><\/p>\n<p>No dia seguinte ao an\u00fancio das medidas do governo para baratear os pre\u00e7os dos ve\u00edculos, o vice-presidente da Rep\u00fablica, Geraldo Alckmin, participou, nesta ter\u00e7a-feira (6), da apresenta\u00e7\u00e3o da Anfavea, a associa\u00e7\u00e3o das montadoras, dos resultados do setor no m\u00eas passado. Em interven\u00e7\u00e3o curta, Alckmin, que tamb\u00e9m \u00e9 ministro do Desenvolvimento, Ind\u00fastria, Com\u00e9rcio e Servi\u00e7os, disse estar &#8220;muito otimista&#8221; com a rea\u00e7\u00e3o do mercado ap\u00f3s a publica\u00e7\u00e3o, nesta ter\u00e7a, da medida provis\u00f3ria (MP) que liberou cr\u00e9dito tribut\u00e1rio para baratear carros, caminh\u00f5es e \u00f4nibus.<\/p>\n<p>A MP, pontuou o vice-presidente, j\u00e1 est\u00e1 valendo.<\/p>\n<p>Ao considerar a medida &#8220;inteligente&#8221;, por atrelar os descontos a crit\u00e9rios de efici\u00eancia energ\u00e9tica, conte\u00fado nacional em uma cadeia muito longa e pre\u00e7os &#8211; quanto menor o valor do carro, maior o desconto -, Alckmin afirmou que o an\u00fancio traz tamb\u00e9m confian\u00e7a de preserva\u00e7\u00e3o de empregos, ap\u00f3s os mais de mil cortes de vagas nas montadoras durante o m\u00eas passado, e fortalecimento da ind\u00fastria.<\/p>\n<p>Ele reiterou o compromisso do governo com as mudan\u00e7as clim\u00e1ticas diante das cr\u00edticas ao programa por beneficiar carros que tamb\u00e9m rodam a gasolina. Nesse ponto, Alckmin observou que o Brasil tem uma frota de carros envelhecida, que emite 23 vezes mais.<\/p>\n<p>O vice-presidente lembrou ainda que o aperto nas regras de emiss\u00f5es aos ve\u00edculos a diesel encareceu o pre\u00e7o de caminh\u00f5es e \u00f4nibus mais eficientes. Isso representava um risco de a frota desses ve\u00edculos ficar ainda mais velha e, consequentemente, mais poluente e menos segura, disse Alckmin quando explicou a inclus\u00e3o de ve\u00edculos de carga e de transporte coletivo no programa.<\/p>\n<p>Para mostrar que o governo tamb\u00e9m age para melhorar a competitividade dos produtos brasileiros no exterior, o ministro da Ind\u00fastria lembrou que, no m\u00eas passado, o Banco Nacional de Desenvolvimento Econ\u00f4mico e Social (BNDES) lan\u00e7ou uma linha de R$ 4 bilh\u00f5es a exportadores a um custo &#8220;bem mais baixo&#8221;.<\/p>\n<p>The post <a rel=\"nofollow noopener\" href=\"https:\/\/www.infomoney.com.br\/politica\/alckmin-diz-estar-muito-otimista-com-reacao-a-mp-de-incentivo-a-industria-automotiva\/\" target=\"_blank\">Alckmin diz estar &#8216;muito otimista&#8217; com rea\u00e7\u00e3o \u00e0 MP de incentivo \u00e0 ind\u00fastria automotiva<\/a> appeared first on <a rel=\"nofollow noopener\" href=\"https:\/\/www.infomoney.com.br\/\" target=\"_blank\">InfoMoney<\/a>.<\/p>\n","protected":false},"excerpt":{"rendered":"<p><img loading=\"lazy\" decoding=\"async\" width=\"300\" height=\"225\" src=\"https:\/\/www.infomoney.com.br\/wp-content\/uploads\/2022\/11\/7.-08112022-pzzb1494.jpg?fit=300%2C225&amp;quality=70&amp;strip=all\" class=\"attachment-medium size-medium wp-post-image\" alt=\"\" data-attachment-id=\"1987730\" data-permalink=\"https:\/\/www.infomoney.com.br\/politica\/alckmin-governo-lula-vai-fechar-contas-no-azul-e-reduzir-divida-mas-nao-em-24h\/attachment\/7-08112022-pzzb1494\/\" data-orig-file=\"https:\/\/www.infomoney.com.br\/wp-content\/uploads\/2022\/11\/7.-08112022-pzzb1494.jpg?fit=1024%2C768&amp;quality=70&amp;strip=all\" data-orig-size=\"1024,768\" data-comments-opened=\"0\" data-image-meta='{\"aperture\":\"2.8\",\"credit\":\"Fabio Rodrigues-Pozzebom\\\/ Ag\\u00eancia Brasil\",\"camera\":\"Canon EOS 7D Mark II\",\"caption\":\"O vice-presidente eleito e coordenador da Transi\\u00e7\\u00e3o, Geraldo Alckmin, apresentou em coletiva nomes que compor\\u00e3o os grupos t\\u00e9cnicos da transi\\u00e7\\u00e3o\",\"created_timestamp\":\"1667923550\",\"copyright\":\"Ag\\u00eancia Brasil\\\/EBC\",\"focal_length\":\"200\",\"iso\":\"1250\",\"shutter_speed\":\"0.005\",\"title\":\"\",\"orientation\":\"0\"}' data-image-title=\"Geraldo Alckmin\" data-image-description=\"\" data-image-caption=\"&lt;p&gt;O vice-presidente eleito, Geraldo Alckmin (PSB), no CCBB, em Bras\u00edlia (Foto: Fabio Rodrigues-Pozzebom\/ Ag\u00eancia Brasil)&lt;\/p&gt;\n\" data-medium-file=\"https:\/\/www.infomoney.com.br\/wp-content\/uploads\/2022\/11\/7.-08112022-pzzb1494.jpg?fit=300%2C225&amp;quality=70&amp;strip=all\" data-large-file=\"https:\/\/www.infomoney.com.br\/wp-content\/uploads\/2022\/11\/7.-08112022-pzzb1494.jpg?fit=1024%2C768&amp;quality=70&amp;strip=all\">Vice reiterou o compromisso do governo com as mudan\u00e7as clim\u00e1ticas diante das cr\u00edticas ao programa por beneficiar carros que tamb\u00e9m rodam a gasolina<\/p>\n<p>The post <a rel=\"nofollow\" href=\"https:\/\/www.infomoney.com.br\/politica\/alckmin-diz-estar-muito-otimista-com-reacao-a-mp-de-incentivo-a-industria-automotiva\/\">Alckmin diz estar \u2018muito otimista\u2019 com rea\u00e7\u00e3o \u00e0 MP de incentivo \u00e0 ind\u00fastria automotiva<\/a> appeared first on <a rel=\"nofollow\" href=\"https:\/\/www.infomoney.com.br\/\">InfoMoney<\/a>.<\/p>\n","protected":false},"author":43,"featured_media":0,"comment_status":"closed","ping_status":"closed","sticky":false,"template":"","format":"standard","meta":{"advgb_blocks_editor_width":"","advgb_blocks_columns_visual_guide":"","footnotes":""},"categories":[3591,34,340,432,47],"tags":[35],"class_list":["post-19785","post","type-post","status-publish","format-standard","hentry","category-anfavea","category-g1","category-geraldo-alckmin","category-medida-provisoria","category-politica","tag-g1"],"author_meta":{"display_name":"Estad\u00e3o Conte\u00fado","author_link":"https:\/\/sindaopcpb.org.br\/author\/estadao-conteudo\/"},"featured_img":null,"coauthors":[],"tax_additional":{"categories":{"linked":["<a href=\"https:\/\/sindaopcpb.org.br\/anfavea\/\" class=\"advgb-post-tax-term\">Anfavea<\/a>","<a href=\"https:\/\/sindaopcpb.org.br\/g1\/\" class=\"advgb-post-tax-term\">G1<\/a>","<a href=\"https:\/\/sindaopcpb.org.br\/geraldo-alckmin\/\" class=\"advgb-post-tax-term\">Geraldo Alckmin<\/a>","<a href=\"https:\/\/sindaopcpb.org.br\/medida-provisoria\/\" class=\"advgb-post-tax-term\">Medida Provis\u00f3ria<\/a>","<a href=\"https:\/\/sindaopcpb.org.br\/politica\/\" class=\"advgb-post-tax-term\">POLITICA<\/a>"],"unlinked":["<span class=\"advgb-post-tax-term\">Anfavea<\/span>","<span class=\"advgb-post-tax-term\">G1<\/span>","<span class=\"advgb-post-tax-term\">Geraldo Alckmin<\/span>","<span class=\"advgb-post-tax-term\">Medida Provis\u00f3ria<\/span>","<span class=\"advgb-post-tax-term\">POLITICA<\/span>"]},"tags":{"linked":["<a href=\"https:\/\/sindaopcpb.org.br\/politica\/\" class=\"advgb-post-tax-term\">g1<\/a>"],"unlinked":["<span class=\"advgb-post-tax-term\">g1<\/span>"]}},"comment_count":"0","relative_dates":{"created":"Publicado 3 anos atr\u00e1s","modified":"Atualizado 3 anos atr\u00e1s"},"absolute_dates":{"created":"Publicado em 6 de junho de 2023","modified":"Atualizado em 6 de junho de 2023"},"absolute_dates_time":{"created":"Publicado em 6 de junho de 2023 15:24","modified":"Atualizado em 6 de junho de 2023 15:24"},"featured_img_caption":"","series_order":"","_links":{"self":[{"href":"https:\/\/sindaopcpb.org.br\/index.php\/wp-json\/wp\/v2\/posts\/19785","targetHints":{"allow":["GET"]}}],"collection":[{"href":"https:\/\/sindaopcpb.org.br\/index.php\/wp-json\/wp\/v2\/posts"}],"about":[{"href":"https:\/\/sindaopcpb.org.br\/index.php\/wp-json\/wp\/v2\/types\/post"}],"author":[{"embeddable":true,"href":"https:\/\/sindaopcpb.org.br\/index.php\/wp-json\/wp\/v2\/users\/43"}],"replies":[{"embeddable":true,"href":"https:\/\/sindaopcpb.org.br\/index.php\/wp-json\/wp\/v2\/comments?post=19785"}],"version-history":[{"count":1,"href":"https:\/\/sindaopcpb.org.br\/index.php\/wp-json\/wp\/v2\/posts\/19785\/revisions"}],"predecessor-version":[{"id":19786,"href":"https:\/\/sindaopcpb.org.br\/index.php\/wp-json\/wp\/v2\/posts\/19785\/revisions\/19786"}],"wp:attachment":[{"href":"https:\/\/sindaopcpb.org.br\/index.php\/wp-json\/wp\/v2\/media?parent=19785"}],"wp:term":[{"taxonomy":"category","embeddable":true,"href":"https:\/\/sindaopcpb.org.br\/index.php\/wp-json\/wp\/v2\/categories?post=19785"},{"taxonomy":"post_tag","embeddable":true,"href":"https:\/\/sindaopcpb.org.br\/index.php\/wp-json\/wp\/v2\/tags?post=19785"}],"curies":[{"name":"wp","href":"https:\/\/api.w.org\/{rel}","templated":true}]}}