{"id":19583,"date":"2023-06-05T12:03:50","date_gmt":"2023-06-05T15:03:50","guid":{"rendered":"https:\/\/g1.globo.com\/pb\/paraiba\/noticia\/2023\/06\/05\/brasileira-morre-em-acidente-de-moto-em-portugal.ghtml"},"modified":"2023-06-05T12:03:50","modified_gmt":"2023-06-05T15:03:50","slug":"brasileira-morre-em-acidente-de-moto-em-portugal","status":"publish","type":"post","link":"https:\/\/sindaopcpb.org.br\/index.php\/2023\/06\/05\/brasileira-morre-em-acidente-de-moto-em-portugal\/","title":{"rendered":"Brasileira morre em acidente de moto em Portugal"},"content":{"rendered":"   <img src=\"https:\/\/s2.glbimg.com\/qPRha5Ad9xdqgxBw1rPK8d18fjU=\/i.s3.glbimg.com\/v1\/AUTH_59edd422c0c84a879bd37670ae4f538a\/internal_photos\/bs\/2023\/7\/B\/79XvumSHKGAIrTm4pDaQ\/mayara-brasileira-que-morreu-em-acidente-de-moto-em-portugal.jpeg\" \/><br \/>     Mayara Leoc\u00e1dio tinha 29 anos e morava no pa\u00eds desde 2019. Familiares fizeram uma campanha para arrecadar os custos do translado.  Mayara Leoc\u00e1dio, de 29 anos, morreu em um acidente de moto, em Portugal\nArquivo pessoal\/Samira Medeiros\nUma paraibana de Jo\u00e3o Pessoa, Mayara Leoc\u00e1dio, de 29 anos, morreu em um acidente de moto na \u00faltima quinta-feira (1\u00ba), na cidade de Set\u00fabal, em Portugal. A mulher foi socorrida e encaminhada para o Centro Hospitalar Barreiro Montijo, mas quando chegou ao local, o \u00f3bito foi declarado. \nA fam\u00edlia fez uma campanha para arrecadar o dinheiro do translado do corpo. Os custos giram em torno de R$ 50 mil. O valor j\u00e1 foi arrecadado e o corpo deve vir para Jo\u00e3o Pessoa na ter\u00e7a (2) ou quinta-feira (8).  \nDe acordo com a fam\u00edlia, Mayara j\u00e1 tinha experi\u00eancia em conduzir o ve\u00edculo, mas teria derrapado na pista. A irm\u00e3 de Mayara, Samira Medeiros, disse que ela estava em Portugal desde 2019 e, atualmente, trabalhava em uma cafeteria. \nAmigos de brasileira que morreu em Portugal fazem homenagem em praia de Set\u00fabal \nArquivo pessoal\/Samira Medeiros\nAmigos de Mayara Leoc\u00e1dio em Portugal fizeram uma homenagem \u00e0 paraibana, em uma praia na regi\u00e3o de Set\u00fabal. \nV\u00eddeos mais assistidos do g1 Para\u00edba  ","protected":false},"excerpt":{"rendered":"<p>        Mayara Leoc\u00e1dio tinha 29 anos e morava no pa\u00eds desde 2019. Familiares fizeram uma campanha para arrecadar os custos do translado.  Mayara Leoc\u00e1dio, de 29 anos, morreu em um acidente de moto, em Portugal<br \/>\nArquivo pessoal\/Samira Medeiros<br \/>\nUma parai&#8230;<\/p>\n","protected":false},"author":2,"featured_media":0,"comment_status":"closed","ping_status":"closed","sticky":false,"template":"","format":"standard","meta":{"advgb_blocks_editor_width":"","advgb_blocks_columns_visual_guide":"","footnotes":""},"categories":[34],"tags":[35],"class_list":["post-19583","post","type-post","status-publish","format-standard","hentry","category-g1","tag-g1"],"author_meta":{"display_name":"g1 &gt; Para\u00edba","author_link":"https:\/\/sindaopcpb.org.br\/author\/g1-paraiba\/"},"featured_img":null,"coauthors":[],"tax_additional":{"categories":{"linked":["<a href=\"https:\/\/sindaopcpb.org.br\/g1\/\" class=\"advgb-post-tax-term\">G1<\/a>"],"unlinked":["<span class=\"advgb-post-tax-term\">G1<\/span>"]},"tags":{"linked":["<a href=\"https:\/\/sindaopcpb.org.br\/g1\/\" class=\"advgb-post-tax-term\">g1<\/a>"],"unlinked":["<span class=\"advgb-post-tax-term\">g1<\/span>"]}},"comment_count":"0","relative_dates":{"created":"Publicado 3 anos atr\u00e1s","modified":"Atualizado 3 anos atr\u00e1s"},"absolute_dates":{"created":"Publicado em 5 de junho de 2023","modified":"Atualizado em 5 de junho de 2023"},"absolute_dates_time":{"created":"Publicado em 5 de junho de 2023 12:03","modified":"Atualizado em 5 de junho de 2023 12:03"},"featured_img_caption":"","series_order":"","_links":{"self":[{"href":"https:\/\/sindaopcpb.org.br\/index.php\/wp-json\/wp\/v2\/posts\/19583","targetHints":{"allow":["GET"]}}],"collection":[{"href":"https:\/\/sindaopcpb.org.br\/index.php\/wp-json\/wp\/v2\/posts"}],"about":[{"href":"https:\/\/sindaopcpb.org.br\/index.php\/wp-json\/wp\/v2\/types\/post"}],"author":[{"embeddable":true,"href":"https:\/\/sindaopcpb.org.br\/index.php\/wp-json\/wp\/v2\/users\/2"}],"replies":[{"embeddable":true,"href":"https:\/\/sindaopcpb.org.br\/index.php\/wp-json\/wp\/v2\/comments?post=19583"}],"version-history":[{"count":1,"href":"https:\/\/sindaopcpb.org.br\/index.php\/wp-json\/wp\/v2\/posts\/19583\/revisions"}],"predecessor-version":[{"id":19584,"href":"https:\/\/sindaopcpb.org.br\/index.php\/wp-json\/wp\/v2\/posts\/19583\/revisions\/19584"}],"wp:attachment":[{"href":"https:\/\/sindaopcpb.org.br\/index.php\/wp-json\/wp\/v2\/media?parent=19583"}],"wp:term":[{"taxonomy":"category","embeddable":true,"href":"https:\/\/sindaopcpb.org.br\/index.php\/wp-json\/wp\/v2\/categories?post=19583"},{"taxonomy":"post_tag","embeddable":true,"href":"https:\/\/sindaopcpb.org.br\/index.php\/wp-json\/wp\/v2\/tags?post=19583"}],"curies":[{"name":"wp","href":"https:\/\/api.w.org\/{rel}","templated":true}]}}