{"id":19581,"date":"2023-06-05T12:42:36","date_gmt":"2023-06-05T15:42:36","guid":{"rendered":"https:\/\/g1.globo.com\/pb\/paraiba\/sao-joao\/2023\/noticia\/2023\/06\/05\/programacao-completa-sao-joao-2023-de-esperanca-pb.ghtml"},"modified":"2023-06-05T12:42:36","modified_gmt":"2023-06-05T15:42:36","slug":"programacao-do-sao-joao-2023-de-esperanca-pb-tem-shows-de-ze-ramalho-alceu-valenca-e-mais","status":"publish","type":"post","link":"https:\/\/sindaopcpb.org.br\/index.php\/2023\/06\/05\/programacao-do-sao-joao-2023-de-esperanca-pb-tem-shows-de-ze-ramalho-alceu-valenca-e-mais\/","title":{"rendered":"Programa\u00e7\u00e3o do S\u00e3o Jo\u00e3o 2023 de Esperan\u00e7a, PB, tem shows de Z\u00e9 Ramalho, Alceu Valen\u00e7a e mais"},"content":{"rendered":"   <img src=\"https:\/\/s2.glbimg.com\/-SHyYTyCURxyrbnOlJHvNyN7wlM=\/i.s3.glbimg.com\/v1\/AUTH_59edd422c0c84a879bd37670ae4f538a\/internal_photos\/bs\/2023\/A\/J\/X4b5jXQI6Q62o1x0ml6A\/joao-rock-g1-20230603-0056.jpg\" \/><br \/>     Shows acontecem de 25 de junho a 1\u00ba de julho em estrutura montada na rua principal de Esperan\u00e7a. Z\u00e9 Ramalho \u00e9 uma das atra\u00e7\u00f5es do S\u00e3o Jo\u00e3o 2023 de Esperan\u00e7a\nIgor do Vale\/g1\nO S\u00e3o Jo\u00e3o 2023 de Esperan\u00e7a, no Agreste da Para\u00edba, divulgou a programa\u00e7\u00e3o completa de shows. A festa acontece de 25 de junho a 1\u00ba de julho, e re\u00fane nomes como Alceu Valen\u00e7a e Z\u00e9 Ramalho.\nCompartilhe no WhatsApp\nCompartilhe no Telegram\nA festa de S\u00e3o Jo\u00e3o em Esperan\u00e7a \u00e9 uma das mais tradicionais da Para\u00edba. A cidade fica a cerca de 25 quil\u00f4metros de Campina Grande, cidade onde acontece \"O Maior S\u00e3o Jo\u00e3o do Mundo\", com programa\u00e7\u00e3o de shows durante 32 dias.\nO S\u00e3o Jo\u00e3o de Esperan\u00e7a acontece em uma estrutura montada na rua principal da cidade. Al\u00e9m de shows, o local conta com decora\u00e7\u00e3o tem\u00e1tica junina para receber turistas. \nLEIA TAMB\u00c9M:\nS\u00e3o Jo\u00e3o de Sousa tem shows de Xand Avi\u00e3o e Wesley Safad\u00e3o\nVeja programa\u00e7\u00e3o completa do S\u00e3o Jo\u00e3o 2023 de Campina Grande\nTudo sobre o S\u00e3o Jo\u00e3o 2023 na Para\u00edba\nAlceu Valen\u00e7a tamb\u00e9m se apresenta no S\u00e3o Jo\u00e3o 2023 de Esperan\u00e7a\n\u00c9rico Andrade\/g1\nPrograma\u00e7\u00e3o do S\u00e3o Jo\u00e3o 2023 de Esperan\u00e7a\n25 de junho (domingo)\nFabiana Souto\nMatheus Felipe\nMara Pavanelly\nEdilson\n26 de junho (segunda-feira)\nAlceu Valen\u00e7a\nZezo Potiguar\nAlexandre Tan\nJunior D'Lima\n27 de junho (ter\u00e7a-feira)\nTaty Girl\nFabiano Guimar\u00e3es\nForr\u00f3 Feiti\u00e7o\nJoabson Moreno e Emmanuele Santos\n28 de junho (quarta-feira)\nZ\u00e9 Ramalho\nGG Bismarck\nBanda Palov\nJonas Souza\n29 de junho (quinta-feira)\nPablo\nCapil\u00e9\nBanda Encantu's\nDean Oliveira\n30 de junho (sexta-feira)\nCavaleiros do Forr\u00f3\nForroz\u00e3o Karkar\u00e1\nDonas da Farra\nJefferson Arretado\n1\u00ba de julho (s\u00e1bado)\nJapa\u00f5zin\nTha\u00edse Porto\nJoyce Tayn\u00e1\nFixa\u00e7\u00e3o\nYngrid Ellen\nV\u00eddeos mais assistidos do g1 Para\u00edba  ","protected":false},"excerpt":{"rendered":"<p>        Shows acontecem de 25 de junho a 1\u00ba de julho em estrutura montada na rua principal de Esperan\u00e7a. Z\u00e9 Ramalho \u00e9 uma das atra\u00e7\u00f5es do S\u00e3o Jo\u00e3o 2023 de Esperan\u00e7a<br \/>\nIgor do Vale\/g1<br \/>\nO S\u00e3o Jo\u00e3o 2023 de Esperan\u00e7a, no Agreste da Para\u00edba, divulgou a program&#8230;<\/p>\n","protected":false},"author":2,"featured_media":0,"comment_status":"closed","ping_status":"closed","sticky":false,"template":"","format":"standard","meta":{"advgb_blocks_editor_width":"","advgb_blocks_columns_visual_guide":"","footnotes":""},"categories":[34],"tags":[35],"class_list":["post-19581","post","type-post","status-publish","format-standard","hentry","category-g1","tag-g1"],"author_meta":{"display_name":"g1 &gt; Para\u00edba","author_link":"https:\/\/sindaopcpb.org.br\/author\/g1-paraiba\/"},"featured_img":null,"coauthors":[],"tax_additional":{"categories":{"linked":["<a href=\"https:\/\/sindaopcpb.org.br\/g1\/\" class=\"advgb-post-tax-term\">G1<\/a>"],"unlinked":["<span class=\"advgb-post-tax-term\">G1<\/span>"]},"tags":{"linked":["<a href=\"https:\/\/sindaopcpb.org.br\/g1\/\" class=\"advgb-post-tax-term\">g1<\/a>"],"unlinked":["<span class=\"advgb-post-tax-term\">g1<\/span>"]}},"comment_count":"0","relative_dates":{"created":"Publicado 3 anos atr\u00e1s","modified":"Atualizado 3 anos atr\u00e1s"},"absolute_dates":{"created":"Publicado em 5 de junho de 2023","modified":"Atualizado em 5 de junho de 2023"},"absolute_dates_time":{"created":"Publicado em 5 de junho de 2023 12:42","modified":"Atualizado em 5 de junho de 2023 12:42"},"featured_img_caption":"","series_order":"","_links":{"self":[{"href":"https:\/\/sindaopcpb.org.br\/index.php\/wp-json\/wp\/v2\/posts\/19581","targetHints":{"allow":["GET"]}}],"collection":[{"href":"https:\/\/sindaopcpb.org.br\/index.php\/wp-json\/wp\/v2\/posts"}],"about":[{"href":"https:\/\/sindaopcpb.org.br\/index.php\/wp-json\/wp\/v2\/types\/post"}],"author":[{"embeddable":true,"href":"https:\/\/sindaopcpb.org.br\/index.php\/wp-json\/wp\/v2\/users\/2"}],"replies":[{"embeddable":true,"href":"https:\/\/sindaopcpb.org.br\/index.php\/wp-json\/wp\/v2\/comments?post=19581"}],"version-history":[{"count":1,"href":"https:\/\/sindaopcpb.org.br\/index.php\/wp-json\/wp\/v2\/posts\/19581\/revisions"}],"predecessor-version":[{"id":19582,"href":"https:\/\/sindaopcpb.org.br\/index.php\/wp-json\/wp\/v2\/posts\/19581\/revisions\/19582"}],"wp:attachment":[{"href":"https:\/\/sindaopcpb.org.br\/index.php\/wp-json\/wp\/v2\/media?parent=19581"}],"wp:term":[{"taxonomy":"category","embeddable":true,"href":"https:\/\/sindaopcpb.org.br\/index.php\/wp-json\/wp\/v2\/categories?post=19581"},{"taxonomy":"post_tag","embeddable":true,"href":"https:\/\/sindaopcpb.org.br\/index.php\/wp-json\/wp\/v2\/tags?post=19581"}],"curies":[{"name":"wp","href":"https:\/\/api.w.org\/{rel}","templated":true}]}}