{"id":19523,"date":"2023-06-05T04:14:13","date_gmt":"2023-06-05T07:14:13","guid":{"rendered":"https:\/\/g1.globo.com\/pb\/paraiba\/sao-joao\/2023\/noticia\/2023\/06\/05\/iguinho-e-lulinha-se-emocionam-ao-tocar-pela-primeira-vez-no-sao-joao-de-campina-grande-sonho-realizado.ghtml"},"modified":"2023-06-05T04:14:13","modified_gmt":"2023-06-05T07:14:13","slug":"iguinho-e-lulinha-se-emocionam-ao-tocar-pela-primeira-vez-no-sao-joao-de-campina-grande-sonho-realizado","status":"publish","type":"post","link":"https:\/\/sindaopcpb.org.br\/index.php\/2023\/06\/05\/iguinho-e-lulinha-se-emocionam-ao-tocar-pela-primeira-vez-no-sao-joao-de-campina-grande-sonho-realizado\/","title":{"rendered":"Iguinho e Lulinha se emocionam ao tocar pela primeira vez no S\u00e3o Jo\u00e3o de Campina Grande: \u2018sonho realizado\u2019"},"content":{"rendered":"   <img src=\"https:\/\/s2.glbimg.com\/aQd08BhXSDMKJcrJhwotgK4k6LE=\/i.s3.glbimg.com\/v1\/AUTH_59edd422c0c84a879bd37670ae4f538a\/internal_photos\/bs\/2023\/f\/p\/BzHUr0TBOuBlJEWvEMRA\/20230605011204-img-8095.jpg\" \/><br \/>     Irm\u00e3os se apresentaram pela primeira vez no Parque do Povo, encerrando a programa\u00e7\u00e3o de shows do domingo (4). Cerca de 50 mil f\u00e3s estiveram na festa. Iguinho e Lulinha no S\u00e3o Jo\u00e3o 2023 de Campina Grande\nDaniel Galdino\/Divulga\u00e7\u00e3o\nA dupla Iguinho e Lulinha se apresentou no S\u00e3o Jo\u00e3o 2023 de Campina Grande, Agreste da Para\u00edba, no in\u00edcio da madrugada desta segunda-feira (5), finalizando o quarto dia de shows da festa junina. Os irm\u00e3os se emocionaram antes de subir ao palco principal no Parque do Povo, onde cantaram pela primeira vez na carreira.\n\u201cUma grande responsabilidade, uma satisfa\u00e7\u00e3o, sonho realizado. A gente que veio de baixo e chegar para cantar num palco desse, que \u00e9 o sonho de todo cantor, \u00e9 uma responsabilidade muito grande\u201d, disse Lulinha pouco antes de se apresentarem no palco principal do Parque do Povo.\nCompartilhe no WhatsApp\nCompartilhe no Telegram\nO estilo musical da dupla carrega a ess\u00eancia do forr\u00f3 de vaquejada. Iguinho explicou que, para eles, \u00e9 uma honra poder trazer o forr\u00f3 de vaquejada para o repert\u00f3rio do show em Campina Grande e que estavam sentindo falta desse tipo de estilo musical nos shows.\n\u201cAlegria poder resgatar um pouco do forr\u00f3 de vaquejada, estava precisando\u201d, relatou Iguinho.\nNo repert\u00f3rio musical da dupla, cantaram sucessos como \u201cEu Me Rendo\u201d, \u201cTe Amar, Te Amar\u201d e \u201c\u00c1guas de Chuva\u201d, que contagiaram o p\u00fablico que estava presente no Parque do Povo. De acordo com a empresa organizadora do evento, mais de 50 mil pessoas estiveram presentes na festa.\nIguinho e Lulinha no S\u00e3o Jo\u00e3o 2023 de Campina Grande\nErickson Nogueira\/g1\nLEIA TAMB\u00c9M:\nSHOWS: veja a programa\u00e7\u00e3o do S\u00e3o Jo\u00e3o 2023 de Campina Grande \nNOVOS ESTILOS: piseiro \u00e9 destaque na programa\u00e7\u00e3o do S\u00e3o Jo\u00e3o 2023 de Campina Grande\nA dupla interagiu com o p\u00fablico e chegaram a dividir o palco com um dos f\u00e3s que estava na festa. O show de Iguinho e Lulinha durou at\u00e9 2h45.\nShow de Henry Freitas anima foli\u00f5es em Campina Grande\nHenry Freitas no S\u00e3o Jo\u00e3o 2023 de Campina Grande\nErickson Nogueira\/g1\nO cantor Henry Freitas subiu ao palco por volta das 23h e animou o p\u00fablico que estava presente no Parque do Povo. Utilizando muitos fogos e pap\u00e9is, o show do pernambucano foi o pen\u00faltimo da noite de domingo (4).\nNo palco, o artista interagiu com o p\u00fablico e, enquanto Henry se apresentava, o Parque do Povo atingiu boa lota\u00e7\u00e3o, e ao saber do grande p\u00fablico presente na festa, Henry se emocionou e dividiu o momento com o p\u00fablico. \u201cT\u00f4 feliz demais\u201d, expressou Henry em um momento do show.\nNo repert\u00f3rio que o artista tocou no palco, estiveram presente alguns sucessos da carreira do artista, dentre elas \u201cEu Nem Lembro\u201d, \u201cMe Bloqueia\u201d e \u201cMantenha Dist\u00e2ncia\u201d, levaram o p\u00fablico presente no Parque do Palco a cantar a plenos pulm\u00f5es m\u00fasicas de forr\u00f3 e outros estilos. A apresenta\u00e7\u00e3o de Henry foi at\u00e9 as 0h40.\nAntes de subir ao palco, Henry Freitas comentou sobre sua quarta apresenta\u00e7\u00e3o no palco principal do Parque do Povo, e reafirmou o apre\u00e7o que tem pela Para\u00edba.\n\u201cT\u00f4 muito feliz e realizado. N\u00e3o sou paraibano, mas o sangue da Para\u00edba corre nas minhas veias. [O S\u00e3o Jo\u00e3o] \u00e9 nosso maior patrim\u00f4nio e fico muito feliz por participar do Maior S\u00e3o Jo\u00e3o do Mundo\u201d, declarou o artista.\nHenry Freitas no S\u00e3o Jo\u00e3o 2023 de Campina Grande\nErickson Nogueira\/g1\nMais cedo, quem subiu ao palco foram os artistas Lucas Aboiador e Karkar\u00e1, com apresenta\u00e7\u00f5es que animaram o p\u00fablico que estava chegando no Parque do Povo, entre 18h30 e 22h40.\nPrograma\u00e7\u00e3o\nA programa\u00e7\u00e3o do palco principal do Parque do Povo ser\u00e1 retomada na ter\u00e7a-feira (6), com atra\u00e7\u00f5es religiosas. Se apresentam Teto Fonseca e Padre Nilson no S\u00e3o Jo\u00e3o 2023 de Campina Grande. As apresenta\u00e7\u00f5es come\u00e7am a partir das 19h e se estendem at\u00e9 as 23h.\nV\u00eddeos mais assistidos do g1 Para\u00edba  ","protected":false},"excerpt":{"rendered":"<p>        Irm\u00e3os se apresentaram pela primeira vez no Parque do Povo, encerrando a programa\u00e7\u00e3o de shows do domingo (4). Cerca de 50 mil f\u00e3s estiveram na festa. Iguinho e Lulinha no S\u00e3o Jo\u00e3o 2023 de Campina Grande<br \/>\nDaniel Galdino\/Divulga\u00e7\u00e3o<br \/>\nA dupla Iguinho&#8230;<\/p>\n","protected":false},"author":2,"featured_media":0,"comment_status":"closed","ping_status":"closed","sticky":false,"template":"","format":"standard","meta":{"advgb_blocks_editor_width":"","advgb_blocks_columns_visual_guide":"","footnotes":""},"categories":[34],"tags":[35],"class_list":["post-19523","post","type-post","status-publish","format-standard","hentry","category-g1","tag-g1"],"author_meta":{"display_name":"g1 &gt; Para\u00edba","author_link":"https:\/\/sindaopcpb.org.br\/author\/g1-paraiba\/"},"featured_img":null,"coauthors":[],"tax_additional":{"categories":{"linked":["<a href=\"https:\/\/sindaopcpb.org.br\/g1\/\" class=\"advgb-post-tax-term\">G1<\/a>"],"unlinked":["<span class=\"advgb-post-tax-term\">G1<\/span>"]},"tags":{"linked":["<a href=\"https:\/\/sindaopcpb.org.br\/g1\/\" class=\"advgb-post-tax-term\">g1<\/a>"],"unlinked":["<span class=\"advgb-post-tax-term\">g1<\/span>"]}},"comment_count":"0","relative_dates":{"created":"Publicado 3 anos atr\u00e1s","modified":"Atualizado 3 anos atr\u00e1s"},"absolute_dates":{"created":"Publicado em 5 de junho de 2023","modified":"Atualizado em 5 de junho de 2023"},"absolute_dates_time":{"created":"Publicado em 5 de junho de 2023 04:14","modified":"Atualizado em 5 de junho de 2023 04:14"},"featured_img_caption":"","series_order":"","_links":{"self":[{"href":"https:\/\/sindaopcpb.org.br\/index.php\/wp-json\/wp\/v2\/posts\/19523","targetHints":{"allow":["GET"]}}],"collection":[{"href":"https:\/\/sindaopcpb.org.br\/index.php\/wp-json\/wp\/v2\/posts"}],"about":[{"href":"https:\/\/sindaopcpb.org.br\/index.php\/wp-json\/wp\/v2\/types\/post"}],"author":[{"embeddable":true,"href":"https:\/\/sindaopcpb.org.br\/index.php\/wp-json\/wp\/v2\/users\/2"}],"replies":[{"embeddable":true,"href":"https:\/\/sindaopcpb.org.br\/index.php\/wp-json\/wp\/v2\/comments?post=19523"}],"version-history":[{"count":1,"href":"https:\/\/sindaopcpb.org.br\/index.php\/wp-json\/wp\/v2\/posts\/19523\/revisions"}],"predecessor-version":[{"id":19524,"href":"https:\/\/sindaopcpb.org.br\/index.php\/wp-json\/wp\/v2\/posts\/19523\/revisions\/19524"}],"wp:attachment":[{"href":"https:\/\/sindaopcpb.org.br\/index.php\/wp-json\/wp\/v2\/media?parent=19523"}],"wp:term":[{"taxonomy":"category","embeddable":true,"href":"https:\/\/sindaopcpb.org.br\/index.php\/wp-json\/wp\/v2\/categories?post=19523"},{"taxonomy":"post_tag","embeddable":true,"href":"https:\/\/sindaopcpb.org.br\/index.php\/wp-json\/wp\/v2\/tags?post=19523"}],"curies":[{"name":"wp","href":"https:\/\/api.w.org\/{rel}","templated":true}]}}