{"id":19513,"date":"2023-06-04T17:44:53","date_gmt":"2023-06-04T20:44:53","guid":{"rendered":"https:\/\/g1.globo.com\/pb\/paraiba\/noticia\/2023\/06\/04\/saiba-onde-se-vacinar-contra-covid-19-e-influenza-em-joao-pessoa-nesta-segunda-5.ghtml"},"modified":"2023-06-04T17:44:53","modified_gmt":"2023-06-04T20:44:53","slug":"saiba-onde-se-vacinar-contra-covid-19-e-influenza-em-joao-pessoa-nesta-segunda-5","status":"publish","type":"post","link":"https:\/\/sindaopcpb.org.br\/index.php\/2023\/06\/04\/saiba-onde-se-vacinar-contra-covid-19-e-influenza-em-joao-pessoa-nesta-segunda-5\/","title":{"rendered":"Saiba onde se vacinar contra Covid-19 e influenza em Jo\u00e3o Pessoa, nesta segunda (5)"},"content":{"rendered":"   <img src=\"https:\/\/s2.glbimg.com\/7NK9qC32XQdbMux10QDeyaLgvk0=\/i.s3.glbimg.com\/v1\/AUTH_59edd422c0c84a879bd37670ae4f538a\/internal_photos\/bs\/2022\/x\/9\/g0AhLtT36KIJBhmu1t7A\/vacinacao-de-criancas-em-joao-pessoa.jpeg\" \/><br \/>     A partir desta segunda-feira (5) at\u00e9 a sexta-feira (9), haver\u00e1 um ponto extra de vacina\u00e7\u00e3o no Busto de Tamandar\u00e9.  Vacina\u00e7\u00e3o contra Covid-19 em crian\u00e7as, em Jo\u00e3o Pessoa\nKleide Teixeira\/Secom-JP\nO munic\u00edpio de Jo\u00e3o Pessoa continua vacinando todos os p\u00fablicos com as campanhas ativas contra Influenza e Covid-19. Uma novidade da campanha nesta segunda-feira (5) \u00e9 um ponto m\u00f3vel no Busto de Tamandar\u00e9, no Cabo Branco, que funcionar\u00e1 at\u00e9 a sexta-feira (9), das 16h \u00e0s 21h.  \nA vacina\u00e7\u00e3o tamb\u00e9m continua  nas unidades de Sa\u00fade da Fam\u00edlia, nas policl\u00ednicas municipais e no Centro Municipal de Imuniza\u00e7\u00e3o, at\u00e9 as 16h, e no Mangabeira Shopping, das 16h \u00e0s 22h.  A Pfizer Bivalente est\u00e1 dispon\u00edvel para pessoas acima de 18 anos de idade.\nOutras vacinas\nAl\u00e9m dos imunizantes contra a covid-19 e a influenza, s\u00e3o ofertadas todas as vacinas do calend\u00e1rio de rotina, durante os tr\u00eas turnos. \nDocumenta\u00e7\u00e3o\nPara receber a vacina contra Covid-19 \u00e9 necess\u00e1rio apresentar um documento oficial, cart\u00e3o do SUS e cart\u00e3o de vacina que comprove outras doses dos imunizantes.\nJ\u00e1 para receber a vacina contra Influenza e demais vacinas do calend\u00e1rio de rotina \u00e9 importante levar o Cart\u00e3o de Vacina, cart\u00e3o do SUS e documento oficial do usu\u00e1rio.\nLocais para vacina\u00e7\u00e3o em Jo\u00e3o Pessoa nesta segunda (5):\nCrian\u00e7as a partir dos seis meses a 2 anos (sem agendamento)\n1\u00aa dose: Pfizer-BioNTech baby\n2\u00aa dose: Pfizer-BioNTech baby (28 dias)\n3\u00aa dose: Pfizer-BioNTech baby (60 dias)\n\u2013 Salas de vacinas nas USFs*\u2013 7h \u00e0s 11h e das 12h \u00e0s 16h\n\u2013 Policl\u00ednicas Municipais \u2013 8h \u00e0s 16h (Policl\u00ednica de Mangabeira funciona das 7h \u00e0s 11h e das 12h \u00e0s 16h30)\n\u2013 Centro Municipal de Imuniza\u00e7\u00e3o \u2013 8h \u00e0s 16h\n\u2013 Mangabeira Shopping \u2013 13h \u00e0s 22h \u2013 (apenas acesso pedestre)\nCrian\u00e7as de 3 e 4 anos (sem agendamento)\n1\u00aa dose: Pfizer-BioNTech baby\n2\u00aa dose: Pfizer-BioNTech baby (28 dias)\n3\u00aa dose: Pfizer-BioNTech baby (60 dias)\n\u2013 Salas de vacinas nas USFs*\u2013 7h \u00e0s 11h e das 12h \u00e0s 16h\n\u2013 Policl\u00ednicas Municipais \u2013 8h \u00e0s 16h\n (Policl\u00ednica de Mangabeira funciona das 7h \u00e0s 11h e das 12h \u00e0s 16h30)\n\u2013 Centro Municipal de Imuniza\u00e7\u00e3o \u2013 8h \u00e0s 16h\n\u2013 Mangabeira Shopping \u2013 13h \u00e0s 22h \u2013 (apenas acesso pedestre)\nCrian\u00e7as a partir dos 5 a 11 anos (sem agendamento)\n1\u00aa dose: Pfizer pedi\u00e1trica\n2\u00aa dose: Pfizer pedi\u00e1trica (56 dias)\n3\u00aa dose: Pfizer pedi\u00e1trica (120 dias)\n\u2013 Salas de vacinas nas USFs*\u2013 7h \u00e0s 11h e das 12h \u00e0s 16h\n\u2013 Policl\u00ednicas Municipais \u2013 8h \u00e0s 16h (Policl\u00ednica de Mangabeira funciona das 7h \u00e0s 11h e das 12h \u00e0s 16h30)\n\u2013 Centro Municipal de Imuniza\u00e7\u00e3o \u2013 8h \u00e0s 16h\n\u2013 Mangabeira Shopping \u2013 13h \u00e0s 22h \u2013 (apenas acesso pedestre)\nA partir de 12 anos (sem agendamento)\n1\u00aa dose: 12+\n2\u00aa dose: Janssen, Astrazeneca (60 dias) e Pfizer (60 dias)\n3\u00aa dose: 12+ (ap\u00f3s 120 dias da 2\u00aa dose); imunossuprimidos (ap\u00f3s 28 dias da 2\u00aa dose); e trabalhadores de sa\u00fade (ap\u00f3s 120 dias da 2\u00aa dose)\n4\u00aa dose: 30+ (ap\u00f3s 120 dias da 3\u00aa dose); trabalhadores de sa\u00fade (ap\u00f3s 120 dias da 2\u00aa dose); imunossuprimidos (ap\u00f3s 120 dias da 3\u00aa dose)\n\u2013 Salas de vacinas nas USFs*\u2013 7h \u00e0s 11h e de 12h \u00e0s 16h\n\u2013 Centro Municipal de Imuniza\u00e7\u00e3o \u2013 8h \u00e0s 16h\n\u2013 Mangabeira Shopping (pedestres e drive-thru) \u2013 13h \u00e0s 22h\nCom a Pfizer Bivalente (sem agendamento)\nP\u00fablico geral acima de 18 anos, pessoas com defici\u00eancia, imunocomprometidas e com comorbidades acima de 12 anos, gestantes, pu\u00e9rperas e trabalhadores da sa\u00fade\n1\u00aa dose: Dose \u00fanica de refor\u00e7o\n\u2013 Mangabeira Shopping \u2013 13h \u00e0s 22h (drive e pedestre)\n\u2013 Policl\u00ednicas Municipais \u2013 8h \u00e0s 16h (Policl\u00ednica de Mangabeira funciona das 7h \u00e0s 11h e das 12h \u00e0s 16h30)\n\u2013 Centro Municipal de Imuniza\u00e7\u00e3o \u2013 8h \u00e0s 16h\n\u2013 Unidades de Sa\u00fade da Fam\u00edlia \u2013 7h \u00e0s 11h e das 12h \u00e0s 16h\nVacina\u00e7\u00e3o Domiciliar\n\u2013 Pessoas acamadas e restritas ao leito que fazem parte do grupo priorit\u00e1rio\nAgendamento: (83) 98645-7727\nHor\u00e1rio: 8h \u00e0s 16h (de segunda a sexta-feira)\n*Exce\u00e7\u00e3o das USFs: Alto do C\u00e9u II, Roger III, Cruz das Armas IV e Jardim Planalto.\nV\u00eddeos mais assistidos do g1 Para\u00edba  ","protected":false},"excerpt":{"rendered":"<p>        A partir desta segunda-feira (5) at\u00e9 a sexta-feira (9), haver\u00e1 um ponto extra de vacina\u00e7\u00e3o no Busto de Tamandar\u00e9.  Vacina\u00e7\u00e3o contra Covid-19 em crian\u00e7as, em Jo\u00e3o Pessoa<br \/>\nKleide Teixeira\/Secom-JP<br \/>\nO munic\u00edpio de Jo\u00e3o Pessoa continua vacinando todo&#8230;<\/p>\n","protected":false},"author":2,"featured_media":0,"comment_status":"closed","ping_status":"closed","sticky":false,"template":"","format":"standard","meta":{"advgb_blocks_editor_width":"","advgb_blocks_columns_visual_guide":"","footnotes":""},"categories":[34],"tags":[35],"class_list":["post-19513","post","type-post","status-publish","format-standard","hentry","category-g1","tag-g1"],"author_meta":{"display_name":"g1 &gt; Para\u00edba","author_link":"https:\/\/sindaopcpb.org.br\/author\/g1-paraiba\/"},"featured_img":null,"coauthors":[],"tax_additional":{"categories":{"linked":["<a href=\"https:\/\/sindaopcpb.org.br\/g1\/\" class=\"advgb-post-tax-term\">G1<\/a>"],"unlinked":["<span class=\"advgb-post-tax-term\">G1<\/span>"]},"tags":{"linked":["<a href=\"https:\/\/sindaopcpb.org.br\/g1\/\" class=\"advgb-post-tax-term\">g1<\/a>"],"unlinked":["<span class=\"advgb-post-tax-term\">g1<\/span>"]}},"comment_count":"0","relative_dates":{"created":"Publicado 3 anos atr\u00e1s","modified":"Atualizado 3 anos atr\u00e1s"},"absolute_dates":{"created":"Publicado em 4 de junho de 2023","modified":"Atualizado em 4 de junho de 2023"},"absolute_dates_time":{"created":"Publicado em 4 de junho de 2023 17:44","modified":"Atualizado em 4 de junho de 2023 17:44"},"featured_img_caption":"","series_order":"","_links":{"self":[{"href":"https:\/\/sindaopcpb.org.br\/index.php\/wp-json\/wp\/v2\/posts\/19513","targetHints":{"allow":["GET"]}}],"collection":[{"href":"https:\/\/sindaopcpb.org.br\/index.php\/wp-json\/wp\/v2\/posts"}],"about":[{"href":"https:\/\/sindaopcpb.org.br\/index.php\/wp-json\/wp\/v2\/types\/post"}],"author":[{"embeddable":true,"href":"https:\/\/sindaopcpb.org.br\/index.php\/wp-json\/wp\/v2\/users\/2"}],"replies":[{"embeddable":true,"href":"https:\/\/sindaopcpb.org.br\/index.php\/wp-json\/wp\/v2\/comments?post=19513"}],"version-history":[{"count":1,"href":"https:\/\/sindaopcpb.org.br\/index.php\/wp-json\/wp\/v2\/posts\/19513\/revisions"}],"predecessor-version":[{"id":19514,"href":"https:\/\/sindaopcpb.org.br\/index.php\/wp-json\/wp\/v2\/posts\/19513\/revisions\/19514"}],"wp:attachment":[{"href":"https:\/\/sindaopcpb.org.br\/index.php\/wp-json\/wp\/v2\/media?parent=19513"}],"wp:term":[{"taxonomy":"category","embeddable":true,"href":"https:\/\/sindaopcpb.org.br\/index.php\/wp-json\/wp\/v2\/categories?post=19513"},{"taxonomy":"post_tag","embeddable":true,"href":"https:\/\/sindaopcpb.org.br\/index.php\/wp-json\/wp\/v2\/tags?post=19513"}],"curies":[{"name":"wp","href":"https:\/\/api.w.org\/{rel}","templated":true}]}}