{"id":19499,"date":"2023-06-04T14:04:00","date_gmt":"2023-06-04T17:04:00","guid":{"rendered":"https:\/\/www.infomoney.com.br\/?p=2152491"},"modified":"2023-06-04T14:04:00","modified_gmt":"2023-06-04T17:04:00","slug":"congresso-de-forma-alguma-pode-prejudicar-a-ja-combalida-educacao-no-brasil-diz-relator-de-arcabouco","status":"publish","type":"post","link":"https:\/\/sindaopcpb.org.br\/index.php\/2023\/06\/04\/congresso-de-forma-alguma-pode-prejudicar-a-ja-combalida-educacao-no-brasil-diz-relator-de-arcabouco\/","title":{"rendered":"Congresso \u201cde forma alguma\u201d pode prejudicar a \u201cj\u00e1 combalida\u201d educa\u00e7\u00e3o no Brasil, diz relator de arcabou\u00e7o"},"content":{"rendered":"<p><img loading=\"lazy\" width=\"300\" height=\"199\" src=\"https:\/\/www.infomoney.com.br\/wp-content\/uploads\/2021\/07\/16263978730_2ab2789770_c.jpg?fit=300%2C199&amp;quality=70&amp;strip=all\" class=\"attachment-medium size-medium wp-post-image\" alt=\"\" decoding=\"async\" style=\"float:right; margin:0 0 10px 10px;\" srcset=\"https:\/\/www.infomoney.com.br\/wp-content\/uploads\/2021\/07\/16263978730_2ab2789770_c.jpg?w=800&amp;quality=70&amp;strip=all 800w, https:\/\/www.infomoney.com.br\/wp-content\/uploads\/2021\/07\/16263978730_2ab2789770_c.jpg?w=300&amp;quality=70&amp;strip=all 300w, https:\/\/www.infomoney.com.br\/wp-content\/uploads\/2021\/07\/16263978730_2ab2789770_c.jpg?w=768&amp;quality=70&amp;strip=all 768w, https:\/\/www.infomoney.com.br\/wp-content\/uploads\/2021\/07\/16263978730_2ab2789770_c.jpg?w=150&amp;quality=70&amp;strip=all 150w\" sizes=\"auto, (max-width: 300px) 100vw, 300px\" data-attachment-id=\"1665730\" data-permalink=\"https:\/\/www.infomoney.com.br\/politica\/omar-aziz-critica-bolsonaro-e-diz-que-brasil-tem-um-grande-motoqueiro-e-um-pessimo-presidente\/attachment\/16263978730_2ab2789770_c\/\" data-orig-file=\"https:\/\/www.infomoney.com.br\/wp-content\/uploads\/2021\/07\/16263978730_2ab2789770_c.jpg?fit=800%2C530&amp;quality=70&amp;strip=all\" data-orig-size=\"800,530\" data-comments-opened=\"1\" data-image-meta=\"{&quot;aperture&quot;:&quot;0&quot;,&quot;credit&quot;:&quot;Waldemir Barreto\\\/Ag\\u00eancia Senado&quot;,&quot;camera&quot;:&quot;&quot;,&quot;caption&quot;:&quot;&quot;,&quot;created_timestamp&quot;:&quot;0&quot;,&quot;copyright&quot;:&quot;Senado Federal do Brasil&quot;,&quot;focal_length&quot;:&quot;0&quot;,&quot;iso&quot;:&quot;0&quot;,&quot;shutter_speed&quot;:&quot;0&quot;,&quot;title&quot;:&quot;&quot;,&quot;orientation&quot;:&quot;0&quot;}\" data-image-title=\"Omar Aziz\" data-image-description=\"\" data-image-caption=\"&lt;p&gt;Em pronunciamento, senador Omar Aziz (PSD-AM). (Foto: Waldemir Barreto\/Ag\u00eancia Senado)&lt;\/p&gt;\n\" data-medium-file=\"https:\/\/www.infomoney.com.br\/wp-content\/uploads\/2021\/07\/16263978730_2ab2789770_c.jpg?fit=300%2C199&amp;quality=70&amp;strip=all\" data-large-file=\"https:\/\/www.infomoney.com.br\/wp-content\/uploads\/2021\/07\/16263978730_2ab2789770_c.jpg?fit=800%2C530&amp;quality=70&amp;strip=all\" title=\"\"><\/p>\n<p>Relator da proposta do novo arcabou\u00e7o fiscal no Senado, o senador Omar Aziz (PSD-AM) refor\u00e7ou neste domingo, 04, existir tr\u00eas pontos principais de discuss\u00e3o sobre o projeto de lei na Casa: a manuten\u00e7\u00e3o ou retirada das despesas do Fundo de Manuten\u00e7\u00e3o e Desenvolvimento da Educa\u00e7\u00e3o B\u00e1sica (Fundeb) do limite de gastos na nova regra, a mudan\u00e7a na corre\u00e7\u00e3o do Fundo Constitucional do Distrito Federal e a reda\u00e7\u00e3o do artigo 15, que abre caminho para a Uni\u00e3o aumentar seus gastos no pr\u00f3ximo ano.<\/p>\n<p>Apesar de n\u00e3o antecipar se ir\u00e1 alterar o texto que veio da C\u00e2mara em rela\u00e7\u00e3o a esses temas, Aziz disse em entrevista \u00e0 <em>CNN Brasil<\/em> que analisar\u00e1 as demandas e defendeu que o Congresso &#8220;de forma alguma&#8221; prejudique a &#8220;j\u00e1 combalida&#8221; educa\u00e7\u00e3o no Brasil.<\/p>\n<p>Citando perspectivas de greves de professores, envolvidos em pedidos de reajuste, questionou o papel do Parlamento em colocar &#8220;gasolina nesse fogar\u00e9u&#8221;. &#8220;A frente parlamentar de educa\u00e7\u00e3o pediu reuni\u00e3o comigo, e ter\u00e1. E vamos ver, a educa\u00e7\u00e3o \u00e9 prioridade, vamos ter analisar, fazer proje\u00e7\u00f5es. Tem perspectiva muito grande Brasil afora de professores com greve, pedindo ajuste, data-base, quem somos n\u00f3s para querermos ainda colocar gasolina desse fogar\u00e9u que est\u00e1 a\u00ed?&#8221;, afirmou. &#8220;Mas n\u00e3o tenha d\u00favida que Fundeb n\u00e3o ser\u00e1 prejudicado, e ser\u00e1 analisado de forma que sejam ouvidas todas as pessoas&#8221;, disse.<\/p>\n<p>Sobre o artigo 15, o relator comentou que discute a quest\u00e3o com t\u00e9cnicos, e observou sobre as diferentes interpreta\u00e7\u00f5es em torno da reda\u00e7\u00e3o, j\u00e1 que alguns entendem a regra como ben\u00e9vola e, outros &#8211; entre eles os governistas -, como mais apertada. &#8220;A interpreta\u00e7\u00e3o dele pode ser de um lado ou de outro, ent\u00e3o temos que analisar bem&#8221;, afirmou.<\/p>\n<p>Aziz ponderou que o relat\u00f3rio aprovado pela C\u00e2mara &#8220;agradou a maioria&#8221;, e que, apesar de pedidos para flexibilizar ou endurecer o texto, a Casa chegar\u00e1 a um &#8220;denominador comum&#8221;.<\/p>\n<p>&#8220;O relat\u00f3rio do Cajado (relator na C\u00e2mara) agradou a grande maioria, a gente passa credibilidade ao exterior. E a nossa meta \u00e9 reduzir juros para voltar a crescer e gerar empregos. Esse ajuste fiscal \u00e9 de grande import\u00e2ncia para os brasileiros&#8221;, disse o senador, para quem a expectativa pela aprova\u00e7\u00e3o do arcabou\u00e7o n\u00e3o \u00e9 s\u00f3 do Congresso, mas da &#8220;na\u00e7\u00e3o brasileira&#8221;.<\/p>\n<p>The post <a rel=\"nofollow noopener\" href=\"https:\/\/www.infomoney.com.br\/politica\/congresso-de-forma-alguma-pode-prejudicar-ja-combalida-educacao-no-brasil-diz-relator-de-arcabouco\/\" target=\"_blank\">Congresso &#8220;de forma alguma&#8221; pode prejudicar a &#8220;j\u00e1 combalida&#8221; educa\u00e7\u00e3o no Brasil, diz relator de arcabou\u00e7o<\/a> appeared first on <a rel=\"nofollow noopener\" href=\"https:\/\/www.infomoney.com.br\/\" target=\"_blank\">InfoMoney<\/a>.<\/p>\n","protected":false},"excerpt":{"rendered":"<p><img loading=\"lazy\" decoding=\"async\" width=\"300\" height=\"199\" src=\"https:\/\/www.infomoney.com.br\/wp-content\/uploads\/2021\/07\/16263978730_2ab2789770_c.jpg?fit=300%2C199&amp;quality=70&amp;strip=all\" class=\"attachment-medium size-medium wp-post-image\" alt=\"\" data-attachment-id=\"1665730\" data-permalink=\"https:\/\/www.infomoney.com.br\/politica\/omar-aziz-critica-bolsonaro-e-diz-que-brasil-tem-um-grande-motoqueiro-e-um-pessimo-presidente\/attachment\/16263978730_2ab2789770_c\/\" data-orig-file=\"https:\/\/www.infomoney.com.br\/wp-content\/uploads\/2021\/07\/16263978730_2ab2789770_c.jpg?fit=800%2C530&amp;quality=70&amp;strip=all\" data-orig-size=\"800,530\" data-comments-opened=\"1\" data-image-meta='{\"aperture\":\"0\",\"credit\":\"Waldemir Barreto\\\/Ag\\u00eancia Senado\",\"camera\":\"\",\"caption\":\"\",\"created_timestamp\":\"0\",\"copyright\":\"Senado Federal do Brasil\",\"focal_length\":\"0\",\"iso\":\"0\",\"shutter_speed\":\"0\",\"title\":\"\",\"orientation\":\"0\"}' data-image-title=\"Omar Aziz\" data-image-description=\"\" data-image-caption=\"&lt;p&gt;Em pronunciamento, senador Omar Aziz (PSD-AM). (Foto: Waldemir Barreto\/Ag\u00eancia Senado)&lt;\/p&gt;\n\" data-medium-file=\"https:\/\/www.infomoney.com.br\/wp-content\/uploads\/2021\/07\/16263978730_2ab2789770_c.jpg?fit=300%2C199&amp;quality=70&amp;strip=all\" data-large-file=\"https:\/\/www.infomoney.com.br\/wp-content\/uploads\/2021\/07\/16263978730_2ab2789770_c.jpg?fit=800%2C530&amp;quality=70&amp;strip=all\">Aziz disse que relat\u00f3rio aprovado pela C\u00e2mara &#8220;agradou a maioria&#8221; e que Senado chegar\u00e1 a um &#8220;denominador comum&#8221;<\/p>\n<p>The post <a rel=\"nofollow\" href=\"https:\/\/www.infomoney.com.br\/politica\/congresso-de-forma-alguma-pode-prejudicar-ja-combalida-educacao-no-brasil-diz-relator-de-arcabouco\/\">Congresso \u201cde forma alguma\u201d pode prejudicar a \u201cj\u00e1 combalida\u201d educa\u00e7\u00e3o no Brasil, diz relator de arcabou\u00e7o<\/a> appeared first on <a rel=\"nofollow\" href=\"https:\/\/www.infomoney.com.br\/\">InfoMoney<\/a>.<\/p>\n","protected":false},"author":43,"featured_media":0,"comment_status":"closed","ping_status":"closed","sticky":false,"template":"","format":"standard","meta":{"advgb_blocks_editor_width":"","advgb_blocks_columns_visual_guide":"","footnotes":""},"categories":[108,34,47],"tags":[35],"class_list":["post-19499","post","type-post","status-publish","format-standard","hentry","category-arcabouco-fiscal","category-g1","category-politica","tag-g1"],"author_meta":{"display_name":"Estad\u00e3o Conte\u00fado","author_link":"https:\/\/sindaopcpb.org.br\/author\/estadao-conteudo\/"},"featured_img":null,"coauthors":[],"tax_additional":{"categories":{"linked":["<a href=\"https:\/\/sindaopcpb.org.br\/arcabouco-fiscal\/\" class=\"advgb-post-tax-term\">Arcabou\u00e7o Fiscal<\/a>","<a href=\"https:\/\/sindaopcpb.org.br\/g1\/\" class=\"advgb-post-tax-term\">G1<\/a>","<a href=\"https:\/\/sindaopcpb.org.br\/politica\/\" class=\"advgb-post-tax-term\">POLITICA<\/a>"],"unlinked":["<span class=\"advgb-post-tax-term\">Arcabou\u00e7o Fiscal<\/span>","<span class=\"advgb-post-tax-term\">G1<\/span>","<span class=\"advgb-post-tax-term\">POLITICA<\/span>"]},"tags":{"linked":["<a href=\"https:\/\/sindaopcpb.org.br\/politica\/\" class=\"advgb-post-tax-term\">g1<\/a>"],"unlinked":["<span class=\"advgb-post-tax-term\">g1<\/span>"]}},"comment_count":"0","relative_dates":{"created":"Publicado 3 anos atr\u00e1s","modified":"Atualizado 3 anos atr\u00e1s"},"absolute_dates":{"created":"Publicado em 4 de junho de 2023","modified":"Atualizado em 4 de junho de 2023"},"absolute_dates_time":{"created":"Publicado em 4 de junho de 2023 14:04","modified":"Atualizado em 4 de junho de 2023 14:04"},"featured_img_caption":"","series_order":"","_links":{"self":[{"href":"https:\/\/sindaopcpb.org.br\/index.php\/wp-json\/wp\/v2\/posts\/19499","targetHints":{"allow":["GET"]}}],"collection":[{"href":"https:\/\/sindaopcpb.org.br\/index.php\/wp-json\/wp\/v2\/posts"}],"about":[{"href":"https:\/\/sindaopcpb.org.br\/index.php\/wp-json\/wp\/v2\/types\/post"}],"author":[{"embeddable":true,"href":"https:\/\/sindaopcpb.org.br\/index.php\/wp-json\/wp\/v2\/users\/43"}],"replies":[{"embeddable":true,"href":"https:\/\/sindaopcpb.org.br\/index.php\/wp-json\/wp\/v2\/comments?post=19499"}],"version-history":[{"count":1,"href":"https:\/\/sindaopcpb.org.br\/index.php\/wp-json\/wp\/v2\/posts\/19499\/revisions"}],"predecessor-version":[{"id":19500,"href":"https:\/\/sindaopcpb.org.br\/index.php\/wp-json\/wp\/v2\/posts\/19499\/revisions\/19500"}],"wp:attachment":[{"href":"https:\/\/sindaopcpb.org.br\/index.php\/wp-json\/wp\/v2\/media?parent=19499"}],"wp:term":[{"taxonomy":"category","embeddable":true,"href":"https:\/\/sindaopcpb.org.br\/index.php\/wp-json\/wp\/v2\/categories?post=19499"},{"taxonomy":"post_tag","embeddable":true,"href":"https:\/\/sindaopcpb.org.br\/index.php\/wp-json\/wp\/v2\/tags?post=19499"}],"curies":[{"name":"wp","href":"https:\/\/api.w.org\/{rel}","templated":true}]}}