{"id":19475,"date":"2023-06-04T12:20:36","date_gmt":"2023-06-04T15:20:36","guid":{"rendered":"https:\/\/g1.globo.com\/pb\/paraiba\/musica\/noticia\/2023\/06\/04\/veja-vencedores-do-vi-festival-de-musica-da-paraiba.ghtml"},"modified":"2023-06-04T12:20:36","modified_gmt":"2023-06-04T15:20:36","slug":"veja-vencedores-do-vi-festival-de-musica-da-paraiba","status":"publish","type":"post","link":"https:\/\/sindaopcpb.org.br\/index.php\/2023\/06\/04\/veja-vencedores-do-vi-festival-de-musica-da-paraiba\/","title":{"rendered":"Veja vencedores do VI Festival de M\u00fasica da Para\u00edba"},"content":{"rendered":"   <img src=\"https:\/\/s2.glbimg.com\/kA-8_B1Ou58r2ogiD4Y3aJyug0Y=\/i.s3.glbimg.com\/v1\/AUTH_59edd422c0c84a879bd37670ae4f538a\/internal_photos\/bs\/2023\/j\/L\/KsxaxLQMSECfrn6LA54w\/vencedores-do-premio.jpg\" \/><br \/>     Final aconteceu neste s\u00e1bado (3), no Espa\u00e7o Cultural Jos\u00e9 Lins do R\u00eago, em Jo\u00e3o Pessoa.  Bianca Costa venceu o 1\u00ba lugar do VI Festival de M\u00fasica da Para\u00edba\nDivulga\u00e7\u00e3o\/Thercles Silva\nOs vencedores do VI Festival de M\u00fasica da Para\u00edba foram anunciados neste s\u00e1bado (3), na final que aconteceu no Espa\u00e7o Cultural Jos\u00e9 Lins do R\u00eago. Foram 14 finalistas que disputaram nas categorias \u2018Voto Popular\u2019, \u2018Melhor Int\u00e9rprete\u2019 e categoria geral, esta \u00faltima com tr\u00eas melhores colocados.\nO vencedor do voto popular foi Iago d\u2019Jampa, com a m\u00fasica \u2018Terra de mlk doido\u2019. Ele \u00e9 o compositor e int\u00e9rprete da can\u00e7\u00e3o. O pr\u00eamio foi de R$ 5 mil.\nJo\u00e3o Marcos Jr venceu como \u2018Melhor Int\u00e9rprete\u2019, um pr\u00eamio de R$ 3 mil, e ficou em 3\u00ba lugar na categoria geral da disputa, com a m\u00fasica \u2018Homem Branco\u2019, um pr\u00eamio de R$ 5 mil. O segundo lugar ficou com a m\u00fasica \u2018Conto de Fadas\u2019, de MC Negr\u00e3o, MC Salah e DJ Adriano.\nO primeiro lugar do pr\u00eamio, no valor de R$ 10 mil, foi conquistado por Bianca Costa, com a can\u00e7\u00e3o \u2018Dona Maria\u2019. Bianca Costa, da cidade Sap\u00e9, \u00e9 cantora, compositora, poeta, declamadora, atriz e instrumentista. Ela participa da cena cultural de Sap\u00e9 com o Coletivo Casaca de Couro, e em Guarabira, na Cia C\u00eanica Torre de Papel.\nSobre o VI Festival de M\u00fasica da Para\u00edba\nEste ano, o Festival faz homenagem a Z\u00e9 do Norte, compositor de mais de 100 can\u00e7\u00f5es, dentre as mais famosas, \u2018Lua Bonita\u2019, \u2018Sodade Meu bem Sodade\u2019 e \u2018Mulher Rendeira\u2019 \u2013 esta \u00faltima, trilha sonora do filme \u2018O Cangaceiro\u2019 (1953), de Lima Barreto. Justamente por isso, as eliminat\u00f3rias da competi\u00e7\u00e3o aconteceram em Cajazeiras, terra do homenageado.\nAo todo, 30 can\u00e7\u00f5es foram apresentadas nos dias 29 e 30 de maio, por\u00e9m, apenas 14 foram selecionadas pelo j\u00fari composto por especialistas que residem fora da Para\u00edba. As apresenta\u00e7\u00f5es da final est\u00e3o dispon\u00edveis no canal do YouTube da Funda\u00e7\u00e3o Espa\u00e7o Cultural (Funesc).\nO evento gratuito teve um show especial do paraibano Z\u00e9 Katimba, que ao lado de seu filho Z\u00e9 In\u00e1cio, e do m\u00fasico Mirandinha, presentear\u00e1 o p\u00fablico com o melhor do samba brasileiro.\nV\u00eddeos mais assistidos do g1 Para\u00edba  ","protected":false},"excerpt":{"rendered":"<p>        Final aconteceu neste s\u00e1bado (3), no Espa\u00e7o Cultural Jos\u00e9 Lins do R\u00eago, em Jo\u00e3o Pessoa.  Bianca Costa venceu o 1\u00ba lugar do VI Festival de M\u00fasica da Para\u00edba<br \/>\nDivulga\u00e7\u00e3o\/Thercles Silva<br \/>\nOs vencedores do VI Festival de M\u00fasica da Para\u00edba foram anunci&#8230;<\/p>\n","protected":false},"author":2,"featured_media":0,"comment_status":"closed","ping_status":"closed","sticky":false,"template":"","format":"standard","meta":{"advgb_blocks_editor_width":"","advgb_blocks_columns_visual_guide":"","footnotes":""},"categories":[34],"tags":[35],"class_list":["post-19475","post","type-post","status-publish","format-standard","hentry","category-g1","tag-g1"],"author_meta":{"display_name":"g1 &gt; Para\u00edba","author_link":"https:\/\/sindaopcpb.org.br\/author\/g1-paraiba\/"},"featured_img":null,"coauthors":[],"tax_additional":{"categories":{"linked":["<a href=\"https:\/\/sindaopcpb.org.br\/g1\/\" class=\"advgb-post-tax-term\">G1<\/a>"],"unlinked":["<span class=\"advgb-post-tax-term\">G1<\/span>"]},"tags":{"linked":["<a href=\"https:\/\/sindaopcpb.org.br\/g1\/\" class=\"advgb-post-tax-term\">g1<\/a>"],"unlinked":["<span class=\"advgb-post-tax-term\">g1<\/span>"]}},"comment_count":"0","relative_dates":{"created":"Publicado 3 anos atr\u00e1s","modified":"Atualizado 3 anos atr\u00e1s"},"absolute_dates":{"created":"Publicado em 4 de junho de 2023","modified":"Atualizado em 4 de junho de 2023"},"absolute_dates_time":{"created":"Publicado em 4 de junho de 2023 12:20","modified":"Atualizado em 4 de junho de 2023 12:20"},"featured_img_caption":"","series_order":"","_links":{"self":[{"href":"https:\/\/sindaopcpb.org.br\/index.php\/wp-json\/wp\/v2\/posts\/19475","targetHints":{"allow":["GET"]}}],"collection":[{"href":"https:\/\/sindaopcpb.org.br\/index.php\/wp-json\/wp\/v2\/posts"}],"about":[{"href":"https:\/\/sindaopcpb.org.br\/index.php\/wp-json\/wp\/v2\/types\/post"}],"author":[{"embeddable":true,"href":"https:\/\/sindaopcpb.org.br\/index.php\/wp-json\/wp\/v2\/users\/2"}],"replies":[{"embeddable":true,"href":"https:\/\/sindaopcpb.org.br\/index.php\/wp-json\/wp\/v2\/comments?post=19475"}],"version-history":[{"count":1,"href":"https:\/\/sindaopcpb.org.br\/index.php\/wp-json\/wp\/v2\/posts\/19475\/revisions"}],"predecessor-version":[{"id":19476,"href":"https:\/\/sindaopcpb.org.br\/index.php\/wp-json\/wp\/v2\/posts\/19475\/revisions\/19476"}],"wp:attachment":[{"href":"https:\/\/sindaopcpb.org.br\/index.php\/wp-json\/wp\/v2\/media?parent=19475"}],"wp:term":[{"taxonomy":"category","embeddable":true,"href":"https:\/\/sindaopcpb.org.br\/index.php\/wp-json\/wp\/v2\/categories?post=19475"},{"taxonomy":"post_tag","embeddable":true,"href":"https:\/\/sindaopcpb.org.br\/index.php\/wp-json\/wp\/v2\/tags?post=19475"}],"curies":[{"name":"wp","href":"https:\/\/api.w.org\/{rel}","templated":true}]}}