{"id":19471,"date":"2023-06-04T11:55:00","date_gmt":"2023-06-04T14:55:00","guid":{"rendered":"https:\/\/www.infomoney.com.br\/?p=2152412"},"modified":"2023-06-04T11:55:00","modified_gmt":"2023-06-04T14:55:00","slug":"governo-deve-antecipar-reoneracao-do-diesel-para-bancar-desconto-em-carro-popular","status":"publish","type":"post","link":"https:\/\/sindaopcpb.org.br\/index.php\/2023\/06\/04\/governo-deve-antecipar-reoneracao-do-diesel-para-bancar-desconto-em-carro-popular\/","title":{"rendered":"Governo deve antecipar reonera\u00e7\u00e3o do diesel para bancar desconto em carro popular"},"content":{"rendered":"<p><img loading=\"lazy\" width=\"300\" height=\"179\" src=\"https:\/\/www.infomoney.com.br\/wp-content\/uploads\/2023\/05\/carro-abastecimento-combustivel-posto.jpg?fit=300%2C179&amp;quality=70&amp;strip=all\" class=\"attachment-medium size-medium wp-post-image\" alt=\"\" decoding=\"async\" style=\"float:right; margin:0 0 10px 10px;\" srcset=\"https:\/\/www.infomoney.com.br\/wp-content\/uploads\/2023\/05\/carro-abastecimento-combustivel-posto.jpg?w=1170&amp;quality=70&amp;strip=all 1170w, https:\/\/www.infomoney.com.br\/wp-content\/uploads\/2023\/05\/carro-abastecimento-combustivel-posto.jpg?w=300&amp;quality=70&amp;strip=all 300w, https:\/\/www.infomoney.com.br\/wp-content\/uploads\/2023\/05\/carro-abastecimento-combustivel-posto.jpg?w=768&amp;quality=70&amp;strip=all 768w, https:\/\/www.infomoney.com.br\/wp-content\/uploads\/2023\/05\/carro-abastecimento-combustivel-posto.jpg?w=150&amp;quality=70&amp;strip=all 150w\" sizes=\"auto, (max-width: 300px) 100vw, 300px\" data-attachment-id=\"2144123\" data-permalink=\"https:\/\/www.infomoney.com.br\/consumo\/dia-livre-de-impostos-tem-descontos-de-ate-70-nesta-quinta-veja-promocoes\/attachment\/carro-abastecimento-combustivel-posto\/\" data-orig-file=\"https:\/\/www.infomoney.com.br\/wp-content\/uploads\/2023\/05\/carro-abastecimento-combustivel-posto.jpg?fit=1170%2C700&amp;quality=70&amp;strip=all\" data-orig-size=\"1170,700\" data-comments-opened=\"0\" data-image-meta=\"{&quot;aperture&quot;:&quot;2.8&quot;,&quot;credit&quot;:&quot;Jos\\u00e9 Cruz\\\/Ag\\u00eancia Brasil&quot;,&quot;camera&quot;:&quot;Canon EOS-1D X&quot;,&quot;caption&quot;:&quot;Posto de combust\\u00edveis do DF vende gasolina com desconto no Dia de Liberdade de Impostos.&quot;,&quot;created_timestamp&quot;:&quot;1559206968&quot;,&quot;copyright&quot;:&quot;Ag\\u00eancia Brasil_EBC&quot;,&quot;focal_length&quot;:&quot;24&quot;,&quot;iso&quot;:&quot;500&quot;,&quot;shutter_speed&quot;:&quot;0.000625&quot;,&quot;title&quot;:&quot;&quot;,&quot;orientation&quot;:&quot;0&quot;}\" data-image-title=\"Carro \u00e9 abastecido em posto de combustivel no DF\" data-image-description=\"\" data-image-caption=\"&lt;p&gt;Posto de combust\u00edveis do DF vende gasolina com desconto no Dia de Liberdade de Impostos (Foto: Jos\u00e9 Cruz\/Ag\u00eancia Brasil)&lt;\/p&gt;\n\" data-medium-file=\"https:\/\/www.infomoney.com.br\/wp-content\/uploads\/2023\/05\/carro-abastecimento-combustivel-posto.jpg?fit=300%2C179&amp;quality=70&amp;strip=all\" data-large-file=\"https:\/\/www.infomoney.com.br\/wp-content\/uploads\/2023\/05\/carro-abastecimento-combustivel-posto.jpg?fit=1170%2C700&amp;quality=70&amp;strip=all\" title=\"\"><\/p>\n<p>O governo do presidente Luiz In\u00e1cio Lula da Silva deve antecipar a reonera\u00e7\u00e3o do diesel, que estava prevista para janeiro do ano que vem, para bancar o programa de est\u00edmulo \u00e0 venda de carros novos. A proposta foi sugerida pelo Ministro da Fazenda, Fernando Haddad. A informa\u00e7\u00e3o foi publicada pelo portal G1 e confirmada pelo <b>Estad\u00e3o<\/b>.<\/p>\n<p>O programa de desconto para carros de at\u00e9 R$ 120 mil deve ser anunciado oficialmente na segunda-feira, 5. A previs\u00e3o \u00e9 que a volta da cobran\u00e7a de impostos federais sobre o diesel seja feita em duas etapas: metade em setembro deste ano e a outra metade, em janeiro de 2024.<\/p>\n<p>O valor que ser\u00e1 arrecadado com a reonera\u00e7\u00e3o, cerca de R$ 3 bilh\u00f5es, vai compensar o pacote, que deve custar R$ 1,5 bilh\u00e3o. O valor restante, R$ 1,5 bilh\u00e3o restante ser\u00e1 utilizado para reduzir o rombo das contas p\u00fablicas em 2013, atualmente previsto em R$ 136,2 bilh\u00f5es.<\/p>\n<p>Em vez de corte de PIS\/Cofins e do Imposto sobre Produtos Industrializados (IPI) e do Imposto sobre Opera\u00e7\u00f5es Financeiras (IOF), como era previsto no plano original do Minist\u00e9rio do Desenvolvimento Ind\u00fastria e Com\u00e9rcio (MDIC), sob o comando do vice-presidente Geraldo Alckmin, o governo ir\u00e1 conceder cr\u00e9ditos tribut\u00e1rios aos fabricantes de ve\u00edculos com a receita proveniente da desonera\u00e7\u00e3o.<\/p>\n<p>Como revelou a reportagem ontem, 2, o formato do desconto tamb\u00e9m vai mudar. Em vez da redu\u00e7\u00e3o de 1,5% a 10,96% sobre o valor do carro mediante redu\u00e7\u00e3o de impostos, ser\u00e3o oferecidos b\u00f4nus de R$ 2 mil a R$ 8 mil. Com a mudan\u00e7a, o valor do b\u00f4nus ser\u00e1 aplicado na Nota Fiscal ao consumidor e compensado depois pelas montadoras no recolhimento dos tributos.<\/p>\n<p>A ideia \u00e9 publicar uma Medida Provis\u00f3ria (MP), com validade de quatro meses, inicialmente para vendas apenas a pessoas f\u00edsicas, pois o foco \u00e9 beneficiar o consumidor final. Em prazo ainda a ser definido, as vendas seriam liberadas tamb\u00e9m para pessoas jur\u00eddicas, como locadoras e frotistas.<\/p>\n<p>Atualmente, os dois modelos de carro mais baratos \u00e0 venda, o Fiat Mobi e o Renault Kwid, custam R$ 68.990. Se o desconto tiver como base apenas o valor do b\u00f4nus, os pre\u00e7os seriam reduzidos em R$ 8 mil, caso eles atendam as tr\u00eas exig\u00eancias do governo. O chamado carro popular, portanto, custaria R$ 60.990.<\/p>\n<p>A meta do governo era chegar ao valor limite de R$ 60 mil, que n\u00e3o seria alcan\u00e7ado. Para isso ocorrer, as montadoras ou concession\u00e1rios teriam de dar um desconto extra.<\/p>\n<p>O governo tamb\u00e9m quer atrelar o programa a um &#8220;pacote verde&#8221; do Minist\u00e9rio da Fazenda, para promover a transi\u00e7\u00e3o energ\u00e9tica no Pa\u00eds. A iniciativa tem o objetivo de aliviar as cr\u00edticas de ambientalistas ao pacote.<\/p>\n<p><strong>Leia mais<\/strong><\/p>\n<ul>\n<li><strong><a href=\"https:\/\/www.infomoney.com.br\/consumo\/pacote-para-novo-carro-popular-recebe-aval-de-lula-informa-haddad\/\" rel=\"noopener nofollow\" target=\"_blank\">Pacote para novo \u2018carro popular\u2019 recebe aval de Lula, informa Haddad<\/a><\/strong><\/li>\n<li><a href=\"https:\/\/www.infomoney.com.br\/consumo\/33-carros-de-11-montadoras-ficarao-mais-baratos-com-medida-do-governo-veja-quais\/\" rel=\"noopener nofollow\" target=\"_blank\"><strong>Mais de 120 vers\u00f5es de 33 carros ficar\u00e3o mais baratos com medida do governo; veja quais<\/strong><\/a><\/li>\n<\/ul>\n<h2><b>Impasse<\/b><\/h2>\n<p>O governo teve dificuldades para encontrar a compensa\u00e7\u00e3o para o programa, j\u00e1 que a Lei de Responsabilidade Fiscal (LRF) exige medidas para compensar a redu\u00e7\u00e3o de tributos. Essa foi a principal raz\u00e3o de os detalhes do pacote n\u00e3o terem sido divulgados na semana passada no an\u00fancio feito por Alckmin. Geraldo Alckmin. Como mostrou o Estad\u00e3o, Lula pediu mais tempo aos industriais porque o pacote n\u00e3o estava pronto.<\/p>\n<p>O improviso no an\u00fancio da medida tem recebido cr\u00edticas dentro do pr\u00f3prio governo. H\u00e1 uma preocupa\u00e7\u00e3o de que o programa, anunciado no Dia da Ind\u00fastria, seja confundido com a nova pol\u00edtica de reindustrializa\u00e7\u00e3o, batizada pelo presidente Lula de neoindustrializa\u00e7\u00e3o, cujas bases foram explicitadas em artigo publicado no Estad\u00e3o assinado por ele e o vice-presidente.<\/p>\n<p>The post <a rel=\"nofollow noopener\" href=\"https:\/\/www.infomoney.com.br\/politica\/governo-deve-antecipar-reoneracao-do-diesel-para-bancar-desconto-em-carro-popular\/\" target=\"_blank\">Governo deve antecipar reonera\u00e7\u00e3o do diesel para bancar desconto em carro popular<\/a> appeared first on <a rel=\"nofollow noopener\" href=\"https:\/\/www.infomoney.com.br\/\" target=\"_blank\">InfoMoney<\/a>.<\/p>\n","protected":false},"excerpt":{"rendered":"<p><img loading=\"lazy\" decoding=\"async\" width=\"300\" height=\"179\" src=\"https:\/\/www.infomoney.com.br\/wp-content\/uploads\/2023\/05\/carro-abastecimento-combustivel-posto.jpg?fit=300%2C179&amp;quality=70&amp;strip=all\" class=\"attachment-medium size-medium wp-post-image\" alt=\"\" data-attachment-id=\"2144123\" data-permalink=\"https:\/\/www.infomoney.com.br\/consumo\/dia-livre-de-impostos-tem-descontos-de-ate-70-nesta-quinta-veja-promocoes\/attachment\/carro-abastecimento-combustivel-posto\/\" data-orig-file=\"https:\/\/www.infomoney.com.br\/wp-content\/uploads\/2023\/05\/carro-abastecimento-combustivel-posto.jpg?fit=1170%2C700&amp;quality=70&amp;strip=all\" data-orig-size=\"1170,700\" data-comments-opened=\"0\" data-image-meta='{\"aperture\":\"2.8\",\"credit\":\"Jos\\u00e9 Cruz\\\/Ag\\u00eancia Brasil\",\"camera\":\"Canon EOS-1D X\",\"caption\":\"Posto de combust\\u00edveis do DF vende gasolina com desconto no Dia de Liberdade de Impostos.\",\"created_timestamp\":\"1559206968\",\"copyright\":\"Ag\\u00eancia Brasil_EBC\",\"focal_length\":\"24\",\"iso\":\"500\",\"shutter_speed\":\"0.000625\",\"title\":\"\",\"orientation\":\"0\"}' data-image-title=\"Carro \u00e9 abastecido em posto de combustivel no DF\" data-image-description=\"\" data-image-caption=\"&lt;p&gt;Posto de combust\u00edveis do DF vende gasolina com desconto no Dia de Liberdade de Impostos (Foto: Jos\u00e9 Cruz\/Ag\u00eancia Brasil)&lt;\/p&gt;\n\" data-medium-file=\"https:\/\/www.infomoney.com.br\/wp-content\/uploads\/2023\/05\/carro-abastecimento-combustivel-posto.jpg?fit=300%2C179&amp;quality=70&amp;strip=all\" data-large-file=\"https:\/\/www.infomoney.com.br\/wp-content\/uploads\/2023\/05\/carro-abastecimento-combustivel-posto.jpg?fit=1170%2C700&amp;quality=70&amp;strip=all\">Valor que ser\u00e1 arrecadado com a reonera\u00e7\u00e3o, de cerca de R$ 3 bilh\u00f5es, pode compensar pacote, que deve custar R$ 1,5 bilh\u00e3o<\/p>\n<p>The post <a rel=\"nofollow\" href=\"https:\/\/www.infomoney.com.br\/politica\/governo-deve-antecipar-reoneracao-do-diesel-para-bancar-desconto-em-carro-popular\/\">Governo deve antecipar reonera\u00e7\u00e3o do diesel para bancar desconto em carro popular<\/a> appeared first on <a rel=\"nofollow\" href=\"https:\/\/www.infomoney.com.br\/\">InfoMoney<\/a>.<\/p>\n","protected":false},"author":43,"featured_media":0,"comment_status":"closed","ping_status":"closed","sticky":false,"template":"","format":"standard","meta":{"advgb_blocks_editor_width":"","advgb_blocks_columns_visual_guide":"","footnotes":""},"categories":[3573,361,201,1911,69,34,1309,3574,110,127,444,4120,47,1316,3560,786,2955],"tags":[35],"class_list":["post-19471","post","type-post","status-publish","format-standard","hentry","category-cofins","category-combustiveis","category-consumo","category-diesel","category-economia","category-g1","category-haddad","category-ipi","category-lula","category-mercados","category-minhas-financas","category-pis-cofins","category-politica","category-precos","category-setor-automotivo","category-tributos","category-veiculos","tag-g1"],"author_meta":{"display_name":"Estad\u00e3o Conte\u00fado","author_link":"https:\/\/sindaopcpb.org.br\/author\/estadao-conteudo\/"},"featured_img":null,"coauthors":[],"tax_additional":{"categories":{"linked":["<a href=\"https:\/\/sindaopcpb.org.br\/cofins\/\" class=\"advgb-post-tax-term\">Cofins<\/a>","<a href=\"https:\/\/sindaopcpb.org.br\/combustiveis\/\" class=\"advgb-post-tax-term\">Combust\u00edveis<\/a>","<a href=\"https:\/\/sindaopcpb.org.br\/consumo\/\" class=\"advgb-post-tax-term\">Consumo<\/a>","<a href=\"https:\/\/sindaopcpb.org.br\/diesel\/\" class=\"advgb-post-tax-term\">Diesel<\/a>","<a href=\"https:\/\/sindaopcpb.org.br\/economia\/\" class=\"advgb-post-tax-term\">Economia<\/a>","<a href=\"https:\/\/sindaopcpb.org.br\/g1\/\" class=\"advgb-post-tax-term\">G1<\/a>","<a href=\"https:\/\/sindaopcpb.org.br\/haddad\/\" class=\"advgb-post-tax-term\">haddad<\/a>","<a href=\"https:\/\/sindaopcpb.org.br\/ipi\/\" class=\"advgb-post-tax-term\">IPI<\/a>","<a href=\"https:\/\/sindaopcpb.org.br\/lula\/\" class=\"advgb-post-tax-term\">Lula<\/a>","<a href=\"https:\/\/sindaopcpb.org.br\/mercados\/\" class=\"advgb-post-tax-term\">Mercados<\/a>","<a href=\"https:\/\/sindaopcpb.org.br\/minhas-financas\/\" class=\"advgb-post-tax-term\">Minhas Finan\u00e7as<\/a>","<a href=\"https:\/\/sindaopcpb.org.br\/pis-cofins\/\" class=\"advgb-post-tax-term\">PIS\/Cofins<\/a>","<a href=\"https:\/\/sindaopcpb.org.br\/politica\/\" class=\"advgb-post-tax-term\">POLITICA<\/a>","<a href=\"https:\/\/sindaopcpb.org.br\/precos\/\" class=\"advgb-post-tax-term\">pre\u00e7os<\/a>","<a href=\"https:\/\/sindaopcpb.org.br\/setor-automotivo\/\" class=\"advgb-post-tax-term\">setor automotivo<\/a>","<a href=\"https:\/\/sindaopcpb.org.br\/tributos\/\" class=\"advgb-post-tax-term\">Tributos<\/a>","<a href=\"https:\/\/sindaopcpb.org.br\/veiculos\/\" class=\"advgb-post-tax-term\">Ve\u00edculos<\/a>"],"unlinked":["<span class=\"advgb-post-tax-term\">Cofins<\/span>","<span class=\"advgb-post-tax-term\">Combust\u00edveis<\/span>","<span class=\"advgb-post-tax-term\">Consumo<\/span>","<span class=\"advgb-post-tax-term\">Diesel<\/span>","<span class=\"advgb-post-tax-term\">Economia<\/span>","<span class=\"advgb-post-tax-term\">G1<\/span>","<span class=\"advgb-post-tax-term\">haddad<\/span>","<span class=\"advgb-post-tax-term\">IPI<\/span>","<span class=\"advgb-post-tax-term\">Lula<\/span>","<span class=\"advgb-post-tax-term\">Mercados<\/span>","<span class=\"advgb-post-tax-term\">Minhas Finan\u00e7as<\/span>","<span class=\"advgb-post-tax-term\">PIS\/Cofins<\/span>","<span class=\"advgb-post-tax-term\">POLITICA<\/span>","<span class=\"advgb-post-tax-term\">pre\u00e7os<\/span>","<span class=\"advgb-post-tax-term\">setor automotivo<\/span>","<span class=\"advgb-post-tax-term\">Tributos<\/span>","<span class=\"advgb-post-tax-term\">Ve\u00edculos<\/span>"]},"tags":{"linked":["<a href=\"https:\/\/sindaopcpb.org.br\/veiculos\/\" class=\"advgb-post-tax-term\">g1<\/a>"],"unlinked":["<span class=\"advgb-post-tax-term\">g1<\/span>"]}},"comment_count":"0","relative_dates":{"created":"Publicado 3 anos atr\u00e1s","modified":"Atualizado 3 anos atr\u00e1s"},"absolute_dates":{"created":"Publicado em 4 de junho de 2023","modified":"Atualizado em 4 de junho de 2023"},"absolute_dates_time":{"created":"Publicado em 4 de junho de 2023 11:55","modified":"Atualizado em 4 de junho de 2023 11:55"},"featured_img_caption":"","series_order":"","_links":{"self":[{"href":"https:\/\/sindaopcpb.org.br\/index.php\/wp-json\/wp\/v2\/posts\/19471","targetHints":{"allow":["GET"]}}],"collection":[{"href":"https:\/\/sindaopcpb.org.br\/index.php\/wp-json\/wp\/v2\/posts"}],"about":[{"href":"https:\/\/sindaopcpb.org.br\/index.php\/wp-json\/wp\/v2\/types\/post"}],"author":[{"embeddable":true,"href":"https:\/\/sindaopcpb.org.br\/index.php\/wp-json\/wp\/v2\/users\/43"}],"replies":[{"embeddable":true,"href":"https:\/\/sindaopcpb.org.br\/index.php\/wp-json\/wp\/v2\/comments?post=19471"}],"version-history":[{"count":1,"href":"https:\/\/sindaopcpb.org.br\/index.php\/wp-json\/wp\/v2\/posts\/19471\/revisions"}],"predecessor-version":[{"id":19472,"href":"https:\/\/sindaopcpb.org.br\/index.php\/wp-json\/wp\/v2\/posts\/19471\/revisions\/19472"}],"wp:attachment":[{"href":"https:\/\/sindaopcpb.org.br\/index.php\/wp-json\/wp\/v2\/media?parent=19471"}],"wp:term":[{"taxonomy":"category","embeddable":true,"href":"https:\/\/sindaopcpb.org.br\/index.php\/wp-json\/wp\/v2\/categories?post=19471"},{"taxonomy":"post_tag","embeddable":true,"href":"https:\/\/sindaopcpb.org.br\/index.php\/wp-json\/wp\/v2\/tags?post=19471"}],"curies":[{"name":"wp","href":"https:\/\/api.w.org\/{rel}","templated":true}]}}