{"id":19453,"date":"2023-06-04T05:07:02","date_gmt":"2023-06-04T08:07:02","guid":{"rendered":"https:\/\/g1.globo.com\/pb\/paraiba\/sao-joao\/2023\/noticia\/2023\/06\/04\/show-de-wesley-safadao-no-sao-joao-2023-de-campina-grande-tem-portoes-fechados-apos-recorde-de-publico-especial.ghtml"},"modified":"2023-06-04T05:07:02","modified_gmt":"2023-06-04T08:07:02","slug":"show-de-wesley-safadao-no-sao-joao-2023-de-campina-grande-tem-portoes-fechados-apos-recorde-de-publico-especial","status":"publish","type":"post","link":"https:\/\/sindaopcpb.org.br\/index.php\/2023\/06\/04\/show-de-wesley-safadao-no-sao-joao-2023-de-campina-grande-tem-portoes-fechados-apos-recorde-de-publico-especial\/","title":{"rendered":"Show de Wesley Safad\u00e3o no S\u00e3o Jo\u00e3o 2023 de Campina Grande tem port\u00f5es fechados ap\u00f3s recorde de p\u00fablico: \u2018especial\u2019"},"content":{"rendered":"   <img src=\"https:\/\/s2.glbimg.com\/rooBG8SCds7VcZXFzRxCKQwoJRY=\/i.s3.glbimg.com\/v1\/AUTH_59edd422c0c84a879bd37670ae4f538a\/internal_photos\/bs\/2023\/Y\/x\/ML5fRxTd6k44vmPN0OLA\/img-2750.jpg\" \/><br \/>     Vias de acesso do Parque do Povo foram bloqueadas cerca de duas horas e meia antes da apresenta\u00e7\u00e3o do artista. No show, o p\u00fablico foi de 60 mil f\u00e3s. Show de Wesley Safad\u00e3o no S\u00e3o Jo\u00e3o 2023 de Campina Grande \nErickson Nogueira\/g1\nCerca de duas horas e meia antes do show de Wesley Safad\u00e3o come\u00e7ar, os port\u00f5es do Parque do Povo \u2013 local onde acontece o S\u00e3o Jo\u00e3o de Campina Grande \u2013 foram fechados neste s\u00e1bado (3). De acordo com a empresa organizadora do evento, a apresenta\u00e7\u00e3o do cantor cearense reuniu mais de 60 mil pessoas.\nAo saber da lota\u00e7\u00e3o m\u00e1xima do Parque do Povo, Wesley Safad\u00e3o, que retorna ao S\u00e3o Jo\u00e3o de Campina Grande ap\u00f3s tr\u00eas anos de aus\u00eancia - dois devido a pandemia de Covid-19 e um ano, 2022, afastado por problemas de sa\u00fade -, comemorou o grande p\u00fablico na arena.\n\u201cMuito legal escutar \u2018port\u00f5es fechados\u2019. Eu espero o ano inteiro para chegar o dia e fazer o show no S\u00e3o Jo\u00e3o de Campina Grande. E isso [expectativa] acontece com o p\u00fablico tamb\u00e9m. Fazer show na cidade de Campina Grande \u00e9 especial e sempre vai ser\u201d, comentou o cantor cearense.\nNenhum outro show desde o in\u00edcio desta edi\u00e7\u00e3o do evento \u2013 h\u00e1 tr\u00eas dias - havia demandado o bloqueio das entradas. A festa segue at\u00e9 dia 2 de julho.\nCompartilhe no WhatsApp\nCompartilhe no Telegram\nNo palco, o que n\u00e3o faltou foi anima\u00e7\u00e3o. Ao receber o carinho dos mais de 60 mil f\u00e3s que estavam no p\u00e1tio do Parque do Povo, Wesley Safad\u00e3o agradeceu a presen\u00e7a de quem estava no show e mencionou a saudade que estava de se apresentar na festa junina da cidade.\n\u201cCampina Grande eu voltei! Tava morrendo de saudade\u201d, declarou Wesley Safad\u00e3o, aplaudido pela multid\u00e3o que lotou o Parque do Povo no terceiro dia de shows do S\u00e3o Jo\u00e3o 2023.\nWesley Safad\u00e3o no S\u00e3o Jo\u00e3o 2023 de Campina Grande\nErickson Nogueira\/g1\nO p\u00fablico acompanhou a anima\u00e7\u00e3o do cantor e por diversas vezes foi ecoado os gritos de \u201cVai, Safad\u00e3o! Vai, Safad\u00e3o! Vai, Safad\u00e3o!\u201d, orquestrados pelo cantor que retribu\u00eda com simpatia e cantando sucessos de sua carreira. M\u00fasicas como \u201cCamarote\u201d, \u201cMeu Cora\u00e7\u00e3o Deu PT\u201d e \u201cDespedida\u201d foram algumas das can\u00e7\u00f5es tocadas no palco principal do Parque do Povo e levaram o p\u00fablico ao del\u00edrio.\nLEIA TAMB\u00c9M:\nSHOWS: veja a programa\u00e7\u00e3o do S\u00e3o Jo\u00e3o 2023 de Campina Grande \nNOVOS ESTILOS: piseiro \u00e9 destaque na programa\u00e7\u00e3o do S\u00e3o Jo\u00e3o 2023 de Campina Grande\nSe teve uma coisa que Wesley fez no palco foi dan\u00e7ar e interagir com o p\u00fablico. Quando foi apresentar para os f\u00e3s a nova m\u00fasica de seu repert\u00f3rio chamada \u201cCovardia\u201d, dividiu a can\u00e7\u00e3o com uma pessoa com defici\u00eancia que o cantor encontrou no aeroporto, e convidou o jovem para dividir o palco, que tamb\u00e9m chegou a cantar a m\u00fasica \u201cDespedida\u201d. O p\u00fablico cantou com a dupla e aplaudiu a intera\u00e7\u00e3o que Wesley teve com o jovem.\nWesley Safad\u00e3o divide o palco com f\u00e3 no S\u00e3o Jo\u00e3o 2023 de Campina Grande\nErickson Nogueira\/g1\nO show de Wesley Safad\u00e3o durou cerca de duas horas e foi encerrado \u00e0s 3h.\nDo casamento para o Parque do Povo\nCasal se casa e decide comemorar uni\u00e3o no S\u00e3o Jo\u00e3o 2023 de Campina Grande\nErickson Nogueira\/g1 \nO Parque do Povo, em Campina Grande, Agreste da Para\u00edba, \u00e9 um local repleto de hist\u00f3rias de amor. Mas imagina s\u00f3 casar e ir direto para o S\u00e3o Jo\u00e3o comemorar? Foi o que resolveram fazer o casal Jo\u00e3o Andrade e Claudia Palmeira, que j\u00e1 se relacionam h\u00e1 quatro anos, se casaram na tarde deste s\u00e1bado (3) em uma casa de recep\u00e7\u00f5es na zona rural de Lagoa Seca, Agreste paraibano, e para celebrar o casamento foram direto comemorar no Parque do Povo.\n\u201c\u00c9 o seguinte: aqui \u00e9 o melhor S\u00e3o Jo\u00e3o do Mundo, n\u00e3o tem como casar em Campina Grande sem vir pra c\u00e1 enquanto estiver tendo S\u00e3o Jo\u00e3o\u201d, explicou Jo\u00e3o.\nO casal chegou ao Parque do Povo com a roupa do casamento, j\u00e1 na inten\u00e7\u00e3o de aproveitar a noite inteira. Na noite deste s\u00e1bado (3), a atra\u00e7\u00e3o principal no palco do Quartel General do Forr\u00f3 foi Wesley Safad\u00e3o, que registrou o primeiro recorde de p\u00fablico e port\u00f5es fechados desta edi\u00e7\u00e3o. \nO casal entrou no Parque do Povo na expectativa de aproveitar a festa at\u00e9 o fim, e comemorar o casamento no melhor estilo: no ambiente da maior festa junina do Brasil.\n\u201cTudo indica que sim!\u201d, disse Jo\u00e3o sobre aproveitar toda a noite de festa no Parque do Povo.\nMarcynho Sensa\u00e7\u00e3o levou anima\u00e7\u00e3o e piseiro ao Parque do Povo\nMarcynho Sensa\u00e7\u00e3o no S\u00e3o Jo\u00e3o 2023 de Campina Grande\nErickson Nogueira\/g1\nNatural de Pil\u00f5es, no Brejo paraibano, Marcynho Sensa\u00e7\u00e3o subiu ao palco do Parque do Povo e animou o p\u00fablico que estava presente no show. Durante a apresenta\u00e7\u00e3o, o paraibano pontuou a emo\u00e7\u00e3o de cantar pela primeira vez no palco principal do evento.\n\u201cAntes eu estava embaixo curtindo o show [na plateia do Parque do Povo], e hoje estou aqui em cima podendo fazer uma festa maravilhosa\u201d, declarou Marcynho logo no come\u00e7o de sua apresenta\u00e7\u00e3o.\nNo show de Marcynho, o paraibano contagiou o p\u00fablico com m\u00fasicas que fizeram sucesso na carreira e conhecidas, principalmente, pelas dan\u00e7as envolventes protagonizadas nas redes sociais. Sucessos como \u201cParada Louca\u201d, \u201cAmea\u00e7a\u201d e \u201cRol\u00ea\u201d levaram os mais de 60 mil presentes no Parque do Povo \u00e0 loucura.\nAntes do show, Marcynho explicou que a ansiedade em tocar no palco principal do Parque do Povo pela primeira vez estava cada vez maior, mas que estava pronto para entregar o melhor show para o p\u00fablico que lotou a arena.\n\u201cExpectativa a mil. Desde que eu soube que ia tocar aqui em Campina Grande que eu t\u00f4 preparando um repert\u00f3rio animado para a galera, pra cima. S\u00f3 gratid\u00e3o!\u201d, declarou o paraibano.\nMarcynho Sensa\u00e7\u00e3o levou piseiro ao Parque do Povo no S\u00e3o Jo\u00e3o 2023 de Campina Grande\nErickson Nogueira\/g1\nO s\u00e1bado (3) tamb\u00e9m contou com mais duas apresenta\u00e7\u00f5es no palco principal do S\u00e3o Jo\u00e3o 2023 de Campina Grande com apresenta\u00e7\u00e3o dos artistas Nathan Vin\u00edcius e Gal\u00e3, que tocaram para o p\u00fablico no come\u00e7o da noite.\nPrograma\u00e7\u00e3o\nNeste domingo (4), o S\u00e3o Jo\u00e3o 2023 de Campina Grande ter\u00e1 shows de Iguinho e Lulinha, Henry Freitas, Lucas Aboiador e Karkar\u00e1. As apresenta\u00e7\u00f5es come\u00e7am a partir das 18h30 e se estendem at\u00e9 as 3h.\nV\u00eddeos mais assistidos do g1 Para\u00edba  ","protected":false},"excerpt":{"rendered":"<p>        Vias de acesso do Parque do Povo foram bloqueadas cerca de duas horas e meia antes da apresenta\u00e7\u00e3o do artista. No show, o p\u00fablico foi de 60 mil f\u00e3s. Show de Wesley Safad\u00e3o no S\u00e3o Jo\u00e3o 2023 de Campina Grande<br \/>\nErickson Nogueira\/g1<br \/>\nCerca de duas h&#8230;<\/p>\n","protected":false},"author":2,"featured_media":0,"comment_status":"closed","ping_status":"closed","sticky":false,"template":"","format":"standard","meta":{"advgb_blocks_editor_width":"","advgb_blocks_columns_visual_guide":"","footnotes":""},"categories":[34],"tags":[35],"class_list":["post-19453","post","type-post","status-publish","format-standard","hentry","category-g1","tag-g1"],"author_meta":{"display_name":"g1 &gt; Para\u00edba","author_link":"https:\/\/sindaopcpb.org.br\/author\/g1-paraiba\/"},"featured_img":null,"coauthors":[],"tax_additional":{"categories":{"linked":["<a href=\"https:\/\/sindaopcpb.org.br\/g1\/\" class=\"advgb-post-tax-term\">G1<\/a>"],"unlinked":["<span class=\"advgb-post-tax-term\">G1<\/span>"]},"tags":{"linked":["<a href=\"https:\/\/sindaopcpb.org.br\/g1\/\" class=\"advgb-post-tax-term\">g1<\/a>"],"unlinked":["<span class=\"advgb-post-tax-term\">g1<\/span>"]}},"comment_count":"0","relative_dates":{"created":"Publicado 3 anos atr\u00e1s","modified":"Atualizado 3 anos atr\u00e1s"},"absolute_dates":{"created":"Publicado em 4 de junho de 2023","modified":"Atualizado em 4 de junho de 2023"},"absolute_dates_time":{"created":"Publicado em 4 de junho de 2023 05:07","modified":"Atualizado em 4 de junho de 2023 05:07"},"featured_img_caption":"","series_order":"","_links":{"self":[{"href":"https:\/\/sindaopcpb.org.br\/index.php\/wp-json\/wp\/v2\/posts\/19453","targetHints":{"allow":["GET"]}}],"collection":[{"href":"https:\/\/sindaopcpb.org.br\/index.php\/wp-json\/wp\/v2\/posts"}],"about":[{"href":"https:\/\/sindaopcpb.org.br\/index.php\/wp-json\/wp\/v2\/types\/post"}],"author":[{"embeddable":true,"href":"https:\/\/sindaopcpb.org.br\/index.php\/wp-json\/wp\/v2\/users\/2"}],"replies":[{"embeddable":true,"href":"https:\/\/sindaopcpb.org.br\/index.php\/wp-json\/wp\/v2\/comments?post=19453"}],"version-history":[{"count":1,"href":"https:\/\/sindaopcpb.org.br\/index.php\/wp-json\/wp\/v2\/posts\/19453\/revisions"}],"predecessor-version":[{"id":19454,"href":"https:\/\/sindaopcpb.org.br\/index.php\/wp-json\/wp\/v2\/posts\/19453\/revisions\/19454"}],"wp:attachment":[{"href":"https:\/\/sindaopcpb.org.br\/index.php\/wp-json\/wp\/v2\/media?parent=19453"}],"wp:term":[{"taxonomy":"category","embeddable":true,"href":"https:\/\/sindaopcpb.org.br\/index.php\/wp-json\/wp\/v2\/categories?post=19453"},{"taxonomy":"post_tag","embeddable":true,"href":"https:\/\/sindaopcpb.org.br\/index.php\/wp-json\/wp\/v2\/tags?post=19453"}],"curies":[{"name":"wp","href":"https:\/\/api.w.org\/{rel}","templated":true}]}}