{"id":19429,"date":"2023-06-03T16:23:09","date_gmt":"2023-06-03T19:23:09","guid":{"rendered":"https:\/\/g1.globo.com\/pb\/paraiba\/noticia\/2023\/06\/03\/estudante-da-ufpb-participa-de-projeto-financiado-pela-nasa-sou-capaz-de-realizar-meus-sonhos.ghtml"},"modified":"2023-06-03T16:23:09","modified_gmt":"2023-06-03T19:23:09","slug":"estudante-da-ufpb-participa-de-projeto-financiado-pela-nasa-sou-capaz-de-realizar-meus-sonhos","status":"publish","type":"post","link":"https:\/\/sindaopcpb.org.br\/index.php\/2023\/06\/03\/estudante-da-ufpb-participa-de-projeto-financiado-pela-nasa-sou-capaz-de-realizar-meus-sonhos\/","title":{"rendered":"Estudante da UFPB participa de projeto financiado pela Nasa: &#8216;sou capaz de realizar meus sonhos&#8217;"},"content":{"rendered":"   <img src=\"https:\/\/s2.glbimg.com\/e2igN4PhXQFHk4dMNBmgIFxCz48=\/i.s3.glbimg.com\/v1\/AUTH_59edd422c0c84a879bd37670ae4f538a\/internal_photos\/bs\/2023\/B\/Q\/lkG3BrRU6in73bIA6OrQ\/vitoria-eua-2.jpg\" \/><br \/>     Programa prop\u00f5e lan\u00e7ar bal\u00f5es atmosf\u00e9ricos para fazer observa\u00e7\u00f5es frequentes por meio da emiss\u00e3o de radiossondas, de hora em hora, com o objetivo de estudar o comportamento da atmosfera durante dois eclipses. Estudante Vit\u00f3ria Fernandes durante interc\u00e2mbio nos Estados Unidos\nArquivo pessoal\nUma estudante de biotecnologia da Universidade Federal da Para\u00edba (UFPB) est\u00e1 participando de um projeto financiado pela Ag\u00eancia Espacial Norte-Americana (Nasa) e Funda\u00e7\u00e3o Nacional da Ci\u00eancia (NSF), nos Estados Unidos. Vit\u00f3ria Fernandes Ferro faz um interc\u00e2mbio acad\u00eamico na State University of New York (SUNY) na cidade de Oswego, por meio do Programa de Mobilidade Internacional (Promobi) 2022, promovido e gerido pela Ag\u00eancia UFPB de Coopera\u00e7\u00e3o Internacional (ACI). \"Ser parte da equipe me mostra que eu sou capaz de realizar meus sonhos\", declarou ao g1.\nVit\u00f3ria Fernandes chegou aos Estados Unidos em janeiro de 2023. \"Eu estava fazendo aulas de astronomia e o professor divulgou o projeto nas aulas j\u00e1 que ele \u00e9 um dos professores respons\u00e1veis pelo projeto. Quando tomei conhecimento do projeto, decidi me inscrever mesmo sabendo que teria que voltar para o Brasil. Providenciei os documentos para enviar e algumas semanas depois eu fui selecionada\", conta Vit\u00f3ria.\nO programa prop\u00f5e lan\u00e7ar bal\u00f5es atmosf\u00e9ricos para fazer observa\u00e7\u00f5es frequentes por meio da emiss\u00e3o de radiossondas, de hora em hora, com o objetivo de estudar o comportamento da atmosfera durante dois eclipses, que ocorrer\u00e3o em outubro de 2023 e em abril de 2024. \nO primeiro desses eclipses n\u00e3o ser\u00e1 vis\u00edvel em Nova Iorque e, por isso, os pesquisadores, que formam uma equipe multidisciplinar, viajar\u00e3o ao estado do Novo M\u00e9xico (EUA), onde o bal\u00e3o ser\u00e1 lan\u00e7ado e as informa\u00e7\u00f5es captadas.\n\"Iremos ter aulas sobre diversos t\u00f3picos acerca do lan\u00e7amento dos bal\u00f5es e an\u00e1lise dos dados para que todo mundo fique no mesmo n\u00edvel. A partir da\u00ed, grupos diferentes ir\u00e3o fazer atividades diferentes\", explica. \nVit\u00f3ria j\u00e1 estar\u00e1 de volta ao Brasil em outubro, mas a equipe da SUNY Oswego est\u00e1 se mobilizando para que ela mantenha o seu v\u00ednculo com a pesquisa at\u00e9 o final. \nQuando retornar ao Brasil, Vit\u00f3ria far\u00e1 trabalho de an\u00e1lise de dados do projeto\nArquivo pessoal\nAl\u00e9m das contribui\u00e7\u00f5es durante as aulas e do desenvolvimento da pesquisa, Vit\u00f3ria ter\u00e1 papel fundamental na fase final, pois ser\u00e1 a pessoa respons\u00e1vel pela an\u00e1lise de dados, quando poder\u00e1 aplicar seus conhecimentos em computa\u00e7\u00e3o e habilidade para gerir dados num\u00e9ricos. \"Al\u00e9m do aprendizado, esse projeto \u00e9 uma \u00f3tima oportunidade para fazer conex\u00f5es\", lembra a estudante.\nO presidente da ACI, o professor Sandro Marden, v\u00ea nessa iniciativa uma excelente oportunidade de estreitar la\u00e7os entre a UFPB e a SUNY Oswego, viabilizar a participa\u00e7\u00e3o de mais alunos e pesquisadores em projetos futuros e evidenciar para a comunidade acad\u00eamica o valor da prepara\u00e7\u00e3o e instru\u00e7\u00e3o que os alunos recebem na UFPB.\n\u201cA participa\u00e7\u00e3o de uma aluna nossa em um projeto dessa grandeza \u00e9 motivo de muito orgulho para a UFPB. Logicamente, participar de um projeto da NASA n\u00e3o \u00e9 algo que se consegue facilmente estando no Brasil mas, muitas vezes, \u00e9 durante uma experi\u00eancia internacional como essa que nossos alunos passam a valorizar sua alma mater, a institui\u00e7\u00e3o que colabora mais diretamente na sua forma\u00e7\u00e3o e educa\u00e7\u00e3o\u201d, disse o docente.\nPara o futuro, Vit\u00f3ria pretende continuar no ramo da ci\u00eancia e poder contribuir com seu conhecimento em biotecnologia.\nV\u00eddeos mais assistidos da Para\u00edba  ","protected":false},"excerpt":{"rendered":"<p>        Programa prop\u00f5e lan\u00e7ar bal\u00f5es atmosf\u00e9ricos para fazer observa\u00e7\u00f5es frequentes por meio da emiss\u00e3o de radiossondas, de hora em hora, com o objetivo de estudar o comportamento da atmosfera durante dois eclipses. Estudante Vit\u00f3ria Fernandes durante&#8230;<\/p>\n","protected":false},"author":2,"featured_media":0,"comment_status":"closed","ping_status":"closed","sticky":false,"template":"","format":"standard","meta":{"advgb_blocks_editor_width":"","advgb_blocks_columns_visual_guide":"","footnotes":""},"categories":[34],"tags":[35],"class_list":["post-19429","post","type-post","status-publish","format-standard","hentry","category-g1","tag-g1"],"author_meta":{"display_name":"g1 &gt; Para\u00edba","author_link":"https:\/\/sindaopcpb.org.br\/author\/g1-paraiba\/"},"featured_img":null,"coauthors":[],"tax_additional":{"categories":{"linked":["<a href=\"https:\/\/sindaopcpb.org.br\/g1\/\" class=\"advgb-post-tax-term\">G1<\/a>"],"unlinked":["<span class=\"advgb-post-tax-term\">G1<\/span>"]},"tags":{"linked":["<a href=\"https:\/\/sindaopcpb.org.br\/g1\/\" class=\"advgb-post-tax-term\">g1<\/a>"],"unlinked":["<span class=\"advgb-post-tax-term\">g1<\/span>"]}},"comment_count":"0","relative_dates":{"created":"Publicado 3 anos atr\u00e1s","modified":"Atualizado 3 anos atr\u00e1s"},"absolute_dates":{"created":"Publicado em 3 de junho de 2023","modified":"Atualizado em 3 de junho de 2023"},"absolute_dates_time":{"created":"Publicado em 3 de junho de 2023 16:23","modified":"Atualizado em 3 de junho de 2023 16:23"},"featured_img_caption":"","series_order":"","_links":{"self":[{"href":"https:\/\/sindaopcpb.org.br\/index.php\/wp-json\/wp\/v2\/posts\/19429","targetHints":{"allow":["GET"]}}],"collection":[{"href":"https:\/\/sindaopcpb.org.br\/index.php\/wp-json\/wp\/v2\/posts"}],"about":[{"href":"https:\/\/sindaopcpb.org.br\/index.php\/wp-json\/wp\/v2\/types\/post"}],"author":[{"embeddable":true,"href":"https:\/\/sindaopcpb.org.br\/index.php\/wp-json\/wp\/v2\/users\/2"}],"replies":[{"embeddable":true,"href":"https:\/\/sindaopcpb.org.br\/index.php\/wp-json\/wp\/v2\/comments?post=19429"}],"version-history":[{"count":1,"href":"https:\/\/sindaopcpb.org.br\/index.php\/wp-json\/wp\/v2\/posts\/19429\/revisions"}],"predecessor-version":[{"id":19430,"href":"https:\/\/sindaopcpb.org.br\/index.php\/wp-json\/wp\/v2\/posts\/19429\/revisions\/19430"}],"wp:attachment":[{"href":"https:\/\/sindaopcpb.org.br\/index.php\/wp-json\/wp\/v2\/media?parent=19429"}],"wp:term":[{"taxonomy":"category","embeddable":true,"href":"https:\/\/sindaopcpb.org.br\/index.php\/wp-json\/wp\/v2\/categories?post=19429"},{"taxonomy":"post_tag","embeddable":true,"href":"https:\/\/sindaopcpb.org.br\/index.php\/wp-json\/wp\/v2\/tags?post=19429"}],"curies":[{"name":"wp","href":"https:\/\/api.w.org\/{rel}","templated":true}]}}