{"id":19401,"date":"2023-06-03T14:23:00","date_gmt":"2023-06-03T17:23:00","guid":{"rendered":"https:\/\/www.infomoney.com.br\/?p=2152378"},"modified":"2023-06-03T14:23:00","modified_gmt":"2023-06-03T17:23:00","slug":"repasse-de-r-269-bilhoes-da-uniao-para-os-estados-e-homologado-pelo-stf","status":"publish","type":"post","link":"https:\/\/sindaopcpb.org.br\/index.php\/2023\/06\/03\/repasse-de-r-269-bilhoes-da-uniao-para-os-estados-e-homologado-pelo-stf\/","title":{"rendered":"Repasse de R$ 26,9 bilh\u00f5es da Uni\u00e3o para os Estados \u00e9 homologado pelo STF"},"content":{"rendered":"<p><img loading=\"lazy\" width=\"300\" height=\"179\" src=\"https:\/\/www.infomoney.com.br\/wp-content\/uploads\/2023\/03\/stf.jpg?fit=300%2C179&amp;quality=70&amp;strip=all\" class=\"attachment-medium size-medium wp-post-image\" alt=\"\" decoding=\"async\" style=\"float:right; margin:0 0 10px 10px;\" srcset=\"https:\/\/www.infomoney.com.br\/wp-content\/uploads\/2023\/03\/stf.jpg?w=1170&amp;quality=70&amp;strip=all 1170w, https:\/\/www.infomoney.com.br\/wp-content\/uploads\/2023\/03\/stf.jpg?w=300&amp;quality=70&amp;strip=all 300w, https:\/\/www.infomoney.com.br\/wp-content\/uploads\/2023\/03\/stf.jpg?w=768&amp;quality=70&amp;strip=all 768w, https:\/\/www.infomoney.com.br\/wp-content\/uploads\/2023\/03\/stf.jpg?w=150&amp;quality=70&amp;strip=all 150w\" sizes=\"auto, (max-width: 300px) 100vw, 300px\" data-attachment-id=\"2083028\" data-permalink=\"https:\/\/www.infomoney.com.br\/carreira\/stf-derruba-lei-que-obrigava-sala-de-descanso-para-enfermeiros-em-sp\/attachment\/stf-10\/\" data-orig-file=\"https:\/\/www.infomoney.com.br\/wp-content\/uploads\/2023\/03\/stf.jpg?fit=1170%2C700&amp;quality=70&amp;strip=all\" data-orig-size=\"1170,700\" data-comments-opened=\"0\" data-image-meta=\"{&quot;aperture&quot;:&quot;4&quot;,&quot;credit&quot;:&quot;Carlos Moura\\\/SCO\\\/STF&quot;,&quot;camera&quot;:&quot;NIKON D500&quot;,&quot;caption&quot;:&quot;Bras\\u00edlia (DF), 15.03.2023- Sess\\u00e3o plen\\u00e1ria do STF. - Ministros durante a sess\\u00e3o plen\\u00e1ria do STF.  Foto: Carlos Moura\\\/SCO\\\/STF&quot;,&quot;created_timestamp&quot;:&quot;1678892875&quot;,&quot;copyright&quot;:&quot;&quot;,&quot;focal_length&quot;:&quot;17&quot;,&quot;iso&quot;:&quot;3200&quot;,&quot;shutter_speed&quot;:&quot;0.00625&quot;,&quot;title&quot;:&quot;&quot;,&quot;orientation&quot;:&quot;1&quot;}\" data-image-title=\"Plen\u00e1rio do STF\" data-image-description=\"\" data-image-caption=\"&lt;p&gt;Ministros do Supremo durante a sess\u00e3o plen\u00e1ria de 15 de mar\u00e7o de 2023 (Foto: Carlos Moura\/STF)&lt;\/p&gt;\n\" data-medium-file=\"https:\/\/www.infomoney.com.br\/wp-content\/uploads\/2023\/03\/stf.jpg?fit=300%2C179&amp;quality=70&amp;strip=all\" data-large-file=\"https:\/\/www.infomoney.com.br\/wp-content\/uploads\/2023\/03\/stf.jpg?fit=1170%2C700&amp;quality=70&amp;strip=all\" title=\"\"><\/p>\n<p>O Supremo Tribunal Federal (STF) homologou o acordo firmado entre Uni\u00e3o e estados que prev\u00ea o repasse de R$ 26,9 bilh\u00f5es para compensar perdas na arrecada\u00e7\u00e3o do ICMS. A decis\u00e3o foi tomada por unanimidade no plen\u00e1rio virtual que se encerrou \u00e0 meia-noite desta sexta-feira (2). Apenas o ministro Andr\u00e9 Mendon\u00e7a apresentou ressalvas, mas tamb\u00e9m acompanhou o ministro relator, Gilmar Mendes.<\/p>\n<p>O acordo foi firmado em mar\u00e7o ap\u00f3s meses de negocia\u00e7\u00f5es entre representantes dos estados e da Fazenda Nacional. A repara\u00e7\u00e3o ser\u00e1 diferente de acordo com o perfil de cada estado e ser\u00e1 paga ao longo dos pr\u00f3ximos quatro anos, de forma parcelada.<\/p>\n<p>O repasse bilion\u00e1rio visa repor as perdas na arrecada\u00e7\u00e3o dos estados impostas por leis de 2022 que diminu\u00edram a al\u00edquota do ICMS sobre itens considerados essenciais, como combust\u00edveis. O imposto \u00e9 a principal fonte de recolhimento dos governos estaduais. A lei j\u00e1 previa compensa\u00e7\u00e3o, mas o dispositivo foi vetado pelo ent\u00e3o presidente Jair Bolsonaro. Depois disso, estados foram ao STF questionar a medida.<\/p>\n<p>Em seu voto, Gilmar afirmou que os termos do acordo &#8220;devem ser compreendidos pelo Poder Legislativo como um consenso pol\u00edtico-jur\u00eddico poss\u00edvel, diante dos debates e das solu\u00e7\u00f5es encontradas&#8221;.<\/p>\n<p>&#8220;Registre-se que os termos do acordo foram escritos, debatidos, negociados e reescritos pelos pr\u00f3prios entes federativos, de forma direta, sem a interfer\u00eancia do Poder Judici\u00e1rio. Apenas na \u00faltima semana, antes do termo final do prazo e diante de alguns impasses jur\u00eddicos, houve a participa\u00e7\u00e3o mais efetiva deste relator e de meu gabinete&#8221;, afirmou Gilmar.<\/p>\n<p>The post <a rel=\"nofollow noopener\" href=\"https:\/\/www.infomoney.com.br\/economia\/repasse-de-r-269-bilhoes-da-uniao-para-os-estados-e-homologado-pelo-stf\/\" target=\"_blank\">Repasse de R$ 26,9 bilh\u00f5es da Uni\u00e3o para os Estados \u00e9 homologado pelo STF<\/a> appeared first on <a rel=\"nofollow noopener\" href=\"https:\/\/www.infomoney.com.br\/\" target=\"_blank\">InfoMoney<\/a>.<\/p>\n","protected":false},"excerpt":{"rendered":"<p><img loading=\"lazy\" decoding=\"async\" width=\"300\" height=\"179\" src=\"https:\/\/www.infomoney.com.br\/wp-content\/uploads\/2023\/03\/stf.jpg?fit=300%2C179&amp;quality=70&amp;strip=all\" class=\"attachment-medium size-medium wp-post-image\" alt=\"\" data-attachment-id=\"2083028\" data-permalink=\"https:\/\/www.infomoney.com.br\/carreira\/stf-derruba-lei-que-obrigava-sala-de-descanso-para-enfermeiros-em-sp\/attachment\/stf-10\/\" data-orig-file=\"https:\/\/www.infomoney.com.br\/wp-content\/uploads\/2023\/03\/stf.jpg?fit=1170%2C700&amp;quality=70&amp;strip=all\" data-orig-size=\"1170,700\" data-comments-opened=\"0\" data-image-meta='{\"aperture\":\"4\",\"credit\":\"Carlos Moura\\\/SCO\\\/STF\",\"camera\":\"NIKON D500\",\"caption\":\"Bras\\u00edlia (DF), 15.03.2023- Sess\\u00e3o plen\\u00e1ria do STF. - Ministros durante a sess\\u00e3o plen\\u00e1ria do STF.  Foto: Carlos Moura\\\/SCO\\\/STF\",\"created_timestamp\":\"1678892875\",\"copyright\":\"\",\"focal_length\":\"17\",\"iso\":\"3200\",\"shutter_speed\":\"0.00625\",\"title\":\"\",\"orientation\":\"1\"}' data-image-title=\"Plen\u00e1rio do STF\" data-image-description=\"\" data-image-caption=\"&lt;p&gt;Ministros do Supremo durante a sess\u00e3o plen\u00e1ria de 15 de mar\u00e7o de 2023 (Foto: Carlos Moura\/STF)&lt;\/p&gt;\n\" data-medium-file=\"https:\/\/www.infomoney.com.br\/wp-content\/uploads\/2023\/03\/stf.jpg?fit=300%2C179&amp;quality=70&amp;strip=all\" data-large-file=\"https:\/\/www.infomoney.com.br\/wp-content\/uploads\/2023\/03\/stf.jpg?fit=1170%2C700&amp;quality=70&amp;strip=all\">Repasse bilion\u00e1rio visa repor as perdas na arrecada\u00e7\u00e3o dos estados impostas por leis de 2022 que diminu\u00edram a al\u00edquota do ICMS<\/p>\n<p>The post <a rel=\"nofollow\" href=\"https:\/\/www.infomoney.com.br\/economia\/repasse-de-r-269-bilhoes-da-uniao-para-os-estados-e-homologado-pelo-stf\/\">Repasse de R$ 26,9 bilh\u00f5es da Uni\u00e3o para os Estados \u00e9 homologado pelo STF<\/a> appeared first on <a rel=\"nofollow\" href=\"https:\/\/www.infomoney.com.br\/\">InfoMoney<\/a>.<\/p>\n","protected":false},"author":43,"featured_media":0,"comment_status":"closed","ping_status":"closed","sticky":false,"template":"","format":"standard","meta":{"advgb_blocks_editor_width":"","advgb_blocks_columns_visual_guide":"","footnotes":""},"categories":[69,34,47,449],"tags":[35],"class_list":["post-19401","post","type-post","status-publish","format-standard","hentry","category-economia","category-g1","category-politica","category-stf","tag-g1"],"author_meta":{"display_name":"Estad\u00e3o Conte\u00fado","author_link":"https:\/\/sindaopcpb.org.br\/author\/estadao-conteudo\/"},"featured_img":null,"coauthors":[],"tax_additional":{"categories":{"linked":["<a href=\"https:\/\/sindaopcpb.org.br\/economia\/\" class=\"advgb-post-tax-term\">Economia<\/a>","<a href=\"https:\/\/sindaopcpb.org.br\/g1\/\" class=\"advgb-post-tax-term\">G1<\/a>","<a href=\"https:\/\/sindaopcpb.org.br\/politica\/\" class=\"advgb-post-tax-term\">POLITICA<\/a>","<a href=\"https:\/\/sindaopcpb.org.br\/stf\/\" class=\"advgb-post-tax-term\">STF<\/a>"],"unlinked":["<span class=\"advgb-post-tax-term\">Economia<\/span>","<span class=\"advgb-post-tax-term\">G1<\/span>","<span class=\"advgb-post-tax-term\">POLITICA<\/span>","<span class=\"advgb-post-tax-term\">STF<\/span>"]},"tags":{"linked":["<a href=\"https:\/\/sindaopcpb.org.br\/stf\/\" class=\"advgb-post-tax-term\">g1<\/a>"],"unlinked":["<span class=\"advgb-post-tax-term\">g1<\/span>"]}},"comment_count":"0","relative_dates":{"created":"Publicado 3 anos atr\u00e1s","modified":"Atualizado 3 anos atr\u00e1s"},"absolute_dates":{"created":"Publicado em 3 de junho de 2023","modified":"Atualizado em 3 de junho de 2023"},"absolute_dates_time":{"created":"Publicado em 3 de junho de 2023 14:23","modified":"Atualizado em 3 de junho de 2023 14:23"},"featured_img_caption":"","series_order":"","_links":{"self":[{"href":"https:\/\/sindaopcpb.org.br\/index.php\/wp-json\/wp\/v2\/posts\/19401","targetHints":{"allow":["GET"]}}],"collection":[{"href":"https:\/\/sindaopcpb.org.br\/index.php\/wp-json\/wp\/v2\/posts"}],"about":[{"href":"https:\/\/sindaopcpb.org.br\/index.php\/wp-json\/wp\/v2\/types\/post"}],"author":[{"embeddable":true,"href":"https:\/\/sindaopcpb.org.br\/index.php\/wp-json\/wp\/v2\/users\/43"}],"replies":[{"embeddable":true,"href":"https:\/\/sindaopcpb.org.br\/index.php\/wp-json\/wp\/v2\/comments?post=19401"}],"version-history":[{"count":1,"href":"https:\/\/sindaopcpb.org.br\/index.php\/wp-json\/wp\/v2\/posts\/19401\/revisions"}],"predecessor-version":[{"id":19402,"href":"https:\/\/sindaopcpb.org.br\/index.php\/wp-json\/wp\/v2\/posts\/19401\/revisions\/19402"}],"wp:attachment":[{"href":"https:\/\/sindaopcpb.org.br\/index.php\/wp-json\/wp\/v2\/media?parent=19401"}],"wp:term":[{"taxonomy":"category","embeddable":true,"href":"https:\/\/sindaopcpb.org.br\/index.php\/wp-json\/wp\/v2\/categories?post=19401"},{"taxonomy":"post_tag","embeddable":true,"href":"https:\/\/sindaopcpb.org.br\/index.php\/wp-json\/wp\/v2\/tags?post=19401"}],"curies":[{"name":"wp","href":"https:\/\/api.w.org\/{rel}","templated":true}]}}