{"id":19361,"date":"2023-06-03T10:53:55","date_gmt":"2023-06-03T13:53:55","guid":{"rendered":"https:\/\/g1.globo.com\/pb\/paraiba\/noticia\/2023\/06\/03\/nove-criancas-sao-internadas-com-sintomas-respiratorios-nas-ultimas-24h-na-paraiba.ghtml"},"modified":"2023-06-03T10:53:55","modified_gmt":"2023-06-03T13:53:55","slug":"nove-criancas-sao-internadas-com-sintomas-respiratorios-nas-ultimas-24h-na-paraiba","status":"publish","type":"post","link":"https:\/\/sindaopcpb.org.br\/index.php\/2023\/06\/03\/nove-criancas-sao-internadas-com-sintomas-respiratorios-nas-ultimas-24h-na-paraiba\/","title":{"rendered":"Nove crian\u00e7as s\u00e3o internadas com sintomas respirat\u00f3rios nas \u00faltimas 24h na Para\u00edba"},"content":{"rendered":"   <img src=\"https:\/\/s2.glbimg.com\/25f7i2R85LrHvq5MWGyBbg0zFhk=\/i.s3.glbimg.com\/v1\/AUTH_59edd422c0c84a879bd37670ae4f538a\/internal_photos\/bs\/2023\/d\/7\/SKe420QCii3rGsizYOxw\/whatsapp-image-2023-05-08-at-12.08.48.jpeg\" \/><br \/>     S\u00e3o cerca de 270 leitos de enfermaria e 51 de UTI distribu\u00eddos em todo estado para atender o p\u00fablico infantil. A ocupa\u00e7\u00e3o \u00e9 de 72,55% nas UTIs pedi\u00e1tricas e 75,93% nas enfermarias com sintomas respirat\u00f3rios. Nove crian\u00e7as foram internadas nas \u00faltimas 24h na Para\u00edba\nGabriella Ramos\/g1\nA Para\u00edba registrou nove interna\u00e7\u00f5es de crian\u00e7as nas \u00faltimas 24h com sintomas respirat\u00f3rios, em leitos de refer\u00eancias no estado, segundo informa\u00e7\u00f5es do Complexo Estadual de Regula\u00e7\u00e3o (CER), no \u00faltimo boletim divulgado pela Secretaria de Estado de Sa\u00fade (SES) nesta sexta-feira (2).\nS\u00e3o cerca de 270 leitos de enfermaria e 51 de UTI distribu\u00eddos em todo estado para atender o p\u00fablico infantil. A ocupa\u00e7\u00e3o \u00e9 de 72,55% nas UTIs pedi\u00e1tricas e 75,93% nas enfermarias.\nAt\u00e9 o momento, foram registrados 36 \u00f3bitos por s\u00edndrome respirat\u00f3ria, sendo 21 por influenza (um deles com coinfec\u00e7\u00e3o com VRS), 12 de V\u00edrus Sincicial Respirat\u00f3rio (VRS), dois por Rinov\u00edrus e um por parainfluenza.  Das v\u00edtimas, a maioria, cerca de 18, estavam na faixa et\u00e1ria entre de at\u00e9 9 anos; sete tinham entre 33 e 58 anos; e 11 eram idosos a partir de 60 anos. Monteiro, com oito v\u00edtimas, e Jo\u00e3o Pessoa com seis, s\u00e3o as cidades paraibanas com mais casos de mortes por s\u00edndrome respirat\u00f3ria no estado. \nAt\u00e9 o dia 27 de maio, foram confirmados 564 casos de s\u00edndromes respirat\u00f3rias. Destes, 226 (46,41%) foram em menores de 1 ano, 127 em crian\u00e7as de 1 a 4 anos de idade (26,08%) e 40 acometeram crian\u00e7as de 5 a 9 anos (8,21%).\nVacina\u00e7\u00e3o do p\u00fablico infantil\nO p\u00fablico infantil, categoria que enquadra crian\u00e7as entre 6 meses e menores de 6 anos, alcan\u00e7ou 70,54% dos indiv\u00edduos vacinados contra a gripe at\u00e9 o momento. A Para\u00edba tem 312.277 crian\u00e7as aptas a receber a vacina e 218.651 doses foram aplicadas neste grupo.\nEm rela\u00e7\u00e3o a cobertura total de vacina\u00e7\u00e3o na popula\u00e7\u00e3o paraibana, n\u00fameros da SES revelam que cerca de 74,13% do p\u00fablico-alvo recebeu o imunizante, que continuar\u00e1 sendo ofertado at\u00e9 o dia 30 de junho. \nV\u00eddeos mais assistidos do g1 Para\u00edba  ","protected":false},"excerpt":{"rendered":"<p>        S\u00e3o cerca de 270 leitos de enfermaria e 51 de UTI distribu\u00eddos em todo estado para atender o p\u00fablico infantil. A ocupa\u00e7\u00e3o \u00e9 de 72,55% nas UTIs pedi\u00e1tricas e 75,93% nas enfermarias com sintomas respirat\u00f3rios. Nove crian\u00e7as foram internadas nas \u00fa&#8230;<\/p>\n","protected":false},"author":2,"featured_media":0,"comment_status":"closed","ping_status":"closed","sticky":false,"template":"","format":"standard","meta":{"advgb_blocks_editor_width":"","advgb_blocks_columns_visual_guide":"","footnotes":""},"categories":[34],"tags":[35],"class_list":["post-19361","post","type-post","status-publish","format-standard","hentry","category-g1","tag-g1"],"author_meta":{"display_name":"g1 &gt; Para\u00edba","author_link":"https:\/\/sindaopcpb.org.br\/author\/g1-paraiba\/"},"featured_img":null,"coauthors":[],"tax_additional":{"categories":{"linked":["<a href=\"https:\/\/sindaopcpb.org.br\/g1\/\" class=\"advgb-post-tax-term\">G1<\/a>"],"unlinked":["<span class=\"advgb-post-tax-term\">G1<\/span>"]},"tags":{"linked":["<a href=\"https:\/\/sindaopcpb.org.br\/g1\/\" class=\"advgb-post-tax-term\">g1<\/a>"],"unlinked":["<span class=\"advgb-post-tax-term\">g1<\/span>"]}},"comment_count":"0","relative_dates":{"created":"Publicado 3 anos atr\u00e1s","modified":"Atualizado 3 anos atr\u00e1s"},"absolute_dates":{"created":"Publicado em 3 de junho de 2023","modified":"Atualizado em 3 de junho de 2023"},"absolute_dates_time":{"created":"Publicado em 3 de junho de 2023 10:53","modified":"Atualizado em 3 de junho de 2023 10:53"},"featured_img_caption":"","series_order":"","_links":{"self":[{"href":"https:\/\/sindaopcpb.org.br\/index.php\/wp-json\/wp\/v2\/posts\/19361","targetHints":{"allow":["GET"]}}],"collection":[{"href":"https:\/\/sindaopcpb.org.br\/index.php\/wp-json\/wp\/v2\/posts"}],"about":[{"href":"https:\/\/sindaopcpb.org.br\/index.php\/wp-json\/wp\/v2\/types\/post"}],"author":[{"embeddable":true,"href":"https:\/\/sindaopcpb.org.br\/index.php\/wp-json\/wp\/v2\/users\/2"}],"replies":[{"embeddable":true,"href":"https:\/\/sindaopcpb.org.br\/index.php\/wp-json\/wp\/v2\/comments?post=19361"}],"version-history":[{"count":1,"href":"https:\/\/sindaopcpb.org.br\/index.php\/wp-json\/wp\/v2\/posts\/19361\/revisions"}],"predecessor-version":[{"id":19362,"href":"https:\/\/sindaopcpb.org.br\/index.php\/wp-json\/wp\/v2\/posts\/19361\/revisions\/19362"}],"wp:attachment":[{"href":"https:\/\/sindaopcpb.org.br\/index.php\/wp-json\/wp\/v2\/media?parent=19361"}],"wp:term":[{"taxonomy":"category","embeddable":true,"href":"https:\/\/sindaopcpb.org.br\/index.php\/wp-json\/wp\/v2\/categories?post=19361"},{"taxonomy":"post_tag","embeddable":true,"href":"https:\/\/sindaopcpb.org.br\/index.php\/wp-json\/wp\/v2\/tags?post=19361"}],"curies":[{"name":"wp","href":"https:\/\/api.w.org\/{rel}","templated":true}]}}