{"id":19339,"date":"2023-06-03T06:56:38","date_gmt":"2023-06-03T09:56:38","guid":{"rendered":"https:\/\/g1.globo.com\/pb\/paraiba\/noticia\/2023\/06\/03\/litoral-da-paraiba-tem-8-trechos-de-praias-improprios-para-banho.ghtml"},"modified":"2023-06-03T06:56:38","modified_gmt":"2023-06-03T09:56:38","slug":"litoral-da-paraiba-tem-8-trechos-de-praias-improprios-para-banho","status":"publish","type":"post","link":"https:\/\/sindaopcpb.org.br\/index.php\/2023\/06\/03\/litoral-da-paraiba-tem-8-trechos-de-praias-improprios-para-banho\/","title":{"rendered":"Litoral da Para\u00edba tem 8 trechos de praias impr\u00f3prios para banho"},"content":{"rendered":"   <img src=\"https:\/\/s2.glbimg.com\/WWWStYIWqIuHB09Mpw3MENachDU=\/i.s3.glbimg.com\/v1\/AUTH_59edd422c0c84a879bd37670ae4f538a\/internal_photos\/bs\/2018\/n\/4\/NPs7TKR5COJvc1WJffZg\/praia2.jpg\" \/><br \/>     An\u00e1lise foi divulgada nesta sexta-feira (2) e vale at\u00e9 9 de junho. Praia de Mana\u00edra tem dois trechos impr\u00f3prios\nKrys Carneiro\/G1\nOito trechos de praias est\u00e3o impr\u00f3prias para banho no Litoral da Para\u00edba, de acordo com o relat\u00f3rio de balneabilidade divulgado nessa sexta-feira (2) pela Superintend\u00eancia de Administra\u00e7\u00e3o do Meio Ambiente (Sudema). Segundo o levantamento, s\u00e3o sete \u00e1reas localizadas em Jo\u00e3o Pessoa e uma em Pitimbu.\nOs outros pontos monitorados, situados em Mataraca, Ba\u00eda da Trai\u00e7\u00e3o, Rio Tinto, Lucena, Cabedelo e Conde tiveram a qualidade das \u00e1guas classificada como pr\u00f3pria.\nA an\u00e1lise da balneabilidade da \u00e1gua foi realizada entre os dias 29 e 31 de maio e \u00e9 v\u00e1lida at\u00e9 9 de junho, data da nova divulga\u00e7\u00e3o de relat\u00f3rio. As demais praias monitoradas continuamente pela Sudema est\u00e3o liberadas para o banho.\nPraias impr\u00f3prias para banho no Litoral da Para\u00edba\nJo\u00e3o Pessoa\nBessa, em frente \u00e0 desembocadura do Macei\u00f3 do Bessa\nMana\u00edra, em frente ao n\u00b0 315 da Avenida Jo\u00e3o Maur\u00edcio\nMana\u00edra, no final da Av. Ruy Carneiro\nCabo Branco, no final da Rua Gregorio Pessoa de Oliveira\nFarol do Cabo Branco, em frente \u00e0 galeria de \u00e1guas pluviais\nJacarap\u00e9, em frente \u00e0 rua do Centro de Conven\u00e7\u00f5es\nArraial, em frente \u00e0 desembocadura do Rio Cui\u00e1\nPitimbu\nMacei\u00f3, em frente \u00e0 desembocadura do riacho Engenho Velho\nV\u00eddeos mais assistidos da Para\u00edba  ","protected":false},"excerpt":{"rendered":"<p>        An\u00e1lise foi divulgada nesta sexta-feira (2) e vale at\u00e9 9 de junho. Praia de Mana\u00edra tem dois trechos impr\u00f3prios<br \/>\nKrys Carneiro\/G1<br \/>\nOito trechos de praias est\u00e3o impr\u00f3prias para banho no Litoral da Para\u00edba, de acordo com o relat\u00f3rio de balneabilida&#8230;<\/p>\n","protected":false},"author":2,"featured_media":0,"comment_status":"closed","ping_status":"closed","sticky":false,"template":"","format":"standard","meta":{"advgb_blocks_editor_width":"","advgb_blocks_columns_visual_guide":"","footnotes":""},"categories":[34],"tags":[35],"class_list":["post-19339","post","type-post","status-publish","format-standard","hentry","category-g1","tag-g1"],"author_meta":{"display_name":"g1 &gt; Para\u00edba","author_link":"https:\/\/sindaopcpb.org.br\/author\/g1-paraiba\/"},"featured_img":null,"coauthors":[],"tax_additional":{"categories":{"linked":["<a href=\"https:\/\/sindaopcpb.org.br\/g1\/\" class=\"advgb-post-tax-term\">G1<\/a>"],"unlinked":["<span class=\"advgb-post-tax-term\">G1<\/span>"]},"tags":{"linked":["<a href=\"https:\/\/sindaopcpb.org.br\/g1\/\" class=\"advgb-post-tax-term\">g1<\/a>"],"unlinked":["<span class=\"advgb-post-tax-term\">g1<\/span>"]}},"comment_count":"0","relative_dates":{"created":"Publicado 3 anos atr\u00e1s","modified":"Atualizado 3 anos atr\u00e1s"},"absolute_dates":{"created":"Publicado em 3 de junho de 2023","modified":"Atualizado em 3 de junho de 2023"},"absolute_dates_time":{"created":"Publicado em 3 de junho de 2023 06:56","modified":"Atualizado em 3 de junho de 2023 06:56"},"featured_img_caption":"","series_order":"","_links":{"self":[{"href":"https:\/\/sindaopcpb.org.br\/index.php\/wp-json\/wp\/v2\/posts\/19339","targetHints":{"allow":["GET"]}}],"collection":[{"href":"https:\/\/sindaopcpb.org.br\/index.php\/wp-json\/wp\/v2\/posts"}],"about":[{"href":"https:\/\/sindaopcpb.org.br\/index.php\/wp-json\/wp\/v2\/types\/post"}],"author":[{"embeddable":true,"href":"https:\/\/sindaopcpb.org.br\/index.php\/wp-json\/wp\/v2\/users\/2"}],"replies":[{"embeddable":true,"href":"https:\/\/sindaopcpb.org.br\/index.php\/wp-json\/wp\/v2\/comments?post=19339"}],"version-history":[{"count":1,"href":"https:\/\/sindaopcpb.org.br\/index.php\/wp-json\/wp\/v2\/posts\/19339\/revisions"}],"predecessor-version":[{"id":19340,"href":"https:\/\/sindaopcpb.org.br\/index.php\/wp-json\/wp\/v2\/posts\/19339\/revisions\/19340"}],"wp:attachment":[{"href":"https:\/\/sindaopcpb.org.br\/index.php\/wp-json\/wp\/v2\/media?parent=19339"}],"wp:term":[{"taxonomy":"category","embeddable":true,"href":"https:\/\/sindaopcpb.org.br\/index.php\/wp-json\/wp\/v2\/categories?post=19339"},{"taxonomy":"post_tag","embeddable":true,"href":"https:\/\/sindaopcpb.org.br\/index.php\/wp-json\/wp\/v2\/tags?post=19339"}],"curies":[{"name":"wp","href":"https:\/\/api.w.org\/{rel}","templated":true}]}}