{"id":19184,"date":"2023-06-01T18:30:11","date_gmt":"2023-06-01T21:30:11","guid":{"rendered":"https:\/\/g1.globo.com\/pb\/paraiba\/noticia\/2023\/06\/01\/suspeito-de-matar-feirante-que-vendia-peixes-em-joao-pessoa-e-preso-no-ceara.ghtml"},"modified":"2023-06-01T18:30:11","modified_gmt":"2023-06-01T21:30:11","slug":"suspeito-de-matar-feirante-que-vendia-peixes-em-joao-pessoa-e-preso-no-ceara","status":"publish","type":"post","link":"https:\/\/sindaopcpb.org.br\/index.php\/2023\/06\/01\/suspeito-de-matar-feirante-que-vendia-peixes-em-joao-pessoa-e-preso-no-ceara\/","title":{"rendered":"Suspeito de matar feirante que vendia peixes em Jo\u00e3o Pessoa \u00e9 preso no Cear\u00e1"},"content":{"rendered":"   <img src=\"https:\/\/s2.glbimg.com\/QVXwNEk3ZE1WGSCv8-ZIzthUkIg=\/i.s3.glbimg.com\/v1\/AUTH_59edd422c0c84a879bd37670ae4f538a\/internal_photos\/bs\/2023\/Z\/H\/ZbJDnZQyyRsMx3DUpYAQ\/preso.jpg\" \/><br \/>     Feirante tamb\u00e9m era pastor e foi morto a tiros durante discuss\u00e3o em feira no bairro do Grot\u00e3o.  Suspeito de cometer homic\u00eddio em Jo\u00e3o Pessoa \u00e9 preso no Cear\u00e1\nPCCE\/Divulga\u00e7\u00e3o\nUm homem, que n\u00e3o teve a identidade ou a idade revelada, foi preso nesta quinta-feira (1\u00ba) na cidade de Fortaleza, no Cear\u00e1, suspeito de matar um feirante de 36 anos, ainda em abril, ap\u00f3s uma discuss\u00e3o em uma feira no bairro do Grot\u00e3o, em Jo\u00e3o Pessoa. A v\u00edtima tamb\u00e9m era pastor.\nA a\u00e7\u00e3o que resultou a pris\u00e3o foi conjunta entre a Policia Civil da Para\u00edba, atrav\u00e9s da Delegacia de Crimes Contra a Pessoa,  com a Policia Civil do Cear\u00e1,  onde o suspeito estava. Foi cumprido um mandado de pris\u00e3o preventiva contra o suspeito. \nDe acordo com a pol\u00edcia, o crime foi motivado por um desentendimento na compra de um peixe durante os festejos de Semana Santa. Conforme a investiga\u00e7\u00e3o, ap\u00f3s ter recebido um peixe diferente do qual gostaria de comprar e ter negado a possibilidade de troca, o suspeito do crime retornou \u00e0 feira do Grot\u00e3o, onde o pastor trabalhava como feirante, e o executou com disparos de arma de fogo.\n\u00c0 TV Cabo Branco, familiares e amigos do feirante disseram na \u00e9poca que ele estava trabalhando com um filho, de 15 anos, que n\u00e3o foi atingido pelos disparos. O suspeito fugiu em uma motocicleta.\nFeirante e pastor, a v\u00edtima Cristiano Rodrigues deixou tr\u00eas filhos. \nV\u00eddeos mais assistidos do g1 Para\u00edba  ","protected":false},"excerpt":{"rendered":"<p>        Feirante tamb\u00e9m era pastor e foi morto a tiros durante discuss\u00e3o em feira no bairro do Grot\u00e3o.  Suspeito de cometer homic\u00eddio em Jo\u00e3o Pessoa \u00e9 preso no Cear\u00e1<br \/>\nPCCE\/Divulga\u00e7\u00e3o<br \/>\nUm homem, que n\u00e3o teve a identidade ou a idade revelada, foi preso nes&#8230;<\/p>\n","protected":false},"author":2,"featured_media":0,"comment_status":"closed","ping_status":"closed","sticky":false,"template":"","format":"standard","meta":{"advgb_blocks_editor_width":"","advgb_blocks_columns_visual_guide":"","footnotes":""},"categories":[34],"tags":[35],"class_list":["post-19184","post","type-post","status-publish","format-standard","hentry","category-g1","tag-g1"],"author_meta":{"display_name":"g1 &gt; Para\u00edba","author_link":"https:\/\/sindaopcpb.org.br\/author\/g1-paraiba\/"},"featured_img":null,"coauthors":[],"tax_additional":{"categories":{"linked":["<a href=\"https:\/\/sindaopcpb.org.br\/g1\/\" class=\"advgb-post-tax-term\">G1<\/a>"],"unlinked":["<span class=\"advgb-post-tax-term\">G1<\/span>"]},"tags":{"linked":["<a href=\"https:\/\/sindaopcpb.org.br\/g1\/\" class=\"advgb-post-tax-term\">g1<\/a>"],"unlinked":["<span class=\"advgb-post-tax-term\">g1<\/span>"]}},"comment_count":"0","relative_dates":{"created":"Publicado 3 anos atr\u00e1s","modified":"Atualizado 3 anos atr\u00e1s"},"absolute_dates":{"created":"Publicado em 1 de junho de 2023","modified":"Atualizado em 1 de junho de 2023"},"absolute_dates_time":{"created":"Publicado em 1 de junho de 2023 18:30","modified":"Atualizado em 1 de junho de 2023 18:30"},"featured_img_caption":"","series_order":"","_links":{"self":[{"href":"https:\/\/sindaopcpb.org.br\/index.php\/wp-json\/wp\/v2\/posts\/19184","targetHints":{"allow":["GET"]}}],"collection":[{"href":"https:\/\/sindaopcpb.org.br\/index.php\/wp-json\/wp\/v2\/posts"}],"about":[{"href":"https:\/\/sindaopcpb.org.br\/index.php\/wp-json\/wp\/v2\/types\/post"}],"author":[{"embeddable":true,"href":"https:\/\/sindaopcpb.org.br\/index.php\/wp-json\/wp\/v2\/users\/2"}],"replies":[{"embeddable":true,"href":"https:\/\/sindaopcpb.org.br\/index.php\/wp-json\/wp\/v2\/comments?post=19184"}],"version-history":[{"count":1,"href":"https:\/\/sindaopcpb.org.br\/index.php\/wp-json\/wp\/v2\/posts\/19184\/revisions"}],"predecessor-version":[{"id":19185,"href":"https:\/\/sindaopcpb.org.br\/index.php\/wp-json\/wp\/v2\/posts\/19184\/revisions\/19185"}],"wp:attachment":[{"href":"https:\/\/sindaopcpb.org.br\/index.php\/wp-json\/wp\/v2\/media?parent=19184"}],"wp:term":[{"taxonomy":"category","embeddable":true,"href":"https:\/\/sindaopcpb.org.br\/index.php\/wp-json\/wp\/v2\/categories?post=19184"},{"taxonomy":"post_tag","embeddable":true,"href":"https:\/\/sindaopcpb.org.br\/index.php\/wp-json\/wp\/v2\/tags?post=19184"}],"curies":[{"name":"wp","href":"https:\/\/api.w.org\/{rel}","templated":true}]}}