{"id":19168,"date":"2023-06-01T18:24:00","date_gmt":"2023-06-01T21:24:00","guid":{"rendered":"https:\/\/www.infomoney.com.br\/?p=2151088"},"modified":"2023-06-01T18:24:00","modified_gmt":"2023-06-01T21:24:00","slug":"haddad-diz-que-lula-validou-programa-para-automoveis-nesta-quinta-feira","status":"publish","type":"post","link":"https:\/\/sindaopcpb.org.br\/index.php\/2023\/06\/01\/haddad-diz-que-lula-validou-programa-para-automoveis-nesta-quinta-feira\/","title":{"rendered":"Haddad diz que Lula validou programa para autom\u00f3veis nesta quinta-feira"},"content":{"rendered":"<p><img loading=\"lazy\" width=\"300\" height=\"200\" src=\"https:\/\/www.infomoney.com.br\/wp-content\/uploads\/2023\/05\/Haddad1.jpg?fit=300%2C200&amp;quality=70&amp;strip=all\" class=\"attachment-medium size-medium wp-post-image\" alt=\"\" decoding=\"async\" style=\"float:right; margin:0 0 10px 10px;\" srcset=\"https:\/\/www.infomoney.com.br\/wp-content\/uploads\/2023\/05\/Haddad1.jpg?w=1000&amp;quality=70&amp;strip=all 1000w, https:\/\/www.infomoney.com.br\/wp-content\/uploads\/2023\/05\/Haddad1.jpg?w=300&amp;quality=70&amp;strip=all 300w, https:\/\/www.infomoney.com.br\/wp-content\/uploads\/2023\/05\/Haddad1.jpg?w=768&amp;quality=70&amp;strip=all 768w, https:\/\/www.infomoney.com.br\/wp-content\/uploads\/2023\/05\/Haddad1.jpg?w=150&amp;quality=70&amp;strip=all 150w\" sizes=\"auto, (max-width: 300px) 100vw, 300px\" data-attachment-id=\"2136735\" data-permalink=\"https:\/\/www.infomoney.com.br\/politica\/haddad-congresso-precisa-mirar-r-13-trilhao-de-gastos-tributarios-e-juros-da-divida\/attachment\/haddad1\/\" data-orig-file=\"https:\/\/www.infomoney.com.br\/wp-content\/uploads\/2023\/05\/Haddad1.jpg?fit=1000%2C667&amp;quality=70&amp;strip=all\" data-orig-size=\"1000,667\" data-comments-opened=\"0\" data-image-meta=\"{&quot;aperture&quot;:&quot;0&quot;,&quot;credit&quot;:&quot;&quot;,&quot;camera&quot;:&quot;&quot;,&quot;caption&quot;:&quot;&quot;,&quot;created_timestamp&quot;:&quot;0&quot;,&quot;copyright&quot;:&quot;&quot;,&quot;focal_length&quot;:&quot;0&quot;,&quot;iso&quot;:&quot;0&quot;,&quot;shutter_speed&quot;:&quot;0&quot;,&quot;title&quot;:&quot;&quot;,&quot;orientation&quot;:&quot;0&quot;}\" data-image-title=\"Fernando Haddad\" data-image-description=\"\" data-image-caption=\"&lt;p&gt;O ministro da Fazenda, Fernando Haddad (PT), em audi\u00eancia p\u00fablica na C\u00e2mara dos Deputados (Vinicius Loures \/ C\u00e2mara dos Deputados)&lt;\/p&gt;\n\" data-medium-file=\"https:\/\/www.infomoney.com.br\/wp-content\/uploads\/2023\/05\/Haddad1.jpg?fit=300%2C200&amp;quality=70&amp;strip=all\" data-large-file=\"https:\/\/www.infomoney.com.br\/wp-content\/uploads\/2023\/05\/Haddad1.jpg?fit=1000%2C667&amp;quality=70&amp;strip=all\" title=\"\"><\/p>\n<p>O ministro da Fazenda, Fernando Haddad, afirmou nesta quinta-feira (1\u00ba), que apresentou o redesenho do programa automotivo para baratear carros no Pa\u00eds ao presidente da Rep\u00fablica, Luiz In\u00e1cio Lula da Silva, que validou a proposta nesta mesma data. A expectativa do ministro \u00e9 que o an\u00fancio, que ser\u00e1 feito por Lula, ocorra &#8220;no mais tardar&#8221; at\u00e9 a segunda-feira, 5.<\/p>\n<p>O programa, que deve ser lan\u00e7ado via medida provis\u00f3ria (MP), precisa ter o aval da Receita Federal e da Procuradoria Geral da Fazenda Nacional para ser encaminhado \u00e0 Casa Civil, o que deve ocorrer na sexta-feira (2).<\/p>\n<p>Haddad n\u00e3o quis detalhar o programa, mas disse que o desenho atendeu \u00e0s demandas da Fazenda e do Minist\u00e9rio do Desenvolvimento, Ind\u00fastria, Com\u00e9rcio e Servi\u00e7os (MDIC).<\/p>\n<p>&#8220;Os dois minist\u00e9rios foram contemplados com a solu\u00e7\u00e3o, inclusive do ponto de vista fiscal, do est\u00edmulo que ser\u00e1 dado, a dimens\u00e3o do programa, est\u00e1 tudo bem delimitado. O presidente validou a fonte para financiar, sem que haja descompromisso com as metas fiscais deste ano&#8221;, disse o ministro da Fazenda.<\/p>\n<p>Ele reiterou que ser\u00e1 um pacote tempor\u00e1rio, que ter\u00e1 dura\u00e7\u00e3o &#8220;em torno&#8221; de quatro meses &#8211; mesmo prazo de medida provis\u00f3ria &#8211; e que o impacto n\u00e3o chegar\u00e1 a R$ 2 bilh\u00f5es e est\u00e1 mais do que compensado pelas medidas apresentadas como contrapartida.<\/p>\n<p>The post <a rel=\"nofollow noopener\" href=\"https:\/\/www.infomoney.com.br\/politica\/haddad-diz-que-lula-validou-programa-para-automoveis-nesta-quinta-feira\/\" target=\"_blank\">Haddad diz que Lula validou programa para autom\u00f3veis nesta quinta-feira<\/a> appeared first on <a rel=\"nofollow noopener\" href=\"https:\/\/www.infomoney.com.br\/\" target=\"_blank\">InfoMoney<\/a>.<\/p>\n","protected":false},"excerpt":{"rendered":"<p><img loading=\"lazy\" decoding=\"async\" width=\"300\" height=\"200\" src=\"https:\/\/www.infomoney.com.br\/wp-content\/uploads\/2023\/05\/Haddad1.jpg?fit=300%2C200&amp;quality=70&amp;strip=all\" class=\"attachment-medium size-medium wp-post-image\" alt=\"\" data-attachment-id=\"2136735\" data-permalink=\"https:\/\/www.infomoney.com.br\/politica\/haddad-congresso-precisa-mirar-r-13-trilhao-de-gastos-tributarios-e-juros-da-divida\/attachment\/haddad1\/\" data-orig-file=\"https:\/\/www.infomoney.com.br\/wp-content\/uploads\/2023\/05\/Haddad1.jpg?fit=1000%2C667&amp;quality=70&amp;strip=all\" data-orig-size=\"1000,667\" data-comments-opened=\"0\" data-image-meta='{\"aperture\":\"0\",\"credit\":\"\",\"camera\":\"\",\"caption\":\"\",\"created_timestamp\":\"0\",\"copyright\":\"\",\"focal_length\":\"0\",\"iso\":\"0\",\"shutter_speed\":\"0\",\"title\":\"\",\"orientation\":\"0\"}' data-image-title=\"Fernando Haddad\" data-image-description=\"\" data-image-caption=\"&lt;p&gt;O ministro da Fazenda, Fernando Haddad (PT), em audi\u00eancia p\u00fablica na C\u00e2mara dos Deputados (Vinicius Loures \/ C\u00e2mara dos Deputados)&lt;\/p&gt;\n\" data-medium-file=\"https:\/\/www.infomoney.com.br\/wp-content\/uploads\/2023\/05\/Haddad1.jpg?fit=300%2C200&amp;quality=70&amp;strip=all\" data-large-file=\"https:\/\/www.infomoney.com.br\/wp-content\/uploads\/2023\/05\/Haddad1.jpg?fit=1000%2C667&amp;quality=70&amp;strip=all\">Ministro da Fazenda reiterou que ser\u00e1 um pacote tempor\u00e1rio, que ter\u00e1 dura\u00e7\u00e3o &#8220;em torno&#8221; de quatro meses<\/p>\n<p>The post <a rel=\"nofollow\" href=\"https:\/\/www.infomoney.com.br\/politica\/haddad-diz-que-lula-validou-programa-para-automoveis-nesta-quinta-feira\/\">Haddad diz que Lula validou programa para autom\u00f3veis nesta quinta-feira<\/a> appeared first on <a rel=\"nofollow\" href=\"https:\/\/www.infomoney.com.br\/\">InfoMoney<\/a>.<\/p>\n","protected":false},"author":43,"featured_media":0,"comment_status":"closed","ping_status":"closed","sticky":false,"template":"","format":"standard","meta":{"advgb_blocks_editor_width":"","advgb_blocks_columns_visual_guide":"","footnotes":""},"categories":[109,34,129,47],"tags":[35],"class_list":["post-19168","post","type-post","status-publish","format-standard","hentry","category-fernando-haddad","category-g1","category-luiz-inacio-lula-da-silva","category-politica","tag-g1"],"author_meta":{"display_name":"Estad\u00e3o Conte\u00fado","author_link":"https:\/\/sindaopcpb.org.br\/author\/estadao-conteudo\/"},"featured_img":null,"coauthors":[],"tax_additional":{"categories":{"linked":["<a href=\"https:\/\/sindaopcpb.org.br\/fernando-haddad\/\" class=\"advgb-post-tax-term\">FERNANDO HADDAD<\/a>","<a href=\"https:\/\/sindaopcpb.org.br\/g1\/\" class=\"advgb-post-tax-term\">G1<\/a>","<a href=\"https:\/\/sindaopcpb.org.br\/luiz-inacio-lula-da-silva\/\" class=\"advgb-post-tax-term\">Luiz In\u00e1cio Lula da Silva<\/a>","<a href=\"https:\/\/sindaopcpb.org.br\/politica\/\" class=\"advgb-post-tax-term\">POLITICA<\/a>"],"unlinked":["<span class=\"advgb-post-tax-term\">FERNANDO HADDAD<\/span>","<span class=\"advgb-post-tax-term\">G1<\/span>","<span class=\"advgb-post-tax-term\">Luiz In\u00e1cio Lula da Silva<\/span>","<span class=\"advgb-post-tax-term\">POLITICA<\/span>"]},"tags":{"linked":["<a href=\"https:\/\/sindaopcpb.org.br\/politica\/\" class=\"advgb-post-tax-term\">g1<\/a>"],"unlinked":["<span class=\"advgb-post-tax-term\">g1<\/span>"]}},"comment_count":"0","relative_dates":{"created":"Publicado 3 anos atr\u00e1s","modified":"Atualizado 3 anos atr\u00e1s"},"absolute_dates":{"created":"Publicado em 1 de junho de 2023","modified":"Atualizado em 1 de junho de 2023"},"absolute_dates_time":{"created":"Publicado em 1 de junho de 2023 18:24","modified":"Atualizado em 1 de junho de 2023 18:24"},"featured_img_caption":"","series_order":"","_links":{"self":[{"href":"https:\/\/sindaopcpb.org.br\/index.php\/wp-json\/wp\/v2\/posts\/19168","targetHints":{"allow":["GET"]}}],"collection":[{"href":"https:\/\/sindaopcpb.org.br\/index.php\/wp-json\/wp\/v2\/posts"}],"about":[{"href":"https:\/\/sindaopcpb.org.br\/index.php\/wp-json\/wp\/v2\/types\/post"}],"author":[{"embeddable":true,"href":"https:\/\/sindaopcpb.org.br\/index.php\/wp-json\/wp\/v2\/users\/43"}],"replies":[{"embeddable":true,"href":"https:\/\/sindaopcpb.org.br\/index.php\/wp-json\/wp\/v2\/comments?post=19168"}],"version-history":[{"count":1,"href":"https:\/\/sindaopcpb.org.br\/index.php\/wp-json\/wp\/v2\/posts\/19168\/revisions"}],"predecessor-version":[{"id":19169,"href":"https:\/\/sindaopcpb.org.br\/index.php\/wp-json\/wp\/v2\/posts\/19168\/revisions\/19169"}],"wp:attachment":[{"href":"https:\/\/sindaopcpb.org.br\/index.php\/wp-json\/wp\/v2\/media?parent=19168"}],"wp:term":[{"taxonomy":"category","embeddable":true,"href":"https:\/\/sindaopcpb.org.br\/index.php\/wp-json\/wp\/v2\/categories?post=19168"},{"taxonomy":"post_tag","embeddable":true,"href":"https:\/\/sindaopcpb.org.br\/index.php\/wp-json\/wp\/v2\/tags?post=19168"}],"curies":[{"name":"wp","href":"https:\/\/api.w.org\/{rel}","templated":true}]}}