{"id":19140,"date":"2023-06-01T15:49:12","date_gmt":"2023-06-01T18:49:12","guid":{"rendered":"https:\/\/g1.globo.com\/pb\/paraiba\/noticia\/2023\/06\/01\/campina-grande-prorroga-campanha-de-vacinacao-contra-influenza-ate-30-de-junho.ghtml"},"modified":"2023-06-01T15:49:12","modified_gmt":"2023-06-01T18:49:12","slug":"campina-grande-prorroga-campanha-de-vacinacao-contra-influenza-ate-30-de-junho","status":"publish","type":"post","link":"https:\/\/sindaopcpb.org.br\/index.php\/2023\/06\/01\/campina-grande-prorroga-campanha-de-vacinacao-contra-influenza-ate-30-de-junho\/","title":{"rendered":"Campina Grande prorroga campanha de vacina\u00e7\u00e3o contra Influenza at\u00e9 30 de junho"},"content":{"rendered":"   <img src=\"https:\/\/s2.glbimg.com\/st0QiGbUxmIhlr_5FlYWC-N7FB0=\/i.s3.glbimg.com\/v1\/AUTH_59edd422c0c84a879bd37670ae4f538a\/internal_photos\/bs\/2023\/e\/V\/LiKekUQ7Gjy1hL2jRqIA\/vacina-influenza-campina-grande.jpg\" \/><br \/>     A\u00e7\u00f5es de imuniza\u00e7\u00e3o acontecem Unidades B\u00e1sicas de Sa\u00fade, nos Centros de Sa\u00fade e Policl\u00ednicas e no Terminal de Integra\u00e7\u00e3o.  Vacina\u00e7\u00e3o contra Influenza em Campina Grande\nPrefeitura de Campina Grande\/Divulga\u00e7\u00e3o\nA campanha de vacina\u00e7\u00e3o contra a Influenza foi prorrogada at\u00e9 o dia 30 de junho em Campina Grande. As a\u00e7\u00f5es de imuniza\u00e7\u00e3o acontecem Unidades B\u00e1sicas de Sa\u00fade, nos Centros de Sa\u00fade e Policl\u00ednicas e no Terminal de Integra\u00e7\u00e3o. \nA vacina est\u00e1 dispon\u00edvel para todas as pessoas a partir dos seis meses de vida e protege contra os dois tipos de Influenza A (H1N1 e H3N2) e um tipo de Influenza B (Victoria).\nCompartilhe esta not\u00edcia pelo Whatsapp\nCompartilhe esta not\u00edcia pelo Telegram\nEm Campina, 91.932 doses da vacina foram aplicadas. Desse total, 24.454 foram administradas na popula\u00e7\u00e3o em geral e 67.478 em pessoas dos grupos priorit\u00e1rios. Os grupos priorit\u00e1rios na cidade somam 135.022 pessoas. Ou seja, um total de 52,19% do p\u00fablico-alvo foi vacinado. A meta \u00e9 imunizar 95% de cada grupo.\nSegundo a Secretaria Municipal de Sa\u00fade, n\u00e3o h\u00e1 necessidade de estabelecer um intervalo entre a aplica\u00e7\u00e3o da vacina da Influenza e a da Covid-19.\nJo\u00e3o Pessoa tamb\u00e9m prorrogou a campanha de imuniza\u00e7\u00e3o contra a Influenza at\u00e9 30 de junho.\nV\u00eddeos mais assistidos do g1 Para\u00edba  ","protected":false},"excerpt":{"rendered":"<p>        A\u00e7\u00f5es de imuniza\u00e7\u00e3o acontecem Unidades B\u00e1sicas de Sa\u00fade, nos Centros de Sa\u00fade e Policl\u00ednicas e no Terminal de Integra\u00e7\u00e3o.  Vacina\u00e7\u00e3o contra Influenza em Campina Grande<br \/>\nPrefeitura de Campina Grande\/Divulga\u00e7\u00e3o<br \/>\nA campanha de vacina\u00e7\u00e3o contra a Inf&#8230;<\/p>\n","protected":false},"author":2,"featured_media":0,"comment_status":"closed","ping_status":"closed","sticky":false,"template":"","format":"standard","meta":{"advgb_blocks_editor_width":"","advgb_blocks_columns_visual_guide":"","footnotes":""},"categories":[34],"tags":[35],"class_list":["post-19140","post","type-post","status-publish","format-standard","hentry","category-g1","tag-g1"],"author_meta":{"display_name":"g1 &gt; Para\u00edba","author_link":"https:\/\/sindaopcpb.org.br\/author\/g1-paraiba\/"},"featured_img":null,"coauthors":[],"tax_additional":{"categories":{"linked":["<a href=\"https:\/\/sindaopcpb.org.br\/g1\/\" class=\"advgb-post-tax-term\">G1<\/a>"],"unlinked":["<span class=\"advgb-post-tax-term\">G1<\/span>"]},"tags":{"linked":["<a href=\"https:\/\/sindaopcpb.org.br\/g1\/\" class=\"advgb-post-tax-term\">g1<\/a>"],"unlinked":["<span class=\"advgb-post-tax-term\">g1<\/span>"]}},"comment_count":"0","relative_dates":{"created":"Publicado 3 anos atr\u00e1s","modified":"Atualizado 3 anos atr\u00e1s"},"absolute_dates":{"created":"Publicado em 1 de junho de 2023","modified":"Atualizado em 1 de junho de 2023"},"absolute_dates_time":{"created":"Publicado em 1 de junho de 2023 15:49","modified":"Atualizado em 1 de junho de 2023 15:49"},"featured_img_caption":"","series_order":"","_links":{"self":[{"href":"https:\/\/sindaopcpb.org.br\/index.php\/wp-json\/wp\/v2\/posts\/19140","targetHints":{"allow":["GET"]}}],"collection":[{"href":"https:\/\/sindaopcpb.org.br\/index.php\/wp-json\/wp\/v2\/posts"}],"about":[{"href":"https:\/\/sindaopcpb.org.br\/index.php\/wp-json\/wp\/v2\/types\/post"}],"author":[{"embeddable":true,"href":"https:\/\/sindaopcpb.org.br\/index.php\/wp-json\/wp\/v2\/users\/2"}],"replies":[{"embeddable":true,"href":"https:\/\/sindaopcpb.org.br\/index.php\/wp-json\/wp\/v2\/comments?post=19140"}],"version-history":[{"count":1,"href":"https:\/\/sindaopcpb.org.br\/index.php\/wp-json\/wp\/v2\/posts\/19140\/revisions"}],"predecessor-version":[{"id":19141,"href":"https:\/\/sindaopcpb.org.br\/index.php\/wp-json\/wp\/v2\/posts\/19140\/revisions\/19141"}],"wp:attachment":[{"href":"https:\/\/sindaopcpb.org.br\/index.php\/wp-json\/wp\/v2\/media?parent=19140"}],"wp:term":[{"taxonomy":"category","embeddable":true,"href":"https:\/\/sindaopcpb.org.br\/index.php\/wp-json\/wp\/v2\/categories?post=19140"},{"taxonomy":"post_tag","embeddable":true,"href":"https:\/\/sindaopcpb.org.br\/index.php\/wp-json\/wp\/v2\/tags?post=19140"}],"curies":[{"name":"wp","href":"https:\/\/api.w.org\/{rel}","templated":true}]}}