{"id":19136,"date":"2023-06-01T15:59:00","date_gmt":"2023-06-01T18:59:00","guid":{"rendered":"https:\/\/www.infomoney.com.br\/?p=2150795"},"modified":"2023-06-01T15:59:00","modified_gmt":"2023-06-01T18:59:00","slug":"senadores-falam-em-alterar-arcabouco-mas-querem-evitar-nova-votacao-na-camara","status":"publish","type":"post","link":"https:\/\/sindaopcpb.org.br\/index.php\/2023\/06\/01\/senadores-falam-em-alterar-arcabouco-mas-querem-evitar-nova-votacao-na-camara\/","title":{"rendered":"Senadores falam em alterar arcabou\u00e7o, mas querem evitar nova vota\u00e7\u00e3o na C\u00e2mara"},"content":{"rendered":"<p><img loading=\"lazy\" width=\"300\" height=\"199\" src=\"https:\/\/www.infomoney.com.br\/wp-content\/uploads\/2021\/07\/16263978730_2ab2789770_c.jpg?fit=300%2C199&amp;quality=70&amp;strip=all\" class=\"attachment-medium size-medium wp-post-image\" alt=\"\" decoding=\"async\" style=\"float:right; margin:0 0 10px 10px;\" srcset=\"https:\/\/www.infomoney.com.br\/wp-content\/uploads\/2021\/07\/16263978730_2ab2789770_c.jpg?w=800&amp;quality=70&amp;strip=all 800w, https:\/\/www.infomoney.com.br\/wp-content\/uploads\/2021\/07\/16263978730_2ab2789770_c.jpg?w=300&amp;quality=70&amp;strip=all 300w, https:\/\/www.infomoney.com.br\/wp-content\/uploads\/2021\/07\/16263978730_2ab2789770_c.jpg?w=768&amp;quality=70&amp;strip=all 768w, https:\/\/www.infomoney.com.br\/wp-content\/uploads\/2021\/07\/16263978730_2ab2789770_c.jpg?w=150&amp;quality=70&amp;strip=all 150w\" sizes=\"auto, (max-width: 300px) 100vw, 300px\" data-attachment-id=\"1665730\" data-permalink=\"https:\/\/www.infomoney.com.br\/politica\/omar-aziz-critica-bolsonaro-e-diz-que-brasil-tem-um-grande-motoqueiro-e-um-pessimo-presidente\/attachment\/16263978730_2ab2789770_c\/\" data-orig-file=\"https:\/\/www.infomoney.com.br\/wp-content\/uploads\/2021\/07\/16263978730_2ab2789770_c.jpg?fit=800%2C530&amp;quality=70&amp;strip=all\" data-orig-size=\"800,530\" data-comments-opened=\"1\" data-image-meta=\"{&quot;aperture&quot;:&quot;0&quot;,&quot;credit&quot;:&quot;Waldemir Barreto\\\/Ag\\u00eancia Senado&quot;,&quot;camera&quot;:&quot;&quot;,&quot;caption&quot;:&quot;&quot;,&quot;created_timestamp&quot;:&quot;0&quot;,&quot;copyright&quot;:&quot;Senado Federal do Brasil&quot;,&quot;focal_length&quot;:&quot;0&quot;,&quot;iso&quot;:&quot;0&quot;,&quot;shutter_speed&quot;:&quot;0&quot;,&quot;title&quot;:&quot;&quot;,&quot;orientation&quot;:&quot;0&quot;}\" data-image-title=\"Omar Aziz\" data-image-description=\"\" data-image-caption=\"&lt;p&gt;Em pronunciamento, senador Omar Aziz (PSD-AM). (Foto: Waldemir Barreto\/Ag\u00eancia Senado)&lt;\/p&gt;\n\" data-medium-file=\"https:\/\/www.infomoney.com.br\/wp-content\/uploads\/2021\/07\/16263978730_2ab2789770_c.jpg?fit=300%2C199&amp;quality=70&amp;strip=all\" data-large-file=\"https:\/\/www.infomoney.com.br\/wp-content\/uploads\/2021\/07\/16263978730_2ab2789770_c.jpg?fit=800%2C530&amp;quality=70&amp;strip=all\" title=\"\"><\/p>\n<p>Senadores da base aliada estudam &#8220;engrenagens&#8221; legislativas que permitam que modifica\u00e7\u00f5es no texto do arcabou\u00e7o fiscal, nova regra para o controle das contas p\u00fablicas, n\u00e3o fa\u00e7am com que a medida tenha de voltar para uma segunda vota\u00e7\u00e3o na C\u00e2mara. A previs\u00e3o \u00e9 de que o senador Omar Aziz (PSD-AM) seja oficializado como relator agora depois da aprova\u00e7\u00e3o da Medida Provis\u00f3ria (MP) da reestrutura\u00e7\u00e3o do governo no Senado.<\/p>\n<p>Segundo aliados, ele prev\u00ea a vota\u00e7\u00e3o do marco fiscal em plen\u00e1rio por volta do dia 28 de junho, ainda que Rodrigo Pacheco (PSD-MG) tenha demonstrado preferir uma tramita\u00e7\u00e3o mais acelerada.<\/p>\n<p>H\u00e1 tr\u00eas modifica\u00e7\u00f5es no texto que est\u00e3o em an\u00e1lise: a retirada das despesas do Fundeb do limite de gastos da nova regra, a mudan\u00e7a no Fundo Constitucional do DF e a reda\u00e7\u00e3o do artigo 15, que abriu brecha para o governo ampliar os gastos em 2024 para al\u00e9m da regra, o que est\u00e1 sendo tratado com uma esp\u00e9cie de &#8220;transi\u00e7\u00e3o&#8221; pelos parlamentares.<\/p>\n<p>Sobre esse trecho da norma, Aziz tem dito a senadores que o texto que saiu da C\u00e2mara est\u00e1 confuso e que deseja fazer altera\u00e7\u00f5es, desde que n\u00e3o o fa\u00e7a retornar para vota\u00e7\u00e3o de deputados.<\/p>\n<p>Al\u00e9m da pressa, senadores da base aliada ao governo dizem, sob reserva, querer evitar dar muni\u00e7\u00e3o para que a c\u00fapula da C\u00e2mara pressione Lula por emendas e cargos, a exemplo do que ocorreu na vota\u00e7\u00e3o da MP da reestrutura\u00e7\u00e3o da Esplanada.<\/p>\n<h2><b>Gastos em 2024<\/b><\/h2>\n<p>As mudan\u00e7as no artigo 15 foram feitas depois que reportagem do jornal <b>O Estado de S. Paulo<\/b> revelou que brechas no substitutivo do relator na C\u00e2mara, deputado Claudio Cajado (PP-BA), abriam exce\u00e7\u00e3o e ampliavam o espa\u00e7o para aumento de despesas em 2024 em at\u00e9 R$ 80 bilh\u00f5es.<\/p>\n<p>Em uma negocia\u00e7\u00e3o de \u00faltima hora, Cajado mudou o texto, deixando para 2024 a possibilidade de uma suplementa\u00e7\u00e3o das despesas com base na estimativa de crescimento da receita daquele ano em rela\u00e7\u00e3o ao resultado da receita de 2023. Isso deixou a elabora\u00e7\u00e3o do Or\u00e7amento mais dif\u00edcil, porque o governo ter\u00e1 que enviar a proposta do ano que vem, em agosto, sem esses recursos extras. E somente em 2024 poder\u00e1 incorpor\u00e1-los \u00e0 previs\u00e3o de gastos.<\/p>\n<p>A equipe econ\u00f4mica fez as contas e sinalizou que est\u00e1 incomodada com o impacto disso na elabora\u00e7\u00e3o e execu\u00e7\u00e3o do Or\u00e7amento de 2024, o primeiro sob a nova regra fiscal.<\/p>\n<p>A porta-voz foi a ministra do Planejamento, Simone Tebet, que alertou que o texto aprovado na C\u00e2mara deixou a regra mais restritiva, podendo ser necess\u00e1rio um corte adicional de R$ 40 bilh\u00f5es no pr\u00f3ximo ano em despesas discricion\u00e1rias (n\u00e3o obrigat\u00f3rias), como investimentos.<\/p>\n<p>O secret\u00e1rio do Tesouro Nacional, Rog\u00e9rio Ceron, foi al\u00e9m. Em entrevista ao jornal <i>Valor Econ\u00f4mico<\/i> reconheceu que a reda\u00e7\u00e3o final do texto aprovado pelos deputados pode exigir um corte de R$ 60 bilh\u00f5es em despesas j\u00e1 no projeto de lei or\u00e7ament\u00e1ria que ser\u00e1 enviado em 31 de agosto.<\/p>\n<p>A bancada do Distrito Federal pressiona o relator a rever o financiamento do Fundo Constitucional do DF. Parlamentares e o governador Ibaneis Rocha (MDB) estiveram com Aziz na ter\u00e7a-feira, 30, e est\u00e3o atuando em conjunto.<\/p>\n<p>Segundo Izalci Lucas (PSDB-DF), a ideia \u00e9 suprimir esse trecho do texto que veio da C\u00e2mara, evitando o retorno. Em caso de necessidade de nova reda\u00e7\u00e3o, ele diz que a ex-deputada e vice-governadora Celina Le\u00e3o (PP) j\u00e1 foi acionada para negociar com Arthur Lira (PP-AL), de quem \u00e9 pr\u00f3xima, para manter a revis\u00e3o feita pelo Senado.<\/p>\n<p>Segundo uma pessoa que participou da reuni\u00e3o, Ibaneis apresentou um preju\u00edzo estimado em R$ 87 bilh\u00f5es para o DF nos pr\u00f3ximos dez anos com a mudan\u00e7a no financiamento do fundo.<\/p>\n<p>Em vez dos repasses serem corrigidos pela varia\u00e7\u00e3o da receita corrente l\u00edquida, como \u00e9 hoje, seriam corrigidos pela regra geral do arcabou\u00e7o, que limita a expans\u00e3o a 70% da varia\u00e7\u00e3o da receita.<\/p>\n<p>Os n\u00fameros s\u00e3o alvo de contesta\u00e7\u00f5es de senadores, que calculam que o DF deixaria de receber at\u00e9 R$ 23 bilh\u00f5es.<\/p>\n<p>The post <a rel=\"nofollow noopener\" href=\"https:\/\/www.infomoney.com.br\/politica\/senadores-falam-em-alterar-arcabouco-mas-querem-evitar-nova-votacao-na-camara\/\" target=\"_blank\">Senadores falam em alterar arcabou\u00e7o, mas querem evitar nova vota\u00e7\u00e3o na C\u00e2mara<\/a> appeared first on <a rel=\"nofollow noopener\" href=\"https:\/\/www.infomoney.com.br\/\" target=\"_blank\">InfoMoney<\/a>.<\/p>\n","protected":false},"excerpt":{"rendered":"<p><img loading=\"lazy\" decoding=\"async\" width=\"300\" height=\"199\" src=\"https:\/\/www.infomoney.com.br\/wp-content\/uploads\/2021\/07\/16263978730_2ab2789770_c.jpg?fit=300%2C199&amp;quality=70&amp;strip=all\" class=\"attachment-medium size-medium wp-post-image\" alt=\"\" data-attachment-id=\"1665730\" data-permalink=\"https:\/\/www.infomoney.com.br\/politica\/omar-aziz-critica-bolsonaro-e-diz-que-brasil-tem-um-grande-motoqueiro-e-um-pessimo-presidente\/attachment\/16263978730_2ab2789770_c\/\" data-orig-file=\"https:\/\/www.infomoney.com.br\/wp-content\/uploads\/2021\/07\/16263978730_2ab2789770_c.jpg?fit=800%2C530&amp;quality=70&amp;strip=all\" data-orig-size=\"800,530\" data-comments-opened=\"1\" data-image-meta='{\"aperture\":\"0\",\"credit\":\"Waldemir Barreto\\\/Ag\\u00eancia Senado\",\"camera\":\"\",\"caption\":\"\",\"created_timestamp\":\"0\",\"copyright\":\"Senado Federal do Brasil\",\"focal_length\":\"0\",\"iso\":\"0\",\"shutter_speed\":\"0\",\"title\":\"\",\"orientation\":\"0\"}' data-image-title=\"Omar Aziz\" data-image-description=\"\" data-image-caption=\"&lt;p&gt;Em pronunciamento, senador Omar Aziz (PSD-AM). (Foto: Waldemir Barreto\/Ag\u00eancia Senado)&lt;\/p&gt;\n\" data-medium-file=\"https:\/\/www.infomoney.com.br\/wp-content\/uploads\/2021\/07\/16263978730_2ab2789770_c.jpg?fit=300%2C199&amp;quality=70&amp;strip=all\" data-large-file=\"https:\/\/www.infomoney.com.br\/wp-content\/uploads\/2021\/07\/16263978730_2ab2789770_c.jpg?fit=800%2C530&amp;quality=70&amp;strip=all\">A previs\u00e3o \u00e9 de que o senador Omar Aziz (PSD-AM) seja oficializado como relator do projeto<\/p>\n<p>The post <a rel=\"nofollow\" href=\"https:\/\/www.infomoney.com.br\/politica\/senadores-falam-em-alterar-arcabouco-mas-querem-evitar-nova-votacao-na-camara\/\">Senadores falam em alterar arcabou\u00e7o, mas querem evitar nova vota\u00e7\u00e3o na C\u00e2mara<\/a> appeared first on <a rel=\"nofollow\" href=\"https:\/\/www.infomoney.com.br\/\">InfoMoney<\/a>.<\/p>\n","protected":false},"author":43,"featured_media":0,"comment_status":"closed","ping_status":"closed","sticky":false,"template":"","format":"standard","meta":{"advgb_blocks_editor_width":"","advgb_blocks_columns_visual_guide":"","footnotes":""},"categories":[108,34,47,403],"tags":[35],"class_list":["post-19136","post","type-post","status-publish","format-standard","hentry","category-arcabouco-fiscal","category-g1","category-politica","category-senado","tag-g1"],"author_meta":{"display_name":"Estad\u00e3o Conte\u00fado","author_link":"https:\/\/sindaopcpb.org.br\/author\/estadao-conteudo\/"},"featured_img":null,"coauthors":[],"tax_additional":{"categories":{"linked":["<a href=\"https:\/\/sindaopcpb.org.br\/arcabouco-fiscal\/\" class=\"advgb-post-tax-term\">Arcabou\u00e7o Fiscal<\/a>","<a href=\"https:\/\/sindaopcpb.org.br\/g1\/\" class=\"advgb-post-tax-term\">G1<\/a>","<a href=\"https:\/\/sindaopcpb.org.br\/politica\/\" class=\"advgb-post-tax-term\">POLITICA<\/a>","<a href=\"https:\/\/sindaopcpb.org.br\/senado\/\" class=\"advgb-post-tax-term\">Senado<\/a>"],"unlinked":["<span class=\"advgb-post-tax-term\">Arcabou\u00e7o Fiscal<\/span>","<span class=\"advgb-post-tax-term\">G1<\/span>","<span class=\"advgb-post-tax-term\">POLITICA<\/span>","<span class=\"advgb-post-tax-term\">Senado<\/span>"]},"tags":{"linked":["<a href=\"https:\/\/sindaopcpb.org.br\/senado\/\" class=\"advgb-post-tax-term\">g1<\/a>"],"unlinked":["<span class=\"advgb-post-tax-term\">g1<\/span>"]}},"comment_count":"0","relative_dates":{"created":"Publicado 3 anos atr\u00e1s","modified":"Atualizado 3 anos atr\u00e1s"},"absolute_dates":{"created":"Publicado em 1 de junho de 2023","modified":"Atualizado em 1 de junho de 2023"},"absolute_dates_time":{"created":"Publicado em 1 de junho de 2023 15:59","modified":"Atualizado em 1 de junho de 2023 15:59"},"featured_img_caption":"","series_order":"","_links":{"self":[{"href":"https:\/\/sindaopcpb.org.br\/index.php\/wp-json\/wp\/v2\/posts\/19136","targetHints":{"allow":["GET"]}}],"collection":[{"href":"https:\/\/sindaopcpb.org.br\/index.php\/wp-json\/wp\/v2\/posts"}],"about":[{"href":"https:\/\/sindaopcpb.org.br\/index.php\/wp-json\/wp\/v2\/types\/post"}],"author":[{"embeddable":true,"href":"https:\/\/sindaopcpb.org.br\/index.php\/wp-json\/wp\/v2\/users\/43"}],"replies":[{"embeddable":true,"href":"https:\/\/sindaopcpb.org.br\/index.php\/wp-json\/wp\/v2\/comments?post=19136"}],"version-history":[{"count":1,"href":"https:\/\/sindaopcpb.org.br\/index.php\/wp-json\/wp\/v2\/posts\/19136\/revisions"}],"predecessor-version":[{"id":19137,"href":"https:\/\/sindaopcpb.org.br\/index.php\/wp-json\/wp\/v2\/posts\/19136\/revisions\/19137"}],"wp:attachment":[{"href":"https:\/\/sindaopcpb.org.br\/index.php\/wp-json\/wp\/v2\/media?parent=19136"}],"wp:term":[{"taxonomy":"category","embeddable":true,"href":"https:\/\/sindaopcpb.org.br\/index.php\/wp-json\/wp\/v2\/categories?post=19136"},{"taxonomy":"post_tag","embeddable":true,"href":"https:\/\/sindaopcpb.org.br\/index.php\/wp-json\/wp\/v2\/tags?post=19136"}],"curies":[{"name":"wp","href":"https:\/\/api.w.org\/{rel}","templated":true}]}}