{"id":19119,"date":"2023-06-01T12:52:49","date_gmt":"2023-06-01T15:52:49","guid":{"rendered":"https:\/\/www.infomoney.com.br\/?p=2150522"},"modified":"2023-06-01T12:52:49","modified_gmt":"2023-06-01T15:52:49","slug":"aprovacao-de-medida-provisoria-dos-ministerios-nao-esconde-problemas-de-lula-no-congresso-e-insatisfacao-de-deputados","status":"publish","type":"post","link":"https:\/\/sindaopcpb.org.br\/index.php\/2023\/06\/01\/aprovacao-de-medida-provisoria-dos-ministerios-nao-esconde-problemas-de-lula-no-congresso-e-insatisfacao-de-deputados\/","title":{"rendered":"Aprova\u00e7\u00e3o de Medida Provis\u00f3ria dos minist\u00e9rios n\u00e3o esconde problemas de Lula no Congresso e insatisfa\u00e7\u00e3o de deputados"},"content":{"rendered":"<p><img loading=\"lazy\" width=\"300\" height=\"200\" src=\"https:\/\/www.infomoney.com.br\/wp-content\/uploads\/2023\/05\/img20230502193848778MED.jpg?fit=300%2C200&amp;quality=70&amp;strip=all\" class=\"attachment-medium size-medium wp-post-image\" alt=\"\" decoding=\"async\" style=\"float:right; margin:0 0 10px 10px;\" srcset=\"https:\/\/www.infomoney.com.br\/wp-content\/uploads\/2023\/05\/img20230502193848778MED.jpg?w=1000&amp;quality=70&amp;strip=all 1000w, https:\/\/www.infomoney.com.br\/wp-content\/uploads\/2023\/05\/img20230502193848778MED.jpg?w=300&amp;quality=70&amp;strip=all 300w, https:\/\/www.infomoney.com.br\/wp-content\/uploads\/2023\/05\/img20230502193848778MED.jpg?w=768&amp;quality=70&amp;strip=all 768w, https:\/\/www.infomoney.com.br\/wp-content\/uploads\/2023\/05\/img20230502193848778MED.jpg?w=150&amp;quality=70&amp;strip=all 150w\" sizes=\"auto, (max-width: 300px) 100vw, 300px\" data-attachment-id=\"2137173\" data-permalink=\"https:\/\/www.infomoney.com.br\/politica\/camara-aprova-urgencia-para-apreciacao-do-novo-arcabouco-fiscal-por-367-votos-a-102-merito-sera-votado-na-proxima-semana\/attachment\/img20230502193848778med\/\" data-orig-file=\"https:\/\/www.infomoney.com.br\/wp-content\/uploads\/2023\/05\/img20230502193848778MED.jpg?fit=1000%2C667&amp;quality=70&amp;strip=all\" data-orig-size=\"1000,667\" data-comments-opened=\"0\" data-image-meta=\"{&quot;aperture&quot;:&quot;0&quot;,&quot;credit&quot;:&quot;&quot;,&quot;camera&quot;:&quot;&quot;,&quot;caption&quot;:&quot;&quot;,&quot;created_timestamp&quot;:&quot;0&quot;,&quot;copyright&quot;:&quot;&quot;,&quot;focal_length&quot;:&quot;0&quot;,&quot;iso&quot;:&quot;0&quot;,&quot;shutter_speed&quot;:&quot;0&quot;,&quot;title&quot;:&quot;&quot;,&quot;orientation&quot;:&quot;0&quot;}\" data-image-title=\"Plen\u00e1rio da C\u00e2mara dos Deputados\" data-image-description=\"\" data-image-caption=\"&lt;p&gt;O plen\u00e1rio da C\u00e2mara dos Deputados durante Sess\u00e3o Deliberativa Extraordin\u00e1ria (Foto: Bruno Spada\/C\u00e2mara dos Deputados)&lt;\/p&gt;\n\" data-medium-file=\"https:\/\/www.infomoney.com.br\/wp-content\/uploads\/2023\/05\/img20230502193848778MED.jpg?fit=300%2C200&amp;quality=70&amp;strip=all\" data-large-file=\"https:\/\/www.infomoney.com.br\/wp-content\/uploads\/2023\/05\/img20230502193848778MED.jpg?fit=1000%2C667&amp;quality=70&amp;strip=all\" title=\"\"><\/p>\n<p>A aprova\u00e7\u00e3o da medida provis\u00f3ria que disp\u00f5e sobre a estrutura\u00e7\u00e3o dos minist\u00e9rios (MPV 1154\/2023) pelo plen\u00e1rio da C\u00e2mara dos Deputados, \u00e0s v\u00e9speras de a mat\u00e9ria perder validade e com significativas modifica\u00e7\u00f5es em rela\u00e7\u00e3o ao texto original, trouxe al\u00edvio ao Pal\u00e1cio do Planalto, mas n\u00e3o pode ser encarada como demonstra\u00e7\u00e3o de for\u00e7a do governo no parlamento.<\/p>\n<p>Apesar do placar el\u00e1stico constru\u00eddo, de 337 votos favor\u00e1veis, 125 contr\u00e1rios e 1 absten\u00e7\u00e3o, as diversas manifesta\u00e7\u00f5es de insatisfa\u00e7\u00e3o dos deputados com a articula\u00e7\u00e3o pol\u00edtica do governo deixam clara uma percep\u00e7\u00e3o de dias dif\u00edceis para o presidente Luiz In\u00e1cio Lula da Silva (PT) no Congresso Nacional.<\/p>\n<p>Para destravar a vota\u00e7\u00e3o da MPV e evitar que a estrutura da Esplanada dos Minist\u00e9rio retornasse aos moldes do governo de Jair Bolsonaro (PL), Lula teve que entrar pessoalmente nas negocia\u00e7\u00f5es. Em paralelo, o governo acelerou a libera\u00e7\u00e3o de R$ 1,7 bilh\u00e3o em emendas parlamentares \u2013 a maior quantia liberada em um \u00fanico dia na atual gest\u00e3o. Mas n\u00e3o foi suficiente para acalmar os \u00e2nimos dos congressistas.<\/p>\n<p>Logo ap\u00f3s a sess\u00e3o no plen\u00e1rio, na madrugada desta quinta-feira (1\u00ba), o presidente da C\u00e2mara dos Deputados, Arthur Lira (PP-AL), indicou que a aprova\u00e7\u00e3o da mat\u00e9ria foi resultado sobretudo da postura de l\u00edderes de partidos independentes, que \u201creconheceram a necessidade de dar mais uma oportunidade ao governo\u201d em meio aos trope\u00e7os na interlocu\u00e7\u00e3o com o parlamento.<\/p>\n<p>Em entrevista a jornalistas, Lira deu seu recado sobre como ser\u00e3o as rela\u00e7\u00f5es entre Executivo e Legislativo nas pr\u00f3ximas vota\u00e7\u00f5es: \u201c\u00c9 importante que se diga e deixe claro que, daqui para frente, o governo vai ter que andar com as suas pernas. N\u00e3o haver\u00e1 mais nenhum tipo de sacrif\u00edcio\u201d.<\/p>\n<p>A fala \u00e9 um aviso ao Pal\u00e1cio do Planalto de que ser\u00e3o necess\u00e1rios mais esfor\u00e7os para o \u00eaxito de mat\u00e9rias como a reforma tribut\u00e1ria \u2013 que, por ser Proposta de Emenda \u00e0 Constitui\u00e7\u00e3o (PEC), depende de apoio de 3\/5 dos deputados em dois turnos de vota\u00e7\u00e3o \u2013 e o projeto de lei que trata da retomada do chamado \u201cvoto de qualidade\u201d a favor da Uni\u00e3o nos julgamentos do Conselho Administrativo de Recursos Fiscais (Carf).<\/p>\n<p>Mais cedo, Lira dissera que havia uma \u201cinsatisfa\u00e7\u00e3o generalizada\u201d dos deputados com o que ele chamou de \u201cfalta de articula\u00e7\u00e3o pol\u00edtica do governo\u201d. Ao tratar da fragilidade da base de apoio de Lula na casa legislativa, o parlamentar disse que o governo hoje conta com apenas 130 votos \u201cconstantes\u201d de um universo de 513 no plen\u00e1rio \u2013 o que equivale a pouco mais de 25% do total.<\/p>\n<p>\u201cEu venho alertando o governo desta inani\u00e7\u00e3o, desta falta de a\u00e7\u00e3o, desta falta de pragmatismo na resolutividade dos problemas do dia a dia, na falta de considera\u00e7\u00e3o, na falta de atendimento, na falta de aten\u00e7\u00e3o\u201d, disse ele.<\/p>\n<p>Na vota\u00e7\u00e3o de ontem, partidos de \u201ccentro\u201d com minist\u00e9rios no atual governo deram importante contribui\u00e7\u00e3o para o resultado. Legendas como MDB, PSD e Uni\u00e3o Brasil deram, respectivamente, 35, 36 e 35 votos favor\u00e1veis ao texto entre 42, 42 e 59 poss\u00edveis.<\/p>\n<p>O comportamento foi oposto \u00e0quele adotado na vota\u00e7\u00e3o projeto de decreto legislativo para derrubar trechos de dispositivo editado pelo governo para o saneamento b\u00e1sico, as mesmas siglas entregaram 31, 20 e 48 votos contra o Executivo. Mas parlamentares sustentam que este est\u00e1 longe de ser um gesto de pacifica\u00e7\u00e3o para o longo prazo.<\/p>\n<p>Durante a sess\u00e3o de ontem, uma das falas que mais se destacaram foi do deputado federal Elmar Nascimento (BA), l\u00edder da bancada do Uni\u00e3o Brasil na casa legislativa. Em discurso da tribuna, o parlamentar reconheceu a legitimidade de Lula em organizar seus minist\u00e9rios de acordo com suas prefer\u00eancias, mas salientou os problemas de articula\u00e7\u00e3o junto \u00e0 C\u00e2mara e disse que recados dados pelos deputados n\u00e3o estavam sendo ouvidos com a devida aten\u00e7\u00e3o.<\/p>\n<p>\u201c\u00c9 \u00f3bvio que qualquer governo legitimamente eleito pela urna tem o direito de estabelecer a sua forma de governar. \u00c9 muito claro isso. E a\u00ed se pergunta por que estamos h\u00e1 tanto tempo, na \u00faltima hora, no \u00faltimo minuto, discutindo ainda se vamos referendar ou n\u00e3o o que um governo legitimamente eleito tem o direito de fazer, que \u00e9 estipular a forma de governar. Tudo isso \u00e9 fruto de uma forma contradit\u00f3ria e desgovernada de proceder. A falta de uma base estabilizada fez com que houvesse a possibilidade de que esta Casa desse uma resposta pol\u00edtica \u00e0 falta de articula\u00e7\u00e3o e de seguran\u00e7a mais concretas\u201d, disse.<\/p>\n<p>\u201cOs recados v\u00eam sendo dados dia ap\u00f3s dia, mat\u00e9ria ap\u00f3s mat\u00e9ria. Primeiro, esta Casa se posicionou de forma bastante firme em rela\u00e7\u00e3o ao decreto do saneamento, ao afirmar que n\u00e3o iria aceitar que o Governo, mediante decreto, revertesse o que foi constru\u00eddo aqui por uma lei aprovada com mais de 300 votos. E o governo procurou entender o que estava acontecendo na C\u00e2mara dos Deputados? N\u00e3o procurou entender, preferiu ir at\u00e9 o outro lado, ao Senado Federal, obstaculizar o andamento do decreto e paralisar o processo l\u00e1. Depois, veio o marco temporal, que V.Exa. se comprometeu a colocar em pauta e que n\u00f3s votamos ontem. Outro recado foi dado. E todos os recados est\u00e3o sendo dados sucessivamente\u201d, continuou.<\/p>\n<p>O parlamentar salientou que o governo poderia ter sido derrotado em plen\u00e1rio caso a medida provis\u00f3ria tivesse sido votada um dia antes. Ele tamb\u00e9m disse que havia pouca disposi\u00e7\u00e3o na bancada do Uni\u00e3o Brasil em votar de acordo com orienta\u00e7\u00e3o do Pal\u00e1cio do Planalto na mat\u00e9ria ontem, mas os parlamentares da legenda decidiram assumir tal posi\u00e7\u00e3o em um gesto a ele, que disse ter pedido um \u00faltimo gesto.<\/p>\n<p>A avalia\u00e7\u00e3o cr\u00edtica em rela\u00e7\u00e3o ao trabalho de articula\u00e7\u00e3o pol\u00edtica empenhado pelo governo se estendeu at\u00e9 mesmo para deputados do PT, sigla de Lula. O l\u00edder da bancada na casa legislativa, Zeca Dirceu (PR), afirmou que a falta de velocidade e previsibilidade nas decis\u00f5es do Poder Executivo tem prejudicado a rela\u00e7\u00e3o com o Congresso Nacional.<\/p>\n<p>&#8220;O governo federal tomou decis\u00f5es que v\u00e3o exatamente de encontro com aquilo que quer a C\u00e2mara dos Deputados e os l\u00edderes. O problema \u00e9 que n\u00e3o h\u00e1 uma velocidade, uma amplitude e uma previsibilidade para que essas decis\u00f5es ocorram&#8221;, disse em entrevista \u00e0 CNN Brasil.<\/p>\n<p>Dirceu afirmou que o governo tem consci\u00eancia da insatisfa\u00e7\u00e3o dos deputados e que as cr\u00edticas desta semana s\u00e3o um &#8220;ponto de virada&#8221; para que as rela\u00e7\u00f5es com o Legislativo sejam mais adequadas daqui em diante.<\/p>\n<p>Ele ainda disse que os problemas nas negocia\u00e7\u00f5es com o Parlamento possivelmente surgem das dificuldades que o governo tem encontrado nas indica\u00e7\u00f5es para cargos e na falta de comunica\u00e7\u00e3o entre partes do Executivo com o Congresso.<\/p>\n<p>&#8220;H\u00e1 uma insatisfa\u00e7\u00e3o muito grande por medidas que s\u00e3o anunciadas sem que sequer a C\u00e2mara dos Deputados seja comunicada&#8221;, pontuou.<\/p>\n<p>Apesar das cr\u00edticas, Dirceu defendeu a equipe de ministros do governo do presidente Luiz In\u00e1cio Lula da Silva como &#8220;qualificada e experiente&#8221; e afirmou que o ministro Alexandre Padilha (PT), da Secretaria das Rela\u00e7\u00f5es Institucionais, \u00e9 &#8220;a melhor pessoa&#8221; para a articula\u00e7\u00e3o pol\u00edtica com o Congresso Nacional.<\/p>\n<p>(com Reuters)<\/p>\n<p>The post <a rel=\"nofollow noopener\" href=\"https:\/\/www.infomoney.com.br\/politica\/aprovacao-de-medida-provisoria-dos-ministerios-nao-esconde-problemas-de-lula-no-congresso-e-insatisfacao-de-deputados\/\" target=\"_blank\">Aprova\u00e7\u00e3o de Medida Provis\u00f3ria dos minist\u00e9rios n\u00e3o esconde problemas de Lula no Congresso e insatisfa\u00e7\u00e3o de deputados<\/a> appeared first on <a rel=\"nofollow noopener\" href=\"https:\/\/www.infomoney.com.br\/\" target=\"_blank\">InfoMoney<\/a>.<\/p>\n","protected":false},"excerpt":{"rendered":"<p><img loading=\"lazy\" decoding=\"async\" width=\"300\" height=\"200\" src=\"https:\/\/www.infomoney.com.br\/wp-content\/uploads\/2023\/05\/img20230502193848778MED.jpg?fit=300%2C200&amp;quality=70&amp;strip=all\" class=\"attachment-medium size-medium wp-post-image\" alt=\"\" data-attachment-id=\"2137173\" data-permalink=\"https:\/\/www.infomoney.com.br\/politica\/camara-aprova-urgencia-para-apreciacao-do-novo-arcabouco-fiscal-por-367-votos-a-102-merito-sera-votado-na-proxima-semana\/attachment\/img20230502193848778med\/\" data-orig-file=\"https:\/\/www.infomoney.com.br\/wp-content\/uploads\/2023\/05\/img20230502193848778MED.jpg?fit=1000%2C667&amp;quality=70&amp;strip=all\" data-orig-size=\"1000,667\" data-comments-opened=\"0\" data-image-meta='{\"aperture\":\"0\",\"credit\":\"\",\"camera\":\"\",\"caption\":\"\",\"created_timestamp\":\"0\",\"copyright\":\"\",\"focal_length\":\"0\",\"iso\":\"0\",\"shutter_speed\":\"0\",\"title\":\"\",\"orientation\":\"0\"}' data-image-title=\"Plen\u00e1rio da C\u00e2mara dos Deputados\" data-image-description=\"\" data-image-caption=\"&lt;p&gt;O plen\u00e1rio da C\u00e2mara dos Deputados durante Sess\u00e3o Deliberativa Extraordin\u00e1ria (Foto: Bruno Spada\/C\u00e2mara dos Deputados)&lt;\/p&gt;\n\" data-medium-file=\"https:\/\/www.infomoney.com.br\/wp-content\/uploads\/2023\/05\/img20230502193848778MED.jpg?fit=300%2C200&amp;quality=70&amp;strip=all\" data-large-file=\"https:\/\/www.infomoney.com.br\/wp-content\/uploads\/2023\/05\/img20230502193848778MED.jpg?fit=1000%2C667&amp;quality=70&amp;strip=all\">Apesar do placar el\u00e1stico constru\u00eddo, manifesta\u00e7\u00f5es de parlamentares deixam clara percep\u00e7\u00e3o de dias dif\u00edceis para outras mat\u00e9rias de Lula no parlamento<\/p>\n<p>The post <a rel=\"nofollow\" href=\"https:\/\/www.infomoney.com.br\/politica\/aprovacao-de-medida-provisoria-dos-ministerios-nao-esconde-problemas-de-lula-no-congresso-e-insatisfacao-de-deputados\/\">Aprova\u00e7\u00e3o de Medida Provis\u00f3ria dos minist\u00e9rios n\u00e3o esconde problemas de Lula no Congresso e insatisfa\u00e7\u00e3o de deputados<\/a> appeared first on <a rel=\"nofollow\" href=\"https:\/\/www.infomoney.com.br\/\">InfoMoney<\/a>.<\/p>\n","protected":false},"author":52,"featured_media":0,"comment_status":"closed","ping_status":"closed","sticky":false,"template":"","format":"standard","meta":{"advgb_blocks_editor_width":"","advgb_blocks_columns_visual_guide":"","footnotes":""},"categories":[276,359,34,129,432,3914,47],"tags":[35],"class_list":["post-19119","post","type-post","status-publish","format-standard","hentry","category-camara-dos-deputados","category-congresso-nacional","category-g1","category-luiz-inacio-lula-da-silva","category-medida-provisoria","category-ministerio","category-politica","tag-g1"],"author_meta":{"display_name":"Marcos Mortari","author_link":"https:\/\/sindaopcpb.org.br\/author\/marcos-mortari\/"},"featured_img":null,"coauthors":[],"tax_additional":{"categories":{"linked":["<a href=\"https:\/\/sindaopcpb.org.br\/camara-dos-deputados\/\" class=\"advgb-post-tax-term\">C\u00e2mara dos Deputados<\/a>","<a href=\"https:\/\/sindaopcpb.org.br\/congresso-nacional\/\" class=\"advgb-post-tax-term\">Congresso Nacional<\/a>","<a href=\"https:\/\/sindaopcpb.org.br\/g1\/\" class=\"advgb-post-tax-term\">G1<\/a>","<a href=\"https:\/\/sindaopcpb.org.br\/luiz-inacio-lula-da-silva\/\" class=\"advgb-post-tax-term\">Luiz In\u00e1cio Lula da Silva<\/a>","<a href=\"https:\/\/sindaopcpb.org.br\/medida-provisoria\/\" class=\"advgb-post-tax-term\">Medida Provis\u00f3ria<\/a>","<a href=\"https:\/\/sindaopcpb.org.br\/ministerio\/\" class=\"advgb-post-tax-term\">Minist\u00e9rio<\/a>","<a href=\"https:\/\/sindaopcpb.org.br\/politica\/\" class=\"advgb-post-tax-term\">POLITICA<\/a>"],"unlinked":["<span class=\"advgb-post-tax-term\">C\u00e2mara dos Deputados<\/span>","<span class=\"advgb-post-tax-term\">Congresso Nacional<\/span>","<span class=\"advgb-post-tax-term\">G1<\/span>","<span class=\"advgb-post-tax-term\">Luiz In\u00e1cio Lula da Silva<\/span>","<span class=\"advgb-post-tax-term\">Medida Provis\u00f3ria<\/span>","<span class=\"advgb-post-tax-term\">Minist\u00e9rio<\/span>","<span class=\"advgb-post-tax-term\">POLITICA<\/span>"]},"tags":{"linked":["<a href=\"https:\/\/sindaopcpb.org.br\/politica\/\" class=\"advgb-post-tax-term\">g1<\/a>"],"unlinked":["<span class=\"advgb-post-tax-term\">g1<\/span>"]}},"comment_count":"0","relative_dates":{"created":"Publicado 3 anos atr\u00e1s","modified":"Atualizado 3 anos atr\u00e1s"},"absolute_dates":{"created":"Publicado em 1 de junho de 2023","modified":"Atualizado em 1 de junho de 2023"},"absolute_dates_time":{"created":"Publicado em 1 de junho de 2023 12:52","modified":"Atualizado em 1 de junho de 2023 12:52"},"featured_img_caption":"","series_order":"","_links":{"self":[{"href":"https:\/\/sindaopcpb.org.br\/index.php\/wp-json\/wp\/v2\/posts\/19119","targetHints":{"allow":["GET"]}}],"collection":[{"href":"https:\/\/sindaopcpb.org.br\/index.php\/wp-json\/wp\/v2\/posts"}],"about":[{"href":"https:\/\/sindaopcpb.org.br\/index.php\/wp-json\/wp\/v2\/types\/post"}],"author":[{"embeddable":true,"href":"https:\/\/sindaopcpb.org.br\/index.php\/wp-json\/wp\/v2\/users\/52"}],"replies":[{"embeddable":true,"href":"https:\/\/sindaopcpb.org.br\/index.php\/wp-json\/wp\/v2\/comments?post=19119"}],"version-history":[{"count":1,"href":"https:\/\/sindaopcpb.org.br\/index.php\/wp-json\/wp\/v2\/posts\/19119\/revisions"}],"predecessor-version":[{"id":19120,"href":"https:\/\/sindaopcpb.org.br\/index.php\/wp-json\/wp\/v2\/posts\/19119\/revisions\/19120"}],"wp:attachment":[{"href":"https:\/\/sindaopcpb.org.br\/index.php\/wp-json\/wp\/v2\/media?parent=19119"}],"wp:term":[{"taxonomy":"category","embeddable":true,"href":"https:\/\/sindaopcpb.org.br\/index.php\/wp-json\/wp\/v2\/categories?post=19119"},{"taxonomy":"post_tag","embeddable":true,"href":"https:\/\/sindaopcpb.org.br\/index.php\/wp-json\/wp\/v2\/tags?post=19119"}],"curies":[{"name":"wp","href":"https:\/\/api.w.org\/{rel}","templated":true}]}}