{"id":19114,"date":"2023-06-01T12:51:16","date_gmt":"2023-06-01T15:51:16","guid":{"rendered":"https:\/\/g1.globo.com\/pb\/paraiba\/noticia\/2023\/06\/01\/ufpb-vai-oferecer-744-vagas-em-76-cursos-de-graduacao-na-segunda-edicao-do-sisu-2023.ghtml"},"modified":"2023-06-01T12:51:16","modified_gmt":"2023-06-01T15:51:16","slug":"ufpb-vai-oferecer-744-vagas-em-76-cursos-de-graduacao-na-segunda-edicao-do-sisu-2023","status":"publish","type":"post","link":"https:\/\/sindaopcpb.org.br\/index.php\/2023\/06\/01\/ufpb-vai-oferecer-744-vagas-em-76-cursos-de-graduacao-na-segunda-edicao-do-sisu-2023\/","title":{"rendered":"UFPB vai oferecer 744 vagas em 76 cursos de gradua\u00e7\u00e3o na segunda edi\u00e7\u00e3o do Sisu 2023"},"content":{"rendered":"   <img src=\"https:\/\/s2.glbimg.com\/t6HVaLPkspNqING7xqN7zBAwO2k=\/i.s3.glbimg.com\/v1\/AUTH_59edd422c0c84a879bd37670ae4f538a\/internal_photos\/bs\/2020\/S\/P\/e5XjOeTeyVQV4MxANFtw\/944819d4-3487-4d6c-b1bc-a1b89bcd53d3.jpeg\" \/><br \/>     Do total de vagas, 352 est\u00e3o destinadas \u00e0 ampla concorr\u00eancia e 392 s\u00e3o reservadas para cotas.  UFPB informou que corte da Capes retirou cerca de 26% do total de bolsas de p\u00f3s-gradua\u00e7\u00e3o da institui\u00e7\u00e3o\nAng\u00e9lica Gouveia\/Ag\u00eancia UFPB\nA Universidade Federal da Para\u00edba (UFPB) vai oferecer 744 vagas na segunda edi\u00e7\u00e3o do Sistema de Sele\u00e7\u00e3o Unificado (Sisu) de 2023. Os dados foram publicados na quarta-feira (31) pela Pr\u00f3-reitoria de Gradua\u00e7\u00e3o (PRG) no termo de ades\u00e3o \u00e0 segunda edi\u00e7\u00e3o do SiSU 2023. \nDo total de vagas, 352 est\u00e3o destinadas \u00e0 ampla concorr\u00eancia e 392 s\u00e3o reservadas para cotas. \nCompartilhe esta not\u00edcia pelo Whatsapp\nCompartilhe esta not\u00edcia pelo Telegram\nH\u00e1 vagas em 76 cursos de gradua\u00e7\u00e3o em todos os campi da institui\u00e7\u00e3o, localizados nas cidades de Jo\u00e3o Pessoa, Santa Rita, Areia, Bananeiras e Rio Tinto\/Mamanguape.\nA UFPB tamb\u00e9m oferta bonifica\u00e7\u00e3o de inclus\u00e3o estadual para os candidatos que moram Para\u00edba e que tenham cursado integralmente o ensino m\u00e9dio em institui\u00e7\u00f5es de ensino regulares, p\u00fablicas ou privadas.\nOs candidatos que decidirem pela bonifica\u00e7\u00e3o estadual ter\u00e3o direito ao acr\u00e9scimo de 10% \u00e0 nota final obtida no Exame Nacional do Ensino M\u00e9dio (Enem). No entanto, o candidato que optar pela bonifica\u00e7\u00e3o n\u00e3o poder\u00e1 concorrer \u00e0s vagas reservadas \u00e0s cotas. \nO edital da segunda edi\u00e7\u00e3o do Sisu na UFPB, definindo regras, prazos e documentos a serem observados pelos candidatos, ser\u00e1 publicado em breve, mas ainda n\u00e3o h\u00e1 uma data definida. \nV\u00eddeos mais assistidos do g1 Para\u00edba  ","protected":false},"excerpt":{"rendered":"<p>        Do total de vagas, 352 est\u00e3o destinadas \u00e0 ampla concorr\u00eancia e 392 s\u00e3o reservadas para cotas.  UFPB informou que corte da Capes retirou cerca de 26% do total de bolsas de p\u00f3s-gradua\u00e7\u00e3o da institui\u00e7\u00e3o<br \/>\nAng\u00e9lica Gouveia\/Ag\u00eancia UFPB<br \/>\nA Universidade&#8230;<\/p>\n","protected":false},"author":2,"featured_media":0,"comment_status":"closed","ping_status":"closed","sticky":false,"template":"","format":"standard","meta":{"advgb_blocks_editor_width":"","advgb_blocks_columns_visual_guide":"","footnotes":""},"categories":[34],"tags":[35],"class_list":["post-19114","post","type-post","status-publish","format-standard","hentry","category-g1","tag-g1"],"author_meta":{"display_name":"g1 &gt; Para\u00edba","author_link":"https:\/\/sindaopcpb.org.br\/author\/g1-paraiba\/"},"featured_img":null,"coauthors":[],"tax_additional":{"categories":{"linked":["<a href=\"https:\/\/sindaopcpb.org.br\/g1\/\" class=\"advgb-post-tax-term\">G1<\/a>"],"unlinked":["<span class=\"advgb-post-tax-term\">G1<\/span>"]},"tags":{"linked":["<a href=\"https:\/\/sindaopcpb.org.br\/g1\/\" class=\"advgb-post-tax-term\">g1<\/a>"],"unlinked":["<span class=\"advgb-post-tax-term\">g1<\/span>"]}},"comment_count":"0","relative_dates":{"created":"Publicado 3 anos atr\u00e1s","modified":"Atualizado 3 anos atr\u00e1s"},"absolute_dates":{"created":"Publicado em 1 de junho de 2023","modified":"Atualizado em 1 de junho de 2023"},"absolute_dates_time":{"created":"Publicado em 1 de junho de 2023 12:51","modified":"Atualizado em 1 de junho de 2023 12:51"},"featured_img_caption":"","series_order":"","_links":{"self":[{"href":"https:\/\/sindaopcpb.org.br\/index.php\/wp-json\/wp\/v2\/posts\/19114","targetHints":{"allow":["GET"]}}],"collection":[{"href":"https:\/\/sindaopcpb.org.br\/index.php\/wp-json\/wp\/v2\/posts"}],"about":[{"href":"https:\/\/sindaopcpb.org.br\/index.php\/wp-json\/wp\/v2\/types\/post"}],"author":[{"embeddable":true,"href":"https:\/\/sindaopcpb.org.br\/index.php\/wp-json\/wp\/v2\/users\/2"}],"replies":[{"embeddable":true,"href":"https:\/\/sindaopcpb.org.br\/index.php\/wp-json\/wp\/v2\/comments?post=19114"}],"version-history":[{"count":1,"href":"https:\/\/sindaopcpb.org.br\/index.php\/wp-json\/wp\/v2\/posts\/19114\/revisions"}],"predecessor-version":[{"id":19115,"href":"https:\/\/sindaopcpb.org.br\/index.php\/wp-json\/wp\/v2\/posts\/19114\/revisions\/19115"}],"wp:attachment":[{"href":"https:\/\/sindaopcpb.org.br\/index.php\/wp-json\/wp\/v2\/media?parent=19114"}],"wp:term":[{"taxonomy":"category","embeddable":true,"href":"https:\/\/sindaopcpb.org.br\/index.php\/wp-json\/wp\/v2\/categories?post=19114"},{"taxonomy":"post_tag","embeddable":true,"href":"https:\/\/sindaopcpb.org.br\/index.php\/wp-json\/wp\/v2\/tags?post=19114"}],"curies":[{"name":"wp","href":"https:\/\/api.w.org\/{rel}","templated":true}]}}