{"id":19112,"date":"2023-06-01T12:52:06","date_gmt":"2023-06-01T15:52:06","guid":{"rendered":"https:\/\/g1.globo.com\/pb\/paraiba\/noticia\/2023\/06\/01\/ufcg-divulga-lista-de-convocados-em-vagas-remanescentes-do-sisu-20231.ghtml"},"modified":"2023-06-01T12:52:06","modified_gmt":"2023-06-01T15:52:06","slug":"ufcg-divulga-lista-de-convocados-em-vagas-remanescentes-do-sisu-2023-1","status":"publish","type":"post","link":"https:\/\/sindaopcpb.org.br\/index.php\/2023\/06\/01\/ufcg-divulga-lista-de-convocados-em-vagas-remanescentes-do-sisu-2023-1\/","title":{"rendered":"UFCG divulga lista de convocados em vagas remanescentes do Sisu 2023.1"},"content":{"rendered":"   <img src=\"https:\/\/s2.glbimg.com\/74Myug0-oZn9YqPbfsEI4WsmmOE=\/s.glbimg.com\/jo\/g1\/f\/original\/2016\/12\/09\/ufcg.jpg\" \/><br \/>     As aulas dos candidatos classificados est\u00e3o previstas para come\u00e7ar em 24 de julho.  Universidade Federal de Campina Grande (UFCG)\nMarinilson Braga\/UFCG\nA Universidade Federal de Campina Grande (UFCG) divulgou, nesta quarta-feira (31), a lista de convocados nas 658 vagas remanescentes do Sistema de Sele\u00e7\u00e3o Unificada (SiSU 2023.1). As vagas s\u00e3o para cursos de gradua\u00e7\u00e3o nos campus de Campina Grande, Cajazeiras, Cuit\u00e9, Patos, Pombal, Sousa e Sum\u00e9.\nConfira aqui a lista de convocados\nEst\u00e3o sendo convocados, em chamada regular, candidatos em at\u00e9 duas vezes o n\u00famero de vagas remanescentes de cada curso, turno e demanda, sendo categorizados de acordo com a ordem de classifica\u00e7\u00e3o e com o n\u00famero de vagas existentes, seguindo a seguinte denomina\u00e7\u00e3o espec\u00edfica:  \n\u201cclassificado\u201d (candidato convocado no limite das vagas dispon\u00edveis para cada curso) e \u201csuplente\u201d (candidato convocado al\u00e9m do limite de vagas ofertadas).  \nNo per\u00edodo de 9 a 12 de junho, os candidatos classificados e suplentes que tiveram seus nomes publicados na lista da chamada regular dever\u00e3o encaminhar, por meio de formul\u00e1rio online, a documenta\u00e7\u00e3o exigida no edital para cadastramento, conforme a modalidade de concorr\u00eancia. \nVeja o edital completo\nOs candidatos que n\u00e3o enviarem a documenta\u00e7\u00e3o necess\u00e1ria no prazo estipulado no edital perdem o direito \u00e0 vaga. A verifica\u00e7\u00e3o da documenta\u00e7\u00e3o por parte das coordena\u00e7\u00f5es dos cursos acontecer\u00e1 nos dias 12 e 13 de junho.\nSer\u00e3o realizadas tr\u00eas chamadas de suplentes, respeitando a classifica\u00e7\u00e3o para vagas livres e vagas reservadas (cotas), segundo suas categorias. As vagas de candidatos suplentes est\u00e3o condicionadas \u00e0 desist\u00eancia ou ao impedimento de candidatos classificados. A 1\u00aa, 2\u00aa e 3\u00aa chamadas de suplentes ocorrer\u00e3o nos dias 16 de junho, 18 e 24 de julho, respectivamente.\n As aulas est\u00e3o programadas para iniciar no dia 24 de julho, conforme Calend\u00e1rio Acad\u00eamico 2023.1.\nV\u00eddeos mais assistidos do g1 Para\u00edba  ","protected":false},"excerpt":{"rendered":"<p>        As aulas dos candidatos classificados est\u00e3o previstas para come\u00e7ar em 24 de julho.  Universidade Federal de Campina Grande (UFCG)<br \/>\nMarinilson Braga\/UFCG<br \/>\nA Universidade Federal de Campina Grande (UFCG) divulgou, nesta quarta-feira (31), a lista d&#8230;<\/p>\n","protected":false},"author":2,"featured_media":0,"comment_status":"closed","ping_status":"closed","sticky":false,"template":"","format":"standard","meta":{"advgb_blocks_editor_width":"","advgb_blocks_columns_visual_guide":"","footnotes":""},"categories":[34],"tags":[35],"class_list":["post-19112","post","type-post","status-publish","format-standard","hentry","category-g1","tag-g1"],"author_meta":{"display_name":"g1 &gt; Para\u00edba","author_link":"https:\/\/sindaopcpb.org.br\/author\/g1-paraiba\/"},"featured_img":null,"coauthors":[],"tax_additional":{"categories":{"linked":["<a href=\"https:\/\/sindaopcpb.org.br\/g1\/\" class=\"advgb-post-tax-term\">G1<\/a>"],"unlinked":["<span class=\"advgb-post-tax-term\">G1<\/span>"]},"tags":{"linked":["<a href=\"https:\/\/sindaopcpb.org.br\/g1\/\" class=\"advgb-post-tax-term\">g1<\/a>"],"unlinked":["<span class=\"advgb-post-tax-term\">g1<\/span>"]}},"comment_count":"0","relative_dates":{"created":"Publicado 3 anos atr\u00e1s","modified":"Atualizado 3 anos atr\u00e1s"},"absolute_dates":{"created":"Publicado em 1 de junho de 2023","modified":"Atualizado em 1 de junho de 2023"},"absolute_dates_time":{"created":"Publicado em 1 de junho de 2023 12:52","modified":"Atualizado em 1 de junho de 2023 12:52"},"featured_img_caption":"","series_order":"","_links":{"self":[{"href":"https:\/\/sindaopcpb.org.br\/index.php\/wp-json\/wp\/v2\/posts\/19112","targetHints":{"allow":["GET"]}}],"collection":[{"href":"https:\/\/sindaopcpb.org.br\/index.php\/wp-json\/wp\/v2\/posts"}],"about":[{"href":"https:\/\/sindaopcpb.org.br\/index.php\/wp-json\/wp\/v2\/types\/post"}],"author":[{"embeddable":true,"href":"https:\/\/sindaopcpb.org.br\/index.php\/wp-json\/wp\/v2\/users\/2"}],"replies":[{"embeddable":true,"href":"https:\/\/sindaopcpb.org.br\/index.php\/wp-json\/wp\/v2\/comments?post=19112"}],"version-history":[{"count":1,"href":"https:\/\/sindaopcpb.org.br\/index.php\/wp-json\/wp\/v2\/posts\/19112\/revisions"}],"predecessor-version":[{"id":19113,"href":"https:\/\/sindaopcpb.org.br\/index.php\/wp-json\/wp\/v2\/posts\/19112\/revisions\/19113"}],"wp:attachment":[{"href":"https:\/\/sindaopcpb.org.br\/index.php\/wp-json\/wp\/v2\/media?parent=19112"}],"wp:term":[{"taxonomy":"category","embeddable":true,"href":"https:\/\/sindaopcpb.org.br\/index.php\/wp-json\/wp\/v2\/categories?post=19112"},{"taxonomy":"post_tag","embeddable":true,"href":"https:\/\/sindaopcpb.org.br\/index.php\/wp-json\/wp\/v2\/tags?post=19112"}],"curies":[{"name":"wp","href":"https:\/\/api.w.org\/{rel}","templated":true}]}}