{"id":19082,"date":"2023-06-01T09:52:04","date_gmt":"2023-06-01T12:52:04","guid":{"rendered":"https:\/\/www.infomoney.com.br\/?p=2150162"},"modified":"2023-06-01T09:52:04","modified_gmt":"2023-06-01T12:52:04","slug":"moraes-envia-processo-da-ferrograo-para-conciliacao-judicial","status":"publish","type":"post","link":"https:\/\/sindaopcpb.org.br\/index.php\/2023\/06\/01\/moraes-envia-processo-da-ferrograo-para-conciliacao-judicial\/","title":{"rendered":"Moraes envia processo da Ferrogr\u00e3o para concilia\u00e7\u00e3o judicial"},"content":{"rendered":"<p><img loading=\"lazy\" width=\"300\" height=\"203\" src=\"https:\/\/www.infomoney.com.br\/wp-content\/uploads\/2022\/12\/Alexandre-de-Moraes-2022-12-19-flickr-stf.jpg?fit=300%2C203&amp;quality=70&amp;strip=all\" class=\"attachment-medium size-medium wp-post-image\" alt=\"\" decoding=\"async\" style=\"float:right; margin:0 0 10px 10px;\" srcset=\"https:\/\/www.infomoney.com.br\/wp-content\/uploads\/2022\/12\/Alexandre-de-Moraes-2022-12-19-flickr-stf.jpg?w=2048&amp;quality=70&amp;strip=all 2048w, https:\/\/www.infomoney.com.br\/wp-content\/uploads\/2022\/12\/Alexandre-de-Moraes-2022-12-19-flickr-stf.jpg?w=300&amp;quality=70&amp;strip=all 300w, https:\/\/www.infomoney.com.br\/wp-content\/uploads\/2022\/12\/Alexandre-de-Moraes-2022-12-19-flickr-stf.jpg?w=768&amp;quality=70&amp;strip=all 768w, https:\/\/www.infomoney.com.br\/wp-content\/uploads\/2022\/12\/Alexandre-de-Moraes-2022-12-19-flickr-stf.jpg?w=1280&amp;quality=70&amp;strip=all 1280w, https:\/\/www.infomoney.com.br\/wp-content\/uploads\/2022\/12\/Alexandre-de-Moraes-2022-12-19-flickr-stf.jpg?w=1536&amp;quality=70&amp;strip=all 1536w, https:\/\/www.infomoney.com.br\/wp-content\/uploads\/2022\/12\/Alexandre-de-Moraes-2022-12-19-flickr-stf.jpg?w=150&amp;quality=70&amp;strip=all 150w\" sizes=\"auto, (max-width: 300px) 100vw, 300px\" data-attachment-id=\"2011498\" data-permalink=\"https:\/\/www.infomoney.com.br\/alexandre-de-moraes-2022-12-19-flickr-stf\/\" data-orig-file=\"https:\/\/www.infomoney.com.br\/wp-content\/uploads\/2022\/12\/Alexandre-de-Moraes-2022-12-19-flickr-stf.jpg?fit=2048%2C1386&amp;quality=70&amp;strip=all\" data-orig-size=\"2048,1386\" data-comments-opened=\"0\" data-image-meta=\"{&quot;aperture&quot;:&quot;0&quot;,&quot;credit&quot;:&quot;Rosinei Coutinho\\\/SCO\\\/STF&quot;,&quot;camera&quot;:&quot;&quot;,&quot;caption&quot;:&quot;&quot;,&quot;created_timestamp&quot;:&quot;0&quot;,&quot;copyright&quot;:&quot;&quot;,&quot;focal_length&quot;:&quot;0&quot;,&quot;iso&quot;:&quot;0&quot;,&quot;shutter_speed&quot;:&quot;0&quot;,&quot;title&quot;:&quot;&quot;,&quot;orientation&quot;:&quot;0&quot;}\" data-image-title=\"Alexandre de Moraes 2022 12 19 flickr stf\" data-image-description=\"&lt;p&gt;Sess\u00e3o de encerramento do Ano Judici\u00e1rio de 2022. 19-12-2022&lt;br \/&gt;\nMinistro Alexandre de Moraes na sess\u00e3o de encerramento do Ano Judici\u00e1rio de 2022.&lt;\/p&gt;\n&lt;p&gt;Cr\u00e9dito para a foto: &lt;\/p&gt;\n\" data-image-caption=\"&lt;p&gt;Ministro Alexandre de Moraes (Rosinei Coutinho\/SCO\/STF)&lt;\/p&gt;\n\" data-medium-file=\"https:\/\/www.infomoney.com.br\/wp-content\/uploads\/2022\/12\/Alexandre-de-Moraes-2022-12-19-flickr-stf.jpg?fit=300%2C203&amp;quality=70&amp;strip=all\" data-large-file=\"https:\/\/www.infomoney.com.br\/wp-content\/uploads\/2022\/12\/Alexandre-de-Moraes-2022-12-19-flickr-stf.jpg?fit=1280%2C866&amp;quality=70&amp;strip=all\" title=\"\"><\/p>\n<p>O ministro Alexandre de Moraes, do Supremo Tribunal Federal (STF), decidiu nesta quarta-feira (31) enviar para concilia\u00e7\u00e3o judicial a discuss\u00e3o sobre a constru\u00e7\u00e3o da Ferrogr\u00e3o, nova ferrovia que ligar\u00e1 Sinop, no norte de Mato Grosso (MT), a Itaituba, no Par\u00e1 (PA).<\/p>\n<p>A an\u00e1lise definitiva do caso estava prevista para a sess\u00e3o de hoje, mas n\u00e3o foi apreciada em fun\u00e7\u00e3o do julgamento que condenou o ex-presidente Fernando Collor.<\/p>\n<p>Pela decis\u00e3o, a quest\u00e3o ser\u00e1 avaliada pelo Centro de Solu\u00e7\u00f5es Alternativas de Lit\u00edgios do pr\u00f3prio STF. No mesmo despacho, Moraes manteve sua decis\u00e3o, que suspendeu, em mar\u00e7o de 2021, a Lei n\u00ba 13.452\/2017. A norma alterou os limites do Parque Nacional do Jamanxim para permitir a constru\u00e7\u00e3o da ferrovia.<\/p>\n<p>&#8220;A redu\u00e7\u00e3o do patamar de prote\u00e7\u00e3o ambiental decorrente da exclus\u00e3o de aproximadamente 862 hectares do Parque Nacional do Jamanxim, durante o processo legislativo, justifica a manuten\u00e7\u00e3o da suspens\u00e3o da efic\u00e1cia da lei, uma vez que h\u00e1 plausibilidade do risco de que o ato impugnado venha a produzir efeitos irrevers\u00edveis&#8221;, decidiu o ministro.<\/p>\n<p>O caso chegou ao Supremo por meio de uma a\u00e7\u00e3o protocolada pelo PSOL, que questionou o descumprimento de medidas ambientais.<\/p>\n<p>Na semana passada, a Advocacia-Geral da Uni\u00e3o (AGU) enviou um parecer ao Supremo no qual mudou seu posicionamento e passou a defender a inconstitucionalidade da lei. No governo do ex-presidente Jair Bolsonaro, o \u00f3rg\u00e3o foi favor\u00e1vel \u00e0 lei.<\/p>\n<p>A constru\u00e7\u00e3o da Ferrogr\u00e3o \u00e9 articulada desde o governo do ex-presidente Michel Temer. S\u00e3o esperados investimentos de R$ 8,4 bilh\u00f5es no projeto de concess\u00e3o. Com 933 quil\u00f4metros de extens\u00e3o, o projeto da ferrovia pretende resolver problemas de escoamento da produ\u00e7\u00e3o agr\u00edcola do Mato Grosso para o norte do pa\u00eds.<\/p>\n<p>The post <a rel=\"nofollow noopener\" href=\"https:\/\/www.infomoney.com.br\/politica\/moraes-envia-processo-da-ferrograo-para-conciliacao-judicial\/\" target=\"_blank\">Moraes envia processo da Ferrogr\u00e3o para concilia\u00e7\u00e3o judicial<\/a> appeared first on <a rel=\"nofollow noopener\" href=\"https:\/\/www.infomoney.com.br\/\" target=\"_blank\">InfoMoney<\/a>.<\/p>\n","protected":false},"excerpt":{"rendered":"<p><img loading=\"lazy\" decoding=\"async\" width=\"300\" height=\"203\" src=\"https:\/\/www.infomoney.com.br\/wp-content\/uploads\/2022\/12\/Alexandre-de-Moraes-2022-12-19-flickr-stf.jpg?fit=300%2C203&amp;quality=70&amp;strip=all\" class=\"attachment-medium size-medium wp-post-image\" alt=\"\" data-attachment-id=\"2011498\" data-permalink=\"https:\/\/www.infomoney.com.br\/alexandre-de-moraes-2022-12-19-flickr-stf\/\" data-orig-file=\"https:\/\/www.infomoney.com.br\/wp-content\/uploads\/2022\/12\/Alexandre-de-Moraes-2022-12-19-flickr-stf.jpg?fit=2048%2C1386&amp;quality=70&amp;strip=all\" data-orig-size=\"2048,1386\" data-comments-opened=\"0\" data-image-meta='{\"aperture\":\"0\",\"credit\":\"Rosinei Coutinho\\\/SCO\\\/STF\",\"camera\":\"\",\"caption\":\"\",\"created_timestamp\":\"0\",\"copyright\":\"\",\"focal_length\":\"0\",\"iso\":\"0\",\"shutter_speed\":\"0\",\"title\":\"\",\"orientation\":\"0\"}' data-image-title=\"Alexandre de Moraes 2022 12 19 flickr stf\" data-image-description=\"&lt;p&gt;Sess\u00e3o de encerramento do Ano Judici\u00e1rio de 2022. 19-12-2022&lt;br \/&gt;\nMinistro Alexandre de Moraes na sess\u00e3o de encerramento do Ano Judici\u00e1rio de 2022.&lt;\/p&gt;\n&lt;p&gt;Cr\u00e9dito para a foto: &lt;\/p&gt;\n\" data-image-caption=\"&lt;p&gt;Ministro Alexandre de Moraes (Rosinei Coutinho\/SCO\/STF)&lt;\/p&gt;\n\" data-medium-file=\"https:\/\/www.infomoney.com.br\/wp-content\/uploads\/2022\/12\/Alexandre-de-Moraes-2022-12-19-flickr-stf.jpg?fit=300%2C203&amp;quality=70&amp;strip=all\" data-large-file=\"https:\/\/www.infomoney.com.br\/wp-content\/uploads\/2022\/12\/Alexandre-de-Moraes-2022-12-19-flickr-stf.jpg?fit=1280%2C866&amp;quality=70&amp;strip=all\">Nova ferrovia vai ligar Sinop, no norte de Mato Grosso (MT), a Itaituba, no Par\u00e1 (PA)<\/p>\n<p>The post <a rel=\"nofollow\" href=\"https:\/\/www.infomoney.com.br\/politica\/moraes-envia-processo-da-ferrograo-para-conciliacao-judicial\/\">Moraes envia processo da Ferrogr\u00e3o para concilia\u00e7\u00e3o judicial<\/a> appeared first on <a rel=\"nofollow\" href=\"https:\/\/www.infomoney.com.br\/\">InfoMoney<\/a>.<\/p>\n","protected":false},"author":44,"featured_media":0,"comment_status":"closed","ping_status":"closed","sticky":false,"template":"","format":"standard","meta":{"advgb_blocks_editor_width":"","advgb_blocks_columns_visual_guide":"","footnotes":""},"categories":[463,374,34,47],"tags":[35],"class_list":["post-19082","post","type-post","status-publish","format-standard","hentry","category-alexandre-de-moraes","category-ferrovias","category-g1","category-politica","tag-g1"],"author_meta":{"display_name":"Ag\u00eancia Brasil","author_link":"https:\/\/sindaopcpb.org.br\/author\/agencia-brasil\/"},"featured_img":null,"coauthors":[],"tax_additional":{"categories":{"linked":["<a href=\"https:\/\/sindaopcpb.org.br\/alexandre-de-moraes\/\" class=\"advgb-post-tax-term\">Alexandre de Moraes<\/a>","<a href=\"https:\/\/sindaopcpb.org.br\/ferrovias\/\" class=\"advgb-post-tax-term\">Ferrovias<\/a>","<a href=\"https:\/\/sindaopcpb.org.br\/g1\/\" class=\"advgb-post-tax-term\">G1<\/a>","<a href=\"https:\/\/sindaopcpb.org.br\/politica\/\" class=\"advgb-post-tax-term\">POLITICA<\/a>"],"unlinked":["<span class=\"advgb-post-tax-term\">Alexandre de Moraes<\/span>","<span class=\"advgb-post-tax-term\">Ferrovias<\/span>","<span class=\"advgb-post-tax-term\">G1<\/span>","<span class=\"advgb-post-tax-term\">POLITICA<\/span>"]},"tags":{"linked":["<a href=\"https:\/\/sindaopcpb.org.br\/politica\/\" class=\"advgb-post-tax-term\">g1<\/a>"],"unlinked":["<span class=\"advgb-post-tax-term\">g1<\/span>"]}},"comment_count":"0","relative_dates":{"created":"Publicado 3 anos atr\u00e1s","modified":"Atualizado 3 anos atr\u00e1s"},"absolute_dates":{"created":"Publicado em 1 de junho de 2023","modified":"Atualizado em 1 de junho de 2023"},"absolute_dates_time":{"created":"Publicado em 1 de junho de 2023 09:52","modified":"Atualizado em 1 de junho de 2023 09:52"},"featured_img_caption":"","series_order":"","_links":{"self":[{"href":"https:\/\/sindaopcpb.org.br\/index.php\/wp-json\/wp\/v2\/posts\/19082","targetHints":{"allow":["GET"]}}],"collection":[{"href":"https:\/\/sindaopcpb.org.br\/index.php\/wp-json\/wp\/v2\/posts"}],"about":[{"href":"https:\/\/sindaopcpb.org.br\/index.php\/wp-json\/wp\/v2\/types\/post"}],"author":[{"embeddable":true,"href":"https:\/\/sindaopcpb.org.br\/index.php\/wp-json\/wp\/v2\/users\/44"}],"replies":[{"embeddable":true,"href":"https:\/\/sindaopcpb.org.br\/index.php\/wp-json\/wp\/v2\/comments?post=19082"}],"version-history":[{"count":1,"href":"https:\/\/sindaopcpb.org.br\/index.php\/wp-json\/wp\/v2\/posts\/19082\/revisions"}],"predecessor-version":[{"id":19083,"href":"https:\/\/sindaopcpb.org.br\/index.php\/wp-json\/wp\/v2\/posts\/19082\/revisions\/19083"}],"wp:attachment":[{"href":"https:\/\/sindaopcpb.org.br\/index.php\/wp-json\/wp\/v2\/media?parent=19082"}],"wp:term":[{"taxonomy":"category","embeddable":true,"href":"https:\/\/sindaopcpb.org.br\/index.php\/wp-json\/wp\/v2\/categories?post=19082"},{"taxonomy":"post_tag","embeddable":true,"href":"https:\/\/sindaopcpb.org.br\/index.php\/wp-json\/wp\/v2\/tags?post=19082"}],"curies":[{"name":"wp","href":"https:\/\/api.w.org\/{rel}","templated":true}]}}