{"id":19076,"date":"2023-06-01T10:07:24","date_gmt":"2023-06-01T13:07:24","guid":{"rendered":"https:\/\/www.infomoney.com.br\/?p=2150201"},"modified":"2023-06-01T10:07:24","modified_gmt":"2023-06-01T13:07:24","slug":"haddad-critica-lobby-por-desoneracao-de-impostos","status":"publish","type":"post","link":"https:\/\/sindaopcpb.org.br\/index.php\/2023\/06\/01\/haddad-critica-lobby-por-desoneracao-de-impostos\/","title":{"rendered":"Haddad critica lobby por desonera\u00e7\u00e3o de impostos"},"content":{"rendered":"<p><img loading=\"lazy\" width=\"300\" height=\"200\" src=\"https:\/\/www.infomoney.com.br\/wp-content\/uploads\/2023\/05\/52870680701_f92a7b2063_c.jpg?fit=300%2C200&amp;quality=70&amp;strip=all\" class=\"attachment-medium size-medium wp-post-image\" alt=\"\" decoding=\"async\" style=\"float:right; margin:0 0 10px 10px;\" srcset=\"https:\/\/www.infomoney.com.br\/wp-content\/uploads\/2023\/05\/52870680701_f92a7b2063_c.jpg?w=799&amp;quality=70&amp;strip=all 799w, https:\/\/www.infomoney.com.br\/wp-content\/uploads\/2023\/05\/52870680701_f92a7b2063_c.jpg?w=300&amp;quality=70&amp;strip=all 300w, https:\/\/www.infomoney.com.br\/wp-content\/uploads\/2023\/05\/52870680701_f92a7b2063_c.jpg?w=768&amp;quality=70&amp;strip=all 768w, https:\/\/www.infomoney.com.br\/wp-content\/uploads\/2023\/05\/52870680701_f92a7b2063_c.jpg?w=150&amp;quality=70&amp;strip=all 150w\" sizes=\"auto, (max-width: 300px) 100vw, 300px\" data-attachment-id=\"2125874\" data-permalink=\"https:\/\/www.infomoney.com.br\/politica\/governo-pode-nao-arrecadar-os-r-90-bilhoes-projetados-com-fim-de-subvencoes-sobre-icms\/attachment\/52870680701_f92a7b2063_c\/\" data-orig-file=\"https:\/\/www.infomoney.com.br\/wp-content\/uploads\/2023\/05\/52870680701_f92a7b2063_c.jpg?fit=799%2C533&amp;quality=70&amp;strip=all\" data-orig-size=\"799,533\" data-comments-opened=\"0\" data-image-meta=\"{&quot;aperture&quot;:&quot;0&quot;,&quot;credit&quot;:&quot;&quot;,&quot;camera&quot;:&quot;&quot;,&quot;caption&quot;:&quot;&quot;,&quot;created_timestamp&quot;:&quot;0&quot;,&quot;copyright&quot;:&quot;&quot;,&quot;focal_length&quot;:&quot;0&quot;,&quot;iso&quot;:&quot;0&quot;,&quot;shutter_speed&quot;:&quot;0&quot;,&quot;title&quot;:&quot;&quot;,&quot;orientation&quot;:&quot;0&quot;}\" data-image-title=\"Fernando Haddad\" data-image-description=\"\" data-image-caption=\"&lt;p&gt;O ministro da Fazenda, Fernando Haddad (PT), discursa em cerim\u00f4nia do Conselho de Desenvolvimento Econ\u00f4mico Social Sustent\u00e1vel (CDESS), no Pal\u00e1cio Itamaraty (Foto: Diogo Zacarias)&lt;\/p&gt;\n\" data-medium-file=\"https:\/\/www.infomoney.com.br\/wp-content\/uploads\/2023\/05\/52870680701_f92a7b2063_c.jpg?fit=300%2C200&amp;quality=70&amp;strip=all\" data-large-file=\"https:\/\/www.infomoney.com.br\/wp-content\/uploads\/2023\/05\/52870680701_f92a7b2063_c.jpg?fit=799%2C533&amp;quality=70&amp;strip=all\" title=\"\"><\/p>\n<p>O ministro da Fazenda, Fernando Haddad, afirmou nesta quarta-feira (31) que a legisla\u00e7\u00e3o tribut\u00e1ria no Brasil \u00e9 uma &#8220;colcha de retalhos&#8221;, o que torna o sistema de impostos do pa\u00eds &#8220;um dos piores, sen\u00e3o o pior do mundo&#8221;. Ele tamb\u00e9m criticou o lobby em torno da aprova\u00e7\u00e3o de leis tribut\u00e1rias.<\/p>\n<p>&#8220;Muitas vezes, uma lei \u00e9 aprovada de forma confusa propositalmente por conta de um lobby que ato cont\u00ednuo vai atuar no Judici\u00e1rio para dizer que a tese correta \u00e9 a dele&#8221;, avaliou, em discurso na mesa de abertura do 7\u00ba Congresso do Contencioso Tribut\u00e1rio, que ocorre nesta semana, em Bras\u00edlia.<\/p>\n<p>O evento \u00e9 organizado pela Procuradoria Geral da Fazenda Nacional (PGFN), \u00f3rg\u00e3o formado por advogados p\u00fablicos que atua justamente em a\u00e7\u00f5es do governo relativas \u00e0 arrecada\u00e7\u00e3o de tributos e d\u00edvidas devidas \u00e0 Uni\u00e3o.<\/p>\n<p>&#8220;Voc\u00eas sabem que a arrecada\u00e7\u00e3o federal teve muitas derrotas, n\u00e3o s\u00f3 no Congresso Nacional, com desonera\u00e7\u00f5es absolutamente ca\u00f3ticas, mas tamb\u00e9m nos tribunais. A PGFN \u00e9 art\u00edfice da recupera\u00e7\u00e3o da base fiscal do Estado&#8221;, afirmou o ministro aos procuradores.<\/p>\n<h2><strong>Privil\u00e9gios tribut\u00e1rios<\/strong><\/h2>\n<p>Dados calculados pela Associa\u00e7\u00e3o Nacional dos Auditores Fiscais da Receita Federal do Brasil (Unafisco) apontam que, at\u00e9 o final do ano, o governo federal deve deixar de arrecadar R$ 440,5 bilh\u00f5es por conta da concess\u00e3o dos chamados &#8220;privil\u00e9gios tribut\u00e1rios&#8221;. O montante soma de todos os benef\u00edcios e incentivos tribut\u00e1rios concedidos pela Uni\u00e3o a parcelas espec\u00edficas de contribuintes e consta em estudo publicado pela entidade nesta ter\u00e7a-feira (30).<\/p>\n<p>No evento da PGFN, o advogado-geral da Uni\u00e3o, Jorge Messias, que \u00e9 procurador da Fazenda Nacional de carreira, leu um discurso em defesa da reforma tribut\u00e1ria, cuja discuss\u00e3o deve ganhar velocidade no Congresso Nacional, ao longo dos pr\u00f3ximos meses. &#8220;Acreditamos que as propostas apresentadas caminham para uma tributa\u00e7\u00e3o progressiva e fundamentam-se nas premissas de base ampla, poucas al\u00edquotas e tributa\u00e7\u00e3o no destino&#8221;, destacou.<\/p>\n<h2><strong>Reforma tribut\u00e1ria<\/strong><\/h2>\n<p>A reforma tribut\u00e1ria est\u00e1 em discuss\u00e3o a partir de um grupo de trabalho criado no Congresso Nacional com base em duas propostas que j\u00e1 tramitam na C\u00e2mara dos Deputados (PEC 45\/19) e no Senado Federal (PEC 110\/19). O relator do grupo \u00e9 o deputado Aguinaldo Ribeiro (PP-PB). O governo federal est\u00e1 atuando em torno desses projetos em andamento e intensificar a articula\u00e7\u00e3o parlamentar para aprov\u00e1-los.<\/p>\n<p>O eixo central da proposta \u00e9 uma reforma que unifique os tributos em um s\u00f3 , o Imposto sobre o Valor Agregado (IVA), que substituiria cinco impostos federais, estaduais e municipais. Al\u00e9m disso, tamb\u00e9m se discute a ideia de um IVA Dual, que resultaria em um tributo federal e um de compet\u00eancia estadual e municipal.<\/p>\n<p>Em evento recente com industriais paulistas, Fernando Haddad afirmou que a introdu\u00e7\u00e3o de um Imposto de Valor Agregado \u00fanico resolveria &#8220;boa parte dos v\u00edcios do atual sistema&#8221; que, segundo ele, &#8220;\u00e9 o grande vil\u00e3o pelas baixas taxas de crescimento da nossa produtividade&#8221;.<\/p>\n<p>The post <a rel=\"nofollow noopener\" href=\"https:\/\/www.infomoney.com.br\/politica\/haddad-critica-lobby-por-desoneracao-de-impostos\/\" target=\"_blank\">Haddad critica lobby por desonera\u00e7\u00e3o de impostos<\/a> appeared first on <a rel=\"nofollow noopener\" href=\"https:\/\/www.infomoney.com.br\/\" target=\"_blank\">InfoMoney<\/a>.<\/p>\n","protected":false},"excerpt":{"rendered":"<p><img loading=\"lazy\" decoding=\"async\" width=\"300\" height=\"200\" src=\"https:\/\/www.infomoney.com.br\/wp-content\/uploads\/2023\/05\/52870680701_f92a7b2063_c.jpg?fit=300%2C200&amp;quality=70&amp;strip=all\" class=\"attachment-medium size-medium wp-post-image\" alt=\"\" data-attachment-id=\"2125874\" data-permalink=\"https:\/\/www.infomoney.com.br\/politica\/governo-pode-nao-arrecadar-os-r-90-bilhoes-projetados-com-fim-de-subvencoes-sobre-icms\/attachment\/52870680701_f92a7b2063_c\/\" data-orig-file=\"https:\/\/www.infomoney.com.br\/wp-content\/uploads\/2023\/05\/52870680701_f92a7b2063_c.jpg?fit=799%2C533&amp;quality=70&amp;strip=all\" data-orig-size=\"799,533\" data-comments-opened=\"0\" data-image-meta='{\"aperture\":\"0\",\"credit\":\"\",\"camera\":\"\",\"caption\":\"\",\"created_timestamp\":\"0\",\"copyright\":\"\",\"focal_length\":\"0\",\"iso\":\"0\",\"shutter_speed\":\"0\",\"title\":\"\",\"orientation\":\"0\"}' data-image-title=\"Fernando Haddad\" data-image-description=\"\" data-image-caption=\"&lt;p&gt;O ministro da Fazenda, Fernando Haddad (PT), discursa em cerim\u00f4nia do Conselho de Desenvolvimento Econ\u00f4mico Social Sustent\u00e1vel (CDESS), no Pal\u00e1cio Itamaraty (Foto: Diogo Zacarias)&lt;\/p&gt;\n\" data-medium-file=\"https:\/\/www.infomoney.com.br\/wp-content\/uploads\/2023\/05\/52870680701_f92a7b2063_c.jpg?fit=300%2C200&amp;quality=70&amp;strip=all\" data-large-file=\"https:\/\/www.infomoney.com.br\/wp-content\/uploads\/2023\/05\/52870680701_f92a7b2063_c.jpg?fit=799%2C533&amp;quality=70&amp;strip=all\">Ministro participou de evento com procuradores da Fazenda Nacional<\/p>\n<p>The post <a rel=\"nofollow\" href=\"https:\/\/www.infomoney.com.br\/politica\/haddad-critica-lobby-por-desoneracao-de-impostos\/\">Haddad critica lobby por desonera\u00e7\u00e3o de impostos<\/a> appeared first on <a rel=\"nofollow\" href=\"https:\/\/www.infomoney.com.br\/\">InfoMoney<\/a>.<\/p>\n","protected":false},"author":44,"featured_media":0,"comment_status":"closed","ping_status":"closed","sticky":false,"template":"","format":"standard","meta":{"advgb_blocks_editor_width":"","advgb_blocks_columns_visual_guide":"","footnotes":""},"categories":[109,34,47,443],"tags":[35],"class_list":["post-19076","post","type-post","status-publish","format-standard","hentry","category-fernando-haddad","category-g1","category-politica","category-politica-fiscal","tag-g1"],"author_meta":{"display_name":"Ag\u00eancia Brasil","author_link":"https:\/\/sindaopcpb.org.br\/author\/agencia-brasil\/"},"featured_img":null,"coauthors":[],"tax_additional":{"categories":{"linked":["<a href=\"https:\/\/sindaopcpb.org.br\/fernando-haddad\/\" class=\"advgb-post-tax-term\">FERNANDO HADDAD<\/a>","<a href=\"https:\/\/sindaopcpb.org.br\/g1\/\" class=\"advgb-post-tax-term\">G1<\/a>","<a href=\"https:\/\/sindaopcpb.org.br\/politica\/\" class=\"advgb-post-tax-term\">POLITICA<\/a>","<a href=\"https:\/\/sindaopcpb.org.br\/politica-fiscal\/\" class=\"advgb-post-tax-term\">Pol\u00edtica Fiscal<\/a>"],"unlinked":["<span class=\"advgb-post-tax-term\">FERNANDO HADDAD<\/span>","<span class=\"advgb-post-tax-term\">G1<\/span>","<span class=\"advgb-post-tax-term\">POLITICA<\/span>","<span class=\"advgb-post-tax-term\">Pol\u00edtica Fiscal<\/span>"]},"tags":{"linked":["<a href=\"https:\/\/sindaopcpb.org.br\/politica-fiscal\/\" class=\"advgb-post-tax-term\">g1<\/a>"],"unlinked":["<span class=\"advgb-post-tax-term\">g1<\/span>"]}},"comment_count":"0","relative_dates":{"created":"Publicado 3 anos atr\u00e1s","modified":"Atualizado 3 anos atr\u00e1s"},"absolute_dates":{"created":"Publicado em 1 de junho de 2023","modified":"Atualizado em 1 de junho de 2023"},"absolute_dates_time":{"created":"Publicado em 1 de junho de 2023 10:07","modified":"Atualizado em 1 de junho de 2023 10:07"},"featured_img_caption":"","series_order":"","_links":{"self":[{"href":"https:\/\/sindaopcpb.org.br\/index.php\/wp-json\/wp\/v2\/posts\/19076","targetHints":{"allow":["GET"]}}],"collection":[{"href":"https:\/\/sindaopcpb.org.br\/index.php\/wp-json\/wp\/v2\/posts"}],"about":[{"href":"https:\/\/sindaopcpb.org.br\/index.php\/wp-json\/wp\/v2\/types\/post"}],"author":[{"embeddable":true,"href":"https:\/\/sindaopcpb.org.br\/index.php\/wp-json\/wp\/v2\/users\/44"}],"replies":[{"embeddable":true,"href":"https:\/\/sindaopcpb.org.br\/index.php\/wp-json\/wp\/v2\/comments?post=19076"}],"version-history":[{"count":1,"href":"https:\/\/sindaopcpb.org.br\/index.php\/wp-json\/wp\/v2\/posts\/19076\/revisions"}],"predecessor-version":[{"id":19077,"href":"https:\/\/sindaopcpb.org.br\/index.php\/wp-json\/wp\/v2\/posts\/19076\/revisions\/19077"}],"wp:attachment":[{"href":"https:\/\/sindaopcpb.org.br\/index.php\/wp-json\/wp\/v2\/media?parent=19076"}],"wp:term":[{"taxonomy":"category","embeddable":true,"href":"https:\/\/sindaopcpb.org.br\/index.php\/wp-json\/wp\/v2\/categories?post=19076"},{"taxonomy":"post_tag","embeddable":true,"href":"https:\/\/sindaopcpb.org.br\/index.php\/wp-json\/wp\/v2\/tags?post=19076"}],"curies":[{"name":"wp","href":"https:\/\/api.w.org\/{rel}","templated":true}]}}