{"id":19074,"date":"2023-06-01T10:13:43","date_gmt":"2023-06-01T13:13:43","guid":{"rendered":"https:\/\/www.infomoney.com.br\/?p=2150212"},"modified":"2023-06-01T10:13:43","modified_gmt":"2023-06-01T13:13:43","slug":"o-governo-tem-a-consciencia-que-a-acomodacao-politica-nao-esta-feita-diz-lira-ao-final-da-votacao-da-mp","status":"publish","type":"post","link":"https:\/\/sindaopcpb.org.br\/index.php\/2023\/06\/01\/o-governo-tem-a-consciencia-que-a-acomodacao-politica-nao-esta-feita-diz-lira-ao-final-da-votacao-da-mp\/","title":{"rendered":"\u201cO governo tem a consci\u00eancia que a acomoda\u00e7\u00e3o pol\u00edtica n\u00e3o est\u00e1 feita\u201d, diz Lira ao final da vota\u00e7\u00e3o da MP"},"content":{"rendered":"<p><img loading=\"lazy\" width=\"300\" height=\"200\" src=\"https:\/\/www.infomoney.com.br\/wp-content\/uploads\/2023\/02\/Arthur_Lira1.jpg?fit=300%2C200&amp;quality=70&amp;strip=all\" class=\"attachment-medium size-medium wp-post-image\" alt=\"\" decoding=\"async\" style=\"float:right; margin:0 0 10px 10px;\" srcset=\"https:\/\/www.infomoney.com.br\/wp-content\/uploads\/2023\/02\/Arthur_Lira1.jpg?w=1000&amp;quality=70&amp;strip=all 1000w, https:\/\/www.infomoney.com.br\/wp-content\/uploads\/2023\/02\/Arthur_Lira1.jpg?w=300&amp;quality=70&amp;strip=all 300w, https:\/\/www.infomoney.com.br\/wp-content\/uploads\/2023\/02\/Arthur_Lira1.jpg?w=768&amp;quality=70&amp;strip=all 768w, https:\/\/www.infomoney.com.br\/wp-content\/uploads\/2023\/02\/Arthur_Lira1.jpg?w=150&amp;quality=70&amp;strip=all 150w\" sizes=\"auto, (max-width: 300px) 100vw, 300px\" data-attachment-id=\"2047371\" data-permalink=\"https:\/\/www.infomoney.com.br\/politica\/arthur-lira-e-reeleito-presidente-da-camara-dos-deputados-com-464-votos\/attachment\/arthur_lira1-2\/\" data-orig-file=\"https:\/\/www.infomoney.com.br\/wp-content\/uploads\/2023\/02\/Arthur_Lira1.jpg?fit=1000%2C667&amp;quality=70&amp;strip=all\" data-orig-size=\"1000,667\" data-comments-opened=\"0\" data-image-meta=\"{&quot;aperture&quot;:&quot;0&quot;,&quot;credit&quot;:&quot;&quot;,&quot;camera&quot;:&quot;&quot;,&quot;caption&quot;:&quot;&quot;,&quot;created_timestamp&quot;:&quot;0&quot;,&quot;copyright&quot;:&quot;&quot;,&quot;focal_length&quot;:&quot;0&quot;,&quot;iso&quot;:&quot;0&quot;,&quot;shutter_speed&quot;:&quot;0&quot;,&quot;title&quot;:&quot;&quot;,&quot;orientation&quot;:&quot;0&quot;}\" data-image-title=\"Arthur Lira\" data-image-description=\"\" data-image-caption=\"&lt;p&gt;O presidente da C\u00e2mara dos Deputados, Arthur Lira (PP-AL), durante sess\u00e3o de posse dos deputados eleitos para a 57\u00aa legislatura (Foto: Pablo Valadares\/C\u00e2mara dos Deputados)&lt;\/p&gt;\n\" data-medium-file=\"https:\/\/www.infomoney.com.br\/wp-content\/uploads\/2023\/02\/Arthur_Lira1.jpg?fit=300%2C200&amp;quality=70&amp;strip=all\" data-large-file=\"https:\/\/www.infomoney.com.br\/wp-content\/uploads\/2023\/02\/Arthur_Lira1.jpg?fit=1000%2C667&amp;quality=70&amp;strip=all\" title=\"\"><\/p>\n<p>O presidente da C\u00e2mara dos Deputados, Arthur Lira (PP-AL), afirmou que a vit\u00f3ria expressiva do governo na vota\u00e7\u00e3o que aprovou a Medida Provis\u00f3ria 1154\/23, que reestrutura os minist\u00e9rios, n\u00e3o significa que h\u00e1 uma base consolidada de apoio ao governo. Foram 337 votos favor\u00e1veis ao texto e 125 contr\u00e1rios.<\/p>\n<p>A MP aprovada fixa o n\u00famero de minist\u00e9rios em 31, al\u00e9m de 6 \u00f3rg\u00e3os com status de minist\u00e9rio, em um total de 37 ministros.<\/p>\n<p>Segundo Lira, \u201cdaqui para frente, o governo tem que andar com suas pr\u00f3prias pernas e n\u00e3o haver\u00e1 nenhum tipo de sacrif\u00edcio dos parlamentares\u201d, avisou.<\/p>\n<p>Lira explicou que os partidos independentes e de centro, principalmente, deram mais uma oportunidade ao governo, embora quisessem mandar um recado ao Planalto sobre a necessidade de participar mais ativamente da vida do Pa\u00eds e do Congresso.<\/p>\n<p>\u201cO governo sabe e tem consci\u00eancia que a acomoda\u00e7\u00e3o pol\u00edtica n\u00e3o est\u00e1 feita, n\u00e3o tem base consolidada, o l\u00edder Jos\u00e9 Guimar\u00e3es (PT-CE) tem consci\u00eancia disso, e convencemos nossos deputados que \u00e9 importante que o governo tenha sua gest\u00e3o, muito embora muitos queriam demonstrar ao governo para que participe mais da vida ativa do Pa\u00eds\u201d, afirmou Lira.<\/p>\n<p>\u201cN\u00e3o foi feito nenhum acordo, foi muita conversa e tranquilidade para conduzir essa vota\u00e7\u00e3o para que se chegasse um painel t\u00e3o el\u00e1stico\u201d, disse o presidente da C\u00e2mara.<\/p>\n<p>Para Lira, a partir da vota\u00e7\u00e3o de ontem, o governo ter\u00e1 a oportunidade de voltar a trabalhar em busca de uma base mais consolidada e uma articula\u00e7\u00e3o pol\u00edtica mais correta para ter \u201cdias mais tranquilos\u201d, ponderou.<\/p>\n<h2><strong>Vit\u00f3ria &#8220;do\u00edda&#8221;<\/strong><\/h2>\n<p>Ap\u00f3s a aprova\u00e7\u00e3o da Medida Provis\u00f3ria 1154\/23, na madrugada desta quinta-feira (1\u00ba), o l\u00edder do governo, deputado Jos\u00e9 Guimar\u00e3es (PT-CE), reconheceu que foi uma vit\u00f3ria \u201cdo\u00edda\u201d e \u201cgratificante\u201d diante de tantas reclama\u00e7\u00f5es sobre a articula\u00e7\u00e3o do Pal\u00e1cio do Planalto com a C\u00e2mara dos Deputados.<\/p>\n<p>Jos\u00e9 Guimar\u00e3es reconheceu que o governo tem problemas de articula\u00e7\u00e3o que precisam ser resolvidos.\u00a0\u201cOs l\u00edderes suaram no di\u00e1logo e deram cr\u00e9dito ao governo mesmo com as extremas dificuldades que vivenciamos \u2013 das demandas n\u00e3o resolvidas, dos \u2018ch\u00e1s de cadeira\u2019 dos ministros, daquilo que n\u00e3o foi encaminhado\u201d, disse Guimar\u00e3es.<\/p>\n<h2><strong>Lealdade cobrada<\/strong><\/h2>\n<p>O l\u00edder do Uni\u00e3o Brasil, deputado Elmar Nascimento (Uni\u00e3o-BA), chegou a revelar que os l\u00edderes fizeram uma reuni\u00e3o de \u201clavagem de roupa suja\u201d antes da vota\u00e7\u00e3o e cobrou lealdade e credibilidade nas negocia\u00e7\u00f5es.<\/p>\n<p>\u201cDepois que ficamos at\u00e9 a meia-noite de ontem [ter\u00e7a-feira] fazendo lavagem de roupa suja, devo dizer que a insatisfa\u00e7\u00e3o \u00e9 geral, todos os l\u00edderes reconhecem\u201d, afirmou. Elmar Nascimento n\u00e3o poupou cr\u00edticas ao Planalto. \u201cTudo isso \u00e9 fruto da forma contradit\u00f3ria, desgovernada, da falta de uma base estabilizada\u201d, criticou.<\/p>\n<p>Agora a medida provis\u00f3ria precisa ser votada hoje pelo Senado para n\u00e3o perder a validade.<\/p>\n<p>The post <a rel=\"nofollow noopener\" href=\"https:\/\/www.infomoney.com.br\/politica\/o-governo-tem-a-consciencia-que-a-acomodacao-politica-nao-esta-feita-diz-lira-ao-final-da-votacao-da-mp\/\" target=\"_blank\">\u201cO governo tem a consci\u00eancia que a acomoda\u00e7\u00e3o pol\u00edtica n\u00e3o est\u00e1 feita\u201d, diz Lira ao final da vota\u00e7\u00e3o da MP<\/a> appeared first on <a rel=\"nofollow noopener\" href=\"https:\/\/www.infomoney.com.br\/\" target=\"_blank\">InfoMoney<\/a>.<\/p>\n","protected":false},"excerpt":{"rendered":"<p><img loading=\"lazy\" decoding=\"async\" width=\"300\" height=\"200\" src=\"https:\/\/www.infomoney.com.br\/wp-content\/uploads\/2023\/02\/Arthur_Lira1.jpg?fit=300%2C200&amp;quality=70&amp;strip=all\" class=\"attachment-medium size-medium wp-post-image\" alt=\"\" data-attachment-id=\"2047371\" data-permalink=\"https:\/\/www.infomoney.com.br\/politica\/arthur-lira-e-reeleito-presidente-da-camara-dos-deputados-com-464-votos\/attachment\/arthur_lira1-2\/\" data-orig-file=\"https:\/\/www.infomoney.com.br\/wp-content\/uploads\/2023\/02\/Arthur_Lira1.jpg?fit=1000%2C667&amp;quality=70&amp;strip=all\" data-orig-size=\"1000,667\" data-comments-opened=\"0\" data-image-meta='{\"aperture\":\"0\",\"credit\":\"\",\"camera\":\"\",\"caption\":\"\",\"created_timestamp\":\"0\",\"copyright\":\"\",\"focal_length\":\"0\",\"iso\":\"0\",\"shutter_speed\":\"0\",\"title\":\"\",\"orientation\":\"0\"}' data-image-title=\"Arthur Lira\" data-image-description=\"\" data-image-caption=\"&lt;p&gt;O presidente da C\u00e2mara dos Deputados, Arthur Lira (PP-AL), durante sess\u00e3o de posse dos deputados eleitos para a 57\u00aa legislatura (Foto: Pablo Valadares\/C\u00e2mara dos Deputados)&lt;\/p&gt;\n\" data-medium-file=\"https:\/\/www.infomoney.com.br\/wp-content\/uploads\/2023\/02\/Arthur_Lira1.jpg?fit=300%2C200&amp;quality=70&amp;strip=all\" data-large-file=\"https:\/\/www.infomoney.com.br\/wp-content\/uploads\/2023\/02\/Arthur_Lira1.jpg?fit=1000%2C667&amp;quality=70&amp;strip=all\">Texto aprovado manteve a demarca\u00e7\u00e3o de terras ind\u00edgenas no Minist\u00e9rio da Justi\u00e7a, diferente do que o governo queria<\/p>\n<p>The post <a rel=\"nofollow\" href=\"https:\/\/www.infomoney.com.br\/politica\/o-governo-tem-a-consciencia-que-a-acomodacao-politica-nao-esta-feita-diz-lira-ao-final-da-votacao-da-mp\/\">\u201cO governo tem a consci\u00eancia que a acomoda\u00e7\u00e3o pol\u00edtica n\u00e3o est\u00e1 feita\u201d, diz Lira ao final da vota\u00e7\u00e3o da MP<\/a> appeared first on <a rel=\"nofollow\" href=\"https:\/\/www.infomoney.com.br\/\">InfoMoney<\/a>.<\/p>\n","protected":false},"author":47,"featured_media":0,"comment_status":"closed","ping_status":"closed","sticky":false,"template":"","format":"standard","meta":{"advgb_blocks_editor_width":"","advgb_blocks_columns_visual_guide":"","footnotes":""},"categories":[275,34,432,47],"tags":[35],"class_list":["post-19074","post","type-post","status-publish","format-standard","hentry","category-arthur-lira","category-g1","category-medida-provisoria","category-politica","tag-g1"],"author_meta":{"display_name":"luispereira","author_link":"https:\/\/sindaopcpb.org.br\/author\/luispereira\/"},"featured_img":null,"coauthors":[],"tax_additional":{"categories":{"linked":["<a href=\"https:\/\/sindaopcpb.org.br\/arthur-lira\/\" class=\"advgb-post-tax-term\">Arthur Lira<\/a>","<a href=\"https:\/\/sindaopcpb.org.br\/g1\/\" class=\"advgb-post-tax-term\">G1<\/a>","<a href=\"https:\/\/sindaopcpb.org.br\/medida-provisoria\/\" class=\"advgb-post-tax-term\">Medida Provis\u00f3ria<\/a>","<a href=\"https:\/\/sindaopcpb.org.br\/politica\/\" class=\"advgb-post-tax-term\">POLITICA<\/a>"],"unlinked":["<span class=\"advgb-post-tax-term\">Arthur Lira<\/span>","<span class=\"advgb-post-tax-term\">G1<\/span>","<span class=\"advgb-post-tax-term\">Medida Provis\u00f3ria<\/span>","<span class=\"advgb-post-tax-term\">POLITICA<\/span>"]},"tags":{"linked":["<a href=\"https:\/\/sindaopcpb.org.br\/politica\/\" class=\"advgb-post-tax-term\">g1<\/a>"],"unlinked":["<span class=\"advgb-post-tax-term\">g1<\/span>"]}},"comment_count":"0","relative_dates":{"created":"Publicado 3 anos atr\u00e1s","modified":"Atualizado 3 anos atr\u00e1s"},"absolute_dates":{"created":"Publicado em 1 de junho de 2023","modified":"Atualizado em 1 de junho de 2023"},"absolute_dates_time":{"created":"Publicado em 1 de junho de 2023 10:13","modified":"Atualizado em 1 de junho de 2023 10:13"},"featured_img_caption":"","series_order":"","_links":{"self":[{"href":"https:\/\/sindaopcpb.org.br\/index.php\/wp-json\/wp\/v2\/posts\/19074","targetHints":{"allow":["GET"]}}],"collection":[{"href":"https:\/\/sindaopcpb.org.br\/index.php\/wp-json\/wp\/v2\/posts"}],"about":[{"href":"https:\/\/sindaopcpb.org.br\/index.php\/wp-json\/wp\/v2\/types\/post"}],"author":[{"embeddable":true,"href":"https:\/\/sindaopcpb.org.br\/index.php\/wp-json\/wp\/v2\/users\/47"}],"replies":[{"embeddable":true,"href":"https:\/\/sindaopcpb.org.br\/index.php\/wp-json\/wp\/v2\/comments?post=19074"}],"version-history":[{"count":1,"href":"https:\/\/sindaopcpb.org.br\/index.php\/wp-json\/wp\/v2\/posts\/19074\/revisions"}],"predecessor-version":[{"id":19075,"href":"https:\/\/sindaopcpb.org.br\/index.php\/wp-json\/wp\/v2\/posts\/19074\/revisions\/19075"}],"wp:attachment":[{"href":"https:\/\/sindaopcpb.org.br\/index.php\/wp-json\/wp\/v2\/media?parent=19074"}],"wp:term":[{"taxonomy":"category","embeddable":true,"href":"https:\/\/sindaopcpb.org.br\/index.php\/wp-json\/wp\/v2\/categories?post=19074"},{"taxonomy":"post_tag","embeddable":true,"href":"https:\/\/sindaopcpb.org.br\/index.php\/wp-json\/wp\/v2\/tags?post=19074"}],"curies":[{"name":"wp","href":"https:\/\/api.w.org\/{rel}","templated":true}]}}