{"id":19064,"date":"2023-06-01T08:55:15","date_gmt":"2023-06-01T11:55:15","guid":{"rendered":"https:\/\/g1.globo.com\/pb\/paraiba\/noticia\/2023\/06\/01\/dono-de-bar-e-preso-em-pe-suspeito-de-matar-garcom-por-divida-de-r-100-em-campina-grande.ghtml"},"modified":"2023-06-01T08:55:15","modified_gmt":"2023-06-01T11:55:15","slug":"dono-de-bar-e-preso-em-pe-suspeito-de-matar-garcom-por-divida-de-r-100-em-campina-grande","status":"publish","type":"post","link":"https:\/\/sindaopcpb.org.br\/index.php\/2023\/06\/01\/dono-de-bar-e-preso-em-pe-suspeito-de-matar-garcom-por-divida-de-r-100-em-campina-grande\/","title":{"rendered":"Dono de bar \u00e9 preso em PE suspeito de matar gar\u00e7om por d\u00edvida de R$ 100, em Campina Grande"},"content":{"rendered":"   <img src=\"https:\/\/s2.glbimg.com\/PN836W_X4n1zMW0XUMFSEU3HBq8=\/i.s3.glbimg.com\/v1\/AUTH_59edd422c0c84a879bd37670ae4f538a\/internal_photos\/bs\/2023\/1\/7\/7GhOCETdGxbNI9ZWAoFw\/prisao-bar.jpg\" \/><br \/>     Segundo a Pol\u00edcia Civil, a v\u00edtima de 21 anos teria ido cobrar o valor que deveria receber por cerca de tr\u00eas dias de trabalho, quando foi assassinado com um tiro. Suspeito est\u00e1 foragido. Dono de bar \u00e9 preso em PE suspeito de matar gar\u00e7om por d\u00edvida de R$ 100, em Campina Grande\nReprodu\u00e7\u00e3o\/TV Cabo Branco\nO dono de um bar, identificado como Francisco Assis Farias, de 51 anos, foi preso na cidade de Bonito, em Pernambuco, nesta quarta-feira (31). Ele \u00e9 suspeito de matar um gar\u00e7om do pr\u00f3prio estabelecimento, no bairro de Santa Rosa, em Campina Grande, no dia 19 de maio. Segundo a Pol\u00edcia Civil, o crime  teve como motiva\u00e7\u00e3o uma d\u00edvida de R$ 100. \nCompartilhe no WhatsApp\nCompartilhe no Telegram\nDe acordo com a Pol\u00edcia Civil, a v\u00edtima, identificada como Wiliam Rudson Granjeiro Pereira, tinha trabalhado por cerca de tr\u00eas dias no estabelecimento, e na sexta (19) foi cobrar os R$ 100 que deveria receber pelo servi\u00e7o prestado. \nHouve uma discuss\u00e3o entre o gar\u00e7om e o dono do bar, que sacou uma arma de fogo e efetuou um disparo no peito da v\u00edtima, que morreu ainda no local do crime.\nWiliam Rudson, gar\u00e7om de 21 anos que foi morto por dono de bar onde trabalhava \nReprodu\u00e7\u00e3o\/TV Para\u00edba\nAinda segundo a pol\u00edcia, o crime j\u00e1 est\u00e1 elucidado. Pessoas que presenciaram a a\u00e7\u00e3o foram ouvidas.\nO suspeito foi identificado e a pris\u00e3o decretada. Desde o dia do crime, a Pol\u00edcia Civil investigava o caso para realizar a pris\u00e3o.\nV\u00eddeos mais assistidos do g1 Para\u00edba  ","protected":false},"excerpt":{"rendered":"<p>        Segundo a Pol\u00edcia Civil, a v\u00edtima de 21 anos teria ido cobrar o valor que deveria receber por cerca de tr\u00eas dias de trabalho, quando foi assassinado com um tiro. Suspeito est\u00e1 foragido. Dono de bar \u00e9 preso em PE suspeito de matar gar\u00e7om por d\u00edv&#8230;<\/p>\n","protected":false},"author":2,"featured_media":0,"comment_status":"closed","ping_status":"closed","sticky":false,"template":"","format":"standard","meta":{"advgb_blocks_editor_width":"","advgb_blocks_columns_visual_guide":"","footnotes":""},"categories":[34],"tags":[35],"class_list":["post-19064","post","type-post","status-publish","format-standard","hentry","category-g1","tag-g1"],"author_meta":{"display_name":"g1 &gt; Para\u00edba","author_link":"https:\/\/sindaopcpb.org.br\/author\/g1-paraiba\/"},"featured_img":null,"coauthors":[],"tax_additional":{"categories":{"linked":["<a href=\"https:\/\/sindaopcpb.org.br\/g1\/\" class=\"advgb-post-tax-term\">G1<\/a>"],"unlinked":["<span class=\"advgb-post-tax-term\">G1<\/span>"]},"tags":{"linked":["<a href=\"https:\/\/sindaopcpb.org.br\/g1\/\" class=\"advgb-post-tax-term\">g1<\/a>"],"unlinked":["<span class=\"advgb-post-tax-term\">g1<\/span>"]}},"comment_count":"0","relative_dates":{"created":"Publicado 3 anos atr\u00e1s","modified":"Atualizado 3 anos atr\u00e1s"},"absolute_dates":{"created":"Publicado em 1 de junho de 2023","modified":"Atualizado em 1 de junho de 2023"},"absolute_dates_time":{"created":"Publicado em 1 de junho de 2023 08:55","modified":"Atualizado em 1 de junho de 2023 08:55"},"featured_img_caption":"","series_order":"","_links":{"self":[{"href":"https:\/\/sindaopcpb.org.br\/index.php\/wp-json\/wp\/v2\/posts\/19064","targetHints":{"allow":["GET"]}}],"collection":[{"href":"https:\/\/sindaopcpb.org.br\/index.php\/wp-json\/wp\/v2\/posts"}],"about":[{"href":"https:\/\/sindaopcpb.org.br\/index.php\/wp-json\/wp\/v2\/types\/post"}],"author":[{"embeddable":true,"href":"https:\/\/sindaopcpb.org.br\/index.php\/wp-json\/wp\/v2\/users\/2"}],"replies":[{"embeddable":true,"href":"https:\/\/sindaopcpb.org.br\/index.php\/wp-json\/wp\/v2\/comments?post=19064"}],"version-history":[{"count":1,"href":"https:\/\/sindaopcpb.org.br\/index.php\/wp-json\/wp\/v2\/posts\/19064\/revisions"}],"predecessor-version":[{"id":19065,"href":"https:\/\/sindaopcpb.org.br\/index.php\/wp-json\/wp\/v2\/posts\/19064\/revisions\/19065"}],"wp:attachment":[{"href":"https:\/\/sindaopcpb.org.br\/index.php\/wp-json\/wp\/v2\/media?parent=19064"}],"wp:term":[{"taxonomy":"category","embeddable":true,"href":"https:\/\/sindaopcpb.org.br\/index.php\/wp-json\/wp\/v2\/categories?post=19064"},{"taxonomy":"post_tag","embeddable":true,"href":"https:\/\/sindaopcpb.org.br\/index.php\/wp-json\/wp\/v2\/tags?post=19064"}],"curies":[{"name":"wp","href":"https:\/\/api.w.org\/{rel}","templated":true}]}}