{"id":19,"date":"2019-08-10T13:23:47","date_gmt":"2019-08-10T16:23:47","guid":{"rendered":"https:\/\/sindaopcpb.org.br\/index.php\/2019\/08\/10\/termos-de-adesao-sindao-pcpb\/"},"modified":"2019-08-10T13:23:47","modified_gmt":"2019-08-10T16:23:47","slug":"termos-de-adesao-sindao-pcpb","status":"publish","type":"post","link":"https:\/\/sindaopcpb.org.br\/index.php\/2019\/08\/10\/termos-de-adesao-sindao-pcpb\/","title":{"rendered":"Termos de Ades\u00e3o Sindao-PCPB"},"content":{"rendered":"<p>Neste ato de filia\u00e7\u00e3o ao <strong>Sindao-PCPB<\/strong>, eu (Nome Da Pessoa Interessada Em Filiar-Se) de livre e espont\u00e2nea vontade, em harmonia com o Estatuto Social da categoria e em conson\u00e2ncia com as disposi\u00e7\u00f5es constitucionais e legais. Autorizo independentemente do Poder Estadual constitu\u00eddo, do regime jur\u00eddico adotado pela Administra\u00e7\u00e3o direta, que seja descontado na minha folha de pagamento para repasse ao <strong>Sindao-PCPB<\/strong> a: \u201cContribui\u00e7\u00e3o Sindical Social Mensal\u201d De 2% (dois por cento), calculado sobre vencimento do servidor, na forma do Estatuto Social, Art.9 e no inciso IV, do artigo 8\u00ba, da Constitui\u00e7\u00e3o Federal;<\/p>\n<p> Expresso ainda, a ratifica\u00e7\u00e3o da autoriza\u00e7\u00e3o estatut\u00e1ria, prevista no Estatuto Social, em conson\u00e2ncia com o inciso III, do artigo 8\u00ba, da CF, para outorgar ao Sindao-PCPB o direito de se fazer integrar como parte leg\u00edtima nos polos ativo ou passivo de quaisquer a\u00e7\u00f5es administrativas ou judiciais, individual ou coletiva que envolva os servidores integrantes da categoria e qualquer ente p\u00fablico em todas as inst\u00e2ncias e compet\u00eancias administrativas ou jurisdicionais. Esta Autoriza\u00e7\u00e3o se aplica a quaisquer fatos que impliquem em cria\u00e7\u00e3o, altera\u00e7\u00e3o, extin\u00e7\u00e3o de direitos e obriga\u00e7\u00f5es da rela\u00e7\u00e3o jur\u00eddica do servidor com a administra\u00e7\u00e3o p\u00fablica. Serve tamb\u00e9m, para o <strong>Sindao-PCPB<\/strong> reivindicar ou defender a manuten\u00e7\u00e3o e cumprimento da legisla\u00e7\u00e3o, para os casos de interpreta\u00e7\u00e3o e de aplica\u00e7\u00e3o ou n\u00e3o de quaisquer leis ou atos administrativos, de acordos, de senten\u00e7as normativas, de todos os institutos que assegurem ou prejudiquem direitos. Enfim, o <strong>Sindao-PCPB<\/strong> fica pr\u00e9via, permanente e expressamente autorizado e outorgado, na qualidade de apoiador, interveniente ou (Substituto Processual), a defender-me e aos servidores como &#8220;<strong>Amicus Curiae<\/strong>&#8220;, a impugnar ou fazer Reclama\u00e7\u00e3o no \u00e2mbito judicial ou administrativo, a ingressar com <strong>a\u00e7\u00f5es administrativas ou judiciais, individuais ou coletivas<\/strong>, para impedir les\u00f5es, para obter e manter direitos oriundos da rela\u00e7\u00e3o jur\u00eddica de presta\u00e7\u00e3o de servi\u00e7o p\u00fablico, sendo tudo sem a necessidade de outra delibera\u00e7\u00e3o assembleia, de apresentar &#8220;Lista dos Filiados com endere\u00e7o, nome e identifica\u00e7\u00e3o documental&#8221; nem de outros documentos espec\u00edficos para que o <strong>Sindao-PCPB<\/strong> possa cumprir livremente as finalidades sindicais de defesa dos membros da categoria.<\/p>\n","protected":false},"excerpt":{"rendered":"<p>Neste ato de filia\u00e7\u00e3o ao Sindao-PCPB, eu (Nome Da Pessoa Interessada Em Filiar-Se) de livre<\/p>\n","protected":false},"author":1,"featured_media":0,"comment_status":"open","ping_status":"open","sticky":false,"template":"","format":"standard","meta":{"advgb_blocks_editor_width":"","advgb_blocks_columns_visual_guide":"","footnotes":""},"categories":[3],"tags":[22],"class_list":["post-19","post","type-post","status-publish","format-standard","hentry","category-uncategorised","tag-termos-de-adesao-sindao-pcpb"],"author_meta":{"display_name":"OrlandoPassos","author_link":"https:\/\/sindaopcpb.org.br\/author\/orlandopassos\/"},"featured_img":null,"coauthors":[],"tax_additional":{"categories":{"linked":["<a href=\"https:\/\/sindaopcpb.org.br\/uncategorised\/\" class=\"advgb-post-tax-term\">Geral<\/a>"],"unlinked":["<span class=\"advgb-post-tax-term\">Geral<\/span>"]},"tags":{"linked":["<a href=\"https:\/\/sindaopcpb.org.br\/uncategorised\/\" class=\"advgb-post-tax-term\">Termos de Ades\u00e3o Sindao-PCPB<\/a>"],"unlinked":["<span class=\"advgb-post-tax-term\">Termos de Ades\u00e3o Sindao-PCPB<\/span>"]}},"comment_count":"0","relative_dates":{"created":"Publicado 7 anos atr\u00e1s","modified":"Atualizado 7 anos atr\u00e1s"},"absolute_dates":{"created":"Publicado em 10 de agosto de 2019","modified":"Atualizado em 10 de agosto de 2019"},"absolute_dates_time":{"created":"Publicado em 10 de agosto de 2019 13:23","modified":"Atualizado em 10 de agosto de 2019 13:23"},"featured_img_caption":"","series_order":"","_links":{"self":[{"href":"https:\/\/sindaopcpb.org.br\/index.php\/wp-json\/wp\/v2\/posts\/19","targetHints":{"allow":["GET"]}}],"collection":[{"href":"https:\/\/sindaopcpb.org.br\/index.php\/wp-json\/wp\/v2\/posts"}],"about":[{"href":"https:\/\/sindaopcpb.org.br\/index.php\/wp-json\/wp\/v2\/types\/post"}],"author":[{"embeddable":true,"href":"https:\/\/sindaopcpb.org.br\/index.php\/wp-json\/wp\/v2\/users\/1"}],"replies":[{"embeddable":true,"href":"https:\/\/sindaopcpb.org.br\/index.php\/wp-json\/wp\/v2\/comments?post=19"}],"version-history":[{"count":0,"href":"https:\/\/sindaopcpb.org.br\/index.php\/wp-json\/wp\/v2\/posts\/19\/revisions"}],"wp:attachment":[{"href":"https:\/\/sindaopcpb.org.br\/index.php\/wp-json\/wp\/v2\/media?parent=19"}],"wp:term":[{"taxonomy":"category","embeddable":true,"href":"https:\/\/sindaopcpb.org.br\/index.php\/wp-json\/wp\/v2\/categories?post=19"},{"taxonomy":"post_tag","embeddable":true,"href":"https:\/\/sindaopcpb.org.br\/index.php\/wp-json\/wp\/v2\/tags?post=19"}],"curies":[{"name":"wp","href":"https:\/\/api.w.org\/{rel}","templated":true}]}}