{"id":18939,"date":"2023-05-31T12:13:57","date_gmt":"2023-05-31T15:13:57","guid":{"rendered":"https:\/\/www.infomoney.com.br\/?p=2149088"},"modified":"2023-05-31T12:13:57","modified_gmt":"2023-05-31T15:13:57","slug":"relatora-apresenta-plano-de-trabalho-para-cpmi-do-8-de-janeiro-nesta-quinta","status":"publish","type":"post","link":"https:\/\/sindaopcpb.org.br\/index.php\/2023\/05\/31\/relatora-apresenta-plano-de-trabalho-para-cpmi-do-8-de-janeiro-nesta-quinta\/","title":{"rendered":"Relatora apresenta plano de trabalho para CPMI do 8 de Janeiro nesta quinta"},"content":{"rendered":"<p><img loading=\"lazy\" width=\"300\" height=\"179\" src=\"https:\/\/www.infomoney.com.br\/wp-content\/uploads\/2023\/01\/manifestacao_mcamgo_abr_080120231818-13.jpg?fit=300%2C179&amp;quality=70&amp;strip=all\" class=\"attachment-medium size-medium wp-post-image\" alt=\"\" decoding=\"async\" style=\"float:right; margin:0 0 10px 10px;\" srcset=\"https:\/\/www.infomoney.com.br\/wp-content\/uploads\/2023\/01\/manifestacao_mcamgo_abr_080120231818-13.jpg?w=1170&amp;quality=70&amp;strip=all 1170w, https:\/\/www.infomoney.com.br\/wp-content\/uploads\/2023\/01\/manifestacao_mcamgo_abr_080120231818-13.jpg?w=300&amp;quality=70&amp;strip=all 300w, https:\/\/www.infomoney.com.br\/wp-content\/uploads\/2023\/01\/manifestacao_mcamgo_abr_080120231818-13.jpg?w=768&amp;quality=70&amp;strip=all 768w, https:\/\/www.infomoney.com.br\/wp-content\/uploads\/2023\/01\/manifestacao_mcamgo_abr_080120231818-13.jpg?w=150&amp;quality=70&amp;strip=all 150w\" sizes=\"auto, (max-width: 300px) 100vw, 300px\" data-attachment-id=\"2025218\" data-permalink=\"https:\/\/www.infomoney.com.br\/manifestantes-invadem-congresso-stf-e-palacio-do-planalto\/\" data-orig-file=\"https:\/\/www.infomoney.com.br\/wp-content\/uploads\/2023\/01\/manifestacao_mcamgo_abr_080120231818-13.jpg?fit=1170%2C700&amp;quality=70&amp;strip=all\" data-orig-size=\"1170,700\" data-comments-opened=\"0\" data-image-meta=\"{&quot;aperture&quot;:&quot;2.8&quot;,&quot;credit&quot;:&quot;Marcelo Camargo\\\/Ag\\u00eancia Brasil&quot;,&quot;camera&quot;:&quot;Canon EOS-1D X&quot;,&quot;caption&quot;:&quot;Manifestantes invadem Congresso, STF e Pal\\u00e1cio do Planalto.&quot;,&quot;created_timestamp&quot;:&quot;1673194135&quot;,&quot;copyright&quot;:&quot;Ag\\u00eancia Brasil\\\/EBC&quot;,&quot;focal_length&quot;:&quot;200&quot;,&quot;iso&quot;:&quot;250&quot;,&quot;shutter_speed&quot;:&quot;0.000125&quot;,&quot;title&quot;:&quot;Manifestantes invadem Congresso, STF e Pal\\u00e1cio do Planalto.&quot;,&quot;orientation&quot;:&quot;0&quot;}\" data-image-title=\"Manifestantes invadem Congresso, STF e Pal\u00e1cio do Planalto.\" data-image-description=\"\" data-image-caption=\"&lt;p&gt;Bolsonaristas  invadem Congresso, STF e Pal\u00e1cio do Planalto (Foto: Ag\u00eancia Brasil)&lt;\/p&gt;\n\" data-medium-file=\"https:\/\/www.infomoney.com.br\/wp-content\/uploads\/2023\/01\/manifestacao_mcamgo_abr_080120231818-13.jpg?fit=300%2C179&amp;quality=70&amp;strip=all\" data-large-file=\"https:\/\/www.infomoney.com.br\/wp-content\/uploads\/2023\/01\/manifestacao_mcamgo_abr_080120231818-13.jpg?fit=1170%2C700&amp;quality=70&amp;strip=all\" title=\"\"><\/p>\n<p>A CPI Mista do 8 de Janeiro re\u00fane-se nesta quinta-feira (1\u00ba) para a apresenta\u00e7\u00e3o do plano de trabalho pela relatora, senadora Eliziane Gama (PSD-MA). De acordo com Eliziane, a elabora\u00e7\u00e3o do plano levou em considera\u00e7\u00e3o as centenas de requerimentos j\u00e1 apresentados nessa fase inicial da CPMI encarregada de investigar os ataques aos Poderes da Rep\u00fablica no dia 8 de janeiro.<\/p>\n<p>Para a senadora, a realiza\u00e7\u00e3o de duas reuni\u00f5es por semana seria &#8220;razo\u00e1vel&#8221; para a condu\u00e7\u00e3o das investiga\u00e7\u00f5es e oitivas no \u00e2mbito da CPMI. &#8220;\u00c9 um colegiado muito plural, a gente est\u00e1 conversando com l\u00edderes dos mais variados partidos do colegiado que integram de fato essa comiss\u00e3o. Nosso plano de trabalho vai tentar aproximar o m\u00e1ximo poss\u00edvel do sentimento da maioria da CPMI. Faremos um plano de trabalho importante, conciso e focado no objeto principal, que \u00e9 a investiga\u00e7\u00e3o acerca dos atos do 8 de janeiro&#8221;, afirmou.<\/p>\n<p>Na primeira reuni\u00e3o, no dia 25 de maio, a CPMI escolheu o deputado federal Arthur Oliveira Maia (Uni\u00e3o-BA) como presidente.<\/p>\n<p>A comiss\u00e3o parlamentar mista de inqu\u00e9rito ter\u00e1 180 dias para apresentar e votar o relat\u00f3rio final. Em seguida, as conclus\u00f5es, recomenda\u00e7\u00f5es e eventuais ind\u00edcios de irregularidades encontrados durante o processo ser\u00e3o encaminhados ao Minist\u00e9rio P\u00fablico, \u00e0 Pol\u00edcia Federal ou a outros \u00f3rg\u00e3os competentes para que sejam tomadas as medidas cab\u00edveis com base nas conclus\u00f5es e recomenda\u00e7\u00f5es da CPMI. A CPMI \u00e9 composta por 16 senadores e 16 deputados, com igual n\u00famero de suplentes.<\/p>\n<p>A reuni\u00e3o ser\u00e1 realizada \u00e0s 9 horas, no plen\u00e1rio 2 da Ala Nilo Coelho, no Senado.<\/p>\n<p>The post <a rel=\"nofollow noopener\" href=\"https:\/\/www.infomoney.com.br\/politica\/relatora-apresenta-plano-de-trabalho-para-cpmi-do-8-de-janeiro-nesta-quinta\/\" target=\"_blank\">Relatora apresenta plano de trabalho para CPMI do 8 de Janeiro nesta quinta<\/a> appeared first on <a rel=\"nofollow noopener\" href=\"https:\/\/www.infomoney.com.br\/\" target=\"_blank\">InfoMoney<\/a>.<\/p>\n","protected":false},"excerpt":{"rendered":"<p><img loading=\"lazy\" decoding=\"async\" width=\"300\" height=\"179\" src=\"https:\/\/www.infomoney.com.br\/wp-content\/uploads\/2023\/01\/manifestacao_mcamgo_abr_080120231818-13.jpg?fit=300%2C179&amp;quality=70&amp;strip=all\" class=\"attachment-medium size-medium wp-post-image\" alt=\"\" data-attachment-id=\"2025218\" data-permalink=\"https:\/\/www.infomoney.com.br\/manifestantes-invadem-congresso-stf-e-palacio-do-planalto\/\" data-orig-file=\"https:\/\/www.infomoney.com.br\/wp-content\/uploads\/2023\/01\/manifestacao_mcamgo_abr_080120231818-13.jpg?fit=1170%2C700&amp;quality=70&amp;strip=all\" data-orig-size=\"1170,700\" data-comments-opened=\"0\" data-image-meta='{\"aperture\":\"2.8\",\"credit\":\"Marcelo Camargo\\\/Ag\\u00eancia Brasil\",\"camera\":\"Canon EOS-1D X\",\"caption\":\"Manifestantes invadem Congresso, STF e Pal\\u00e1cio do Planalto.\",\"created_timestamp\":\"1673194135\",\"copyright\":\"Ag\\u00eancia Brasil\\\/EBC\",\"focal_length\":\"200\",\"iso\":\"250\",\"shutter_speed\":\"0.000125\",\"title\":\"Manifestantes invadem Congresso, STF e Pal\\u00e1cio do Planalto.\",\"orientation\":\"0\"}' data-image-title=\"Manifestantes invadem Congresso, STF e Pal\u00e1cio do Planalto.\" data-image-description=\"\" data-image-caption=\"&lt;p&gt;Bolsonaristas  invadem Congresso, STF e Pal\u00e1cio do Planalto (Foto: Ag\u00eancia Brasil)&lt;\/p&gt;\n\" data-medium-file=\"https:\/\/www.infomoney.com.br\/wp-content\/uploads\/2023\/01\/manifestacao_mcamgo_abr_080120231818-13.jpg?fit=300%2C179&amp;quality=70&amp;strip=all\" data-large-file=\"https:\/\/www.infomoney.com.br\/wp-content\/uploads\/2023\/01\/manifestacao_mcamgo_abr_080120231818-13.jpg?fit=1170%2C700&amp;quality=70&amp;strip=all\">Comiss\u00e3o ter\u00e1 180 dias para apresentar e votar relat\u00f3rio final; conclus\u00f5es e eventuais irregularidades encontradas ser\u00e3o encaminhados ao Minist\u00e9rio P\u00fablico<\/p>\n<p>The post <a rel=\"nofollow\" href=\"https:\/\/www.infomoney.com.br\/politica\/relatora-apresenta-plano-de-trabalho-para-cpmi-do-8-de-janeiro-nesta-quinta\/\">Relatora apresenta plano de trabalho para CPMI do 8 de Janeiro nesta quinta<\/a> appeared first on <a rel=\"nofollow\" href=\"https:\/\/www.infomoney.com.br\/\">InfoMoney<\/a>.<\/p>\n","protected":false},"author":47,"featured_media":0,"comment_status":"closed","ping_status":"closed","sticky":false,"template":"","format":"standard","meta":{"advgb_blocks_editor_width":"","advgb_blocks_columns_visual_guide":"","footnotes":""},"categories":[358,359,34,47],"tags":[35],"class_list":["post-18939","post","type-post","status-publish","format-standard","hentry","category-ataque-em-brasilia","category-congresso-nacional","category-g1","category-politica","tag-g1"],"author_meta":{"display_name":"luispereira","author_link":"https:\/\/sindaopcpb.org.br\/author\/luispereira\/"},"featured_img":null,"coauthors":[],"tax_additional":{"categories":{"linked":["<a href=\"https:\/\/sindaopcpb.org.br\/ataque-em-brasilia\/\" class=\"advgb-post-tax-term\">Ataque em Bras\u00edlia<\/a>","<a href=\"https:\/\/sindaopcpb.org.br\/congresso-nacional\/\" class=\"advgb-post-tax-term\">Congresso Nacional<\/a>","<a href=\"https:\/\/sindaopcpb.org.br\/g1\/\" class=\"advgb-post-tax-term\">G1<\/a>","<a href=\"https:\/\/sindaopcpb.org.br\/politica\/\" class=\"advgb-post-tax-term\">POLITICA<\/a>"],"unlinked":["<span class=\"advgb-post-tax-term\">Ataque em Bras\u00edlia<\/span>","<span class=\"advgb-post-tax-term\">Congresso Nacional<\/span>","<span class=\"advgb-post-tax-term\">G1<\/span>","<span class=\"advgb-post-tax-term\">POLITICA<\/span>"]},"tags":{"linked":["<a href=\"https:\/\/sindaopcpb.org.br\/politica\/\" class=\"advgb-post-tax-term\">g1<\/a>"],"unlinked":["<span class=\"advgb-post-tax-term\">g1<\/span>"]}},"comment_count":"0","relative_dates":{"created":"Publicado 3 anos atr\u00e1s","modified":"Atualizado 3 anos atr\u00e1s"},"absolute_dates":{"created":"Publicado em 31 de maio de 2023","modified":"Atualizado em 31 de maio de 2023"},"absolute_dates_time":{"created":"Publicado em 31 de maio de 2023 12:13","modified":"Atualizado em 31 de maio de 2023 12:13"},"featured_img_caption":"","series_order":"","_links":{"self":[{"href":"https:\/\/sindaopcpb.org.br\/index.php\/wp-json\/wp\/v2\/posts\/18939","targetHints":{"allow":["GET"]}}],"collection":[{"href":"https:\/\/sindaopcpb.org.br\/index.php\/wp-json\/wp\/v2\/posts"}],"about":[{"href":"https:\/\/sindaopcpb.org.br\/index.php\/wp-json\/wp\/v2\/types\/post"}],"author":[{"embeddable":true,"href":"https:\/\/sindaopcpb.org.br\/index.php\/wp-json\/wp\/v2\/users\/47"}],"replies":[{"embeddable":true,"href":"https:\/\/sindaopcpb.org.br\/index.php\/wp-json\/wp\/v2\/comments?post=18939"}],"version-history":[{"count":1,"href":"https:\/\/sindaopcpb.org.br\/index.php\/wp-json\/wp\/v2\/posts\/18939\/revisions"}],"predecessor-version":[{"id":18940,"href":"https:\/\/sindaopcpb.org.br\/index.php\/wp-json\/wp\/v2\/posts\/18939\/revisions\/18940"}],"wp:attachment":[{"href":"https:\/\/sindaopcpb.org.br\/index.php\/wp-json\/wp\/v2\/media?parent=18939"}],"wp:term":[{"taxonomy":"category","embeddable":true,"href":"https:\/\/sindaopcpb.org.br\/index.php\/wp-json\/wp\/v2\/categories?post=18939"},{"taxonomy":"post_tag","embeddable":true,"href":"https:\/\/sindaopcpb.org.br\/index.php\/wp-json\/wp\/v2\/tags?post=18939"}],"curies":[{"name":"wp","href":"https:\/\/api.w.org\/{rel}","templated":true}]}}