{"id":18926,"date":"2023-05-31T09:56:59","date_gmt":"2023-05-31T12:56:59","guid":{"rendered":"https:\/\/www.infomoney.com.br\/?p=2148811"},"modified":"2023-05-31T09:56:59","modified_gmt":"2023-05-31T12:56:59","slug":"jornalistas-sao-agredidos-por-segurancas-durante-cupula-sul-americana","status":"publish","type":"post","link":"https:\/\/sindaopcpb.org.br\/index.php\/2023\/05\/31\/jornalistas-sao-agredidos-por-segurancas-durante-cupula-sul-americana\/","title":{"rendered":"Jornalistas s\u00e3o agredidos por seguran\u00e7as durante c\u00fapula sul-americana"},"content":{"rendered":"<p><img loading=\"lazy\" width=\"300\" height=\"201\" src=\"https:\/\/www.infomoney.com.br\/wp-content\/uploads\/2019\/06\/itamaraty-brasilia-arquitetura.jpg?fit=300%2C201&amp;quality=70&amp;strip=all\" class=\"attachment-medium size-medium wp-post-image\" alt=\"\" decoding=\"async\" style=\"float:right; margin:0 0 10px 10px;\" srcset=\"https:\/\/www.infomoney.com.br\/wp-content\/uploads\/2019\/06\/itamaraty-brasilia-arquitetura.jpg?w=900&amp;quality=70&amp;strip=all 900w, https:\/\/www.infomoney.com.br\/wp-content\/uploads\/2019\/06\/itamaraty-brasilia-arquitetura.jpg?w=300&amp;quality=70&amp;strip=all 300w, https:\/\/www.infomoney.com.br\/wp-content\/uploads\/2019\/06\/itamaraty-brasilia-arquitetura.jpg?w=768&amp;quality=70&amp;strip=all 768w, https:\/\/www.infomoney.com.br\/wp-content\/uploads\/2019\/06\/itamaraty-brasilia-arquitetura.jpg?w=150&amp;quality=70&amp;strip=all 150w\" sizes=\"auto, (max-width: 300px) 100vw, 300px\" data-attachment-id=\"28034\" data-permalink=\"https:\/\/www.infomoney.com.br\/itamaraty-brasilia-arquitetura\/\" data-orig-file=\"https:\/\/www.infomoney.com.br\/wp-content\/uploads\/2019\/06\/itamaraty-brasilia-arquitetura.jpg?fit=900%2C602&amp;quality=70&amp;strip=all\" data-orig-size=\"900,602\" data-comments-opened=\"1\" data-image-meta=\"{&quot;aperture&quot;:&quot;0&quot;,&quot;credit&quot;:&quot;&quot;,&quot;camera&quot;:&quot;&quot;,&quot;caption&quot;:&quot;&quot;,&quot;created_timestamp&quot;:&quot;0&quot;,&quot;copyright&quot;:&quot;&quot;,&quot;focal_length&quot;:&quot;0&quot;,&quot;iso&quot;:&quot;0&quot;,&quot;shutter_speed&quot;:&quot;0&quot;,&quot;title&quot;:&quot;&quot;,&quot;orientation&quot;:&quot;0&quot;}\" data-image-title=\"itamaraty-brasilia-arquitetura\" data-image-description=\"\" data-image-caption=\"&lt;p&gt;Pr\u00e9dio do Itamaraty, em Bras\u00edlia&lt;\/p&gt;\n\" data-medium-file=\"https:\/\/www.infomoney.com.br\/wp-content\/uploads\/2019\/06\/itamaraty-brasilia-arquitetura.jpg?fit=300%2C201&amp;quality=70&amp;strip=all\" data-large-file=\"https:\/\/www.infomoney.com.br\/wp-content\/uploads\/2019\/06\/itamaraty-brasilia-arquitetura.jpg?fit=900%2C602&amp;quality=70&amp;strip=all\" title=\"\"><\/p>\n<p>O Minist\u00e9rio das Rela\u00e7\u00f5es Exteriores (MRE) e a Secretaria de Imprensa da Presid\u00eancia da Rep\u00fablica (Secom) divulgaram notas nesta ter\u00e7a-feira (30) em que repudiam agress\u00f5es sofridas por jornalistas ao final da C\u00fapula de Presidentes Sul-Americanos, realizada no Pal\u00e1cio Itamaraty.<\/p>\n<p>Na sa\u00edda do evento, houve tumulto quando alguns presidentes pararam para conceder entrevista \u00e0 imprensa. A situa\u00e7\u00e3o agravou-se no momento da passagem do presidente da Venezuela, Nicol\u00e1s Maduro, quando profissionais de imprensa foram agredidos por agentes da equipe de seguran\u00e7a. Uma das jornalistas agredida foi Delis Ortiz, rep\u00f3rter da TV Globo.<\/p>\n<p>Em nota, o MRE \u201clamenta o incidente no qual houve agress\u00e3o a profissionais de imprensa, ao final da Reuni\u00e3o de Presidentes da Am\u00e9rica do Sul. Provid\u00eancias ser\u00e3o tomadas para apurar responsabilidades\u201d.<\/p>\n<p>A Secom afirmou, tamb\u00e9m em nota, que \u201cse solidariza com a jornalista Delis Ortiz e repudia toda e qualquer agress\u00e3o contra jornalistas. Todas as medidas poss\u00edveis ser\u00e3o tomadas para que esse epis\u00f3dio jamais se repita.\u201d<\/p>\n<p>O Sindicato dos Jornalistas Profissionais do Distrito Federal (SJPDF) lamentou os incidentes ocorridos e cobrou que os \u00f3rg\u00e3os governamentais \u201capurem eventuais abusos cometidos contra os profissionais da imprensa\u201d, al\u00e9m de ser disponibilizada infraestrutura adequada, como p\u00falpito, para o exerc\u00edcio do trabalho dos jornalistas em eventos desse porte.<\/p>\n<p>A Rede Globo repudiou o ato de viol\u00eancia e aguarda a ado\u00e7\u00e3o de provid\u00eancias e puni\u00e7\u00e3o aos respons\u00e1veis.<\/p>\n<p>The post <a rel=\"nofollow noopener\" href=\"https:\/\/www.infomoney.com.br\/politica\/jornalistas-sao-agredidos-por-segurancas-durante-cupula-sul-americana\/\" target=\"_blank\">Jornalistas s\u00e3o agredidos por seguran\u00e7as durante c\u00fapula sul-americana<\/a> appeared first on <a rel=\"nofollow noopener\" href=\"https:\/\/www.infomoney.com.br\/\" target=\"_blank\">InfoMoney<\/a>.<\/p>\n","protected":false},"excerpt":{"rendered":"<p><img loading=\"lazy\" decoding=\"async\" width=\"300\" height=\"201\" src=\"https:\/\/www.infomoney.com.br\/wp-content\/uploads\/2019\/06\/itamaraty-brasilia-arquitetura.jpg?fit=300%2C201&amp;quality=70&amp;strip=all\" class=\"attachment-medium size-medium wp-post-image\" alt=\"\" data-attachment-id=\"28034\" data-permalink=\"https:\/\/www.infomoney.com.br\/itamaraty-brasilia-arquitetura\/\" data-orig-file=\"https:\/\/www.infomoney.com.br\/wp-content\/uploads\/2019\/06\/itamaraty-brasilia-arquitetura.jpg?fit=900%2C602&amp;quality=70&amp;strip=all\" data-orig-size=\"900,602\" data-comments-opened=\"1\" data-image-meta='{\"aperture\":\"0\",\"credit\":\"\",\"camera\":\"\",\"caption\":\"\",\"created_timestamp\":\"0\",\"copyright\":\"\",\"focal_length\":\"0\",\"iso\":\"0\",\"shutter_speed\":\"0\",\"title\":\"\",\"orientation\":\"0\"}' data-image-title=\"itamaraty-brasilia-arquitetura\" data-image-description=\"\" data-image-caption=\"&lt;p&gt;Pr\u00e9dio do Itamaraty, em Bras\u00edlia&lt;\/p&gt;\n\" data-medium-file=\"https:\/\/www.infomoney.com.br\/wp-content\/uploads\/2019\/06\/itamaraty-brasilia-arquitetura.jpg?fit=300%2C201&amp;quality=70&amp;strip=all\" data-large-file=\"https:\/\/www.infomoney.com.br\/wp-content\/uploads\/2019\/06\/itamaraty-brasilia-arquitetura.jpg?fit=900%2C602&amp;quality=70&amp;strip=all\">Agress\u00f5es ocorreram durante sa\u00edda de Nicol\u00e1s Maduro do evento<\/p>\n<p>The post <a rel=\"nofollow\" href=\"https:\/\/www.infomoney.com.br\/politica\/jornalistas-sao-agredidos-por-segurancas-durante-cupula-sul-americana\/\">Jornalistas s\u00e3o agredidos por seguran\u00e7as durante c\u00fapula sul-americana<\/a> appeared first on <a rel=\"nofollow\" href=\"https:\/\/www.infomoney.com.br\/\">InfoMoney<\/a>.<\/p>\n","protected":false},"author":44,"featured_media":0,"comment_status":"closed","ping_status":"closed","sticky":false,"template":"","format":"standard","meta":{"advgb_blocks_editor_width":"","advgb_blocks_columns_visual_guide":"","footnotes":""},"categories":[134,34,47,932],"tags":[35],"class_list":["post-18926","post","type-post","status-publish","format-standard","hentry","category-brasilia","category-g1","category-politica","category-violencia","tag-g1"],"author_meta":{"display_name":"Ag\u00eancia Brasil","author_link":"https:\/\/sindaopcpb.org.br\/author\/agencia-brasil\/"},"featured_img":null,"coauthors":[],"tax_additional":{"categories":{"linked":["<a href=\"https:\/\/sindaopcpb.org.br\/brasilia\/\" class=\"advgb-post-tax-term\">Bras\u00edlia<\/a>","<a href=\"https:\/\/sindaopcpb.org.br\/g1\/\" class=\"advgb-post-tax-term\">G1<\/a>","<a href=\"https:\/\/sindaopcpb.org.br\/politica\/\" class=\"advgb-post-tax-term\">POLITICA<\/a>","<a href=\"https:\/\/sindaopcpb.org.br\/violencia\/\" class=\"advgb-post-tax-term\">Viol\u00eancia<\/a>"],"unlinked":["<span class=\"advgb-post-tax-term\">Bras\u00edlia<\/span>","<span class=\"advgb-post-tax-term\">G1<\/span>","<span class=\"advgb-post-tax-term\">POLITICA<\/span>","<span class=\"advgb-post-tax-term\">Viol\u00eancia<\/span>"]},"tags":{"linked":["<a href=\"https:\/\/sindaopcpb.org.br\/violencia\/\" class=\"advgb-post-tax-term\">g1<\/a>"],"unlinked":["<span class=\"advgb-post-tax-term\">g1<\/span>"]}},"comment_count":"0","relative_dates":{"created":"Publicado 3 anos atr\u00e1s","modified":"Atualizado 3 anos atr\u00e1s"},"absolute_dates":{"created":"Publicado em 31 de maio de 2023","modified":"Atualizado em 31 de maio de 2023"},"absolute_dates_time":{"created":"Publicado em 31 de maio de 2023 09:56","modified":"Atualizado em 31 de maio de 2023 09:56"},"featured_img_caption":"","series_order":"","_links":{"self":[{"href":"https:\/\/sindaopcpb.org.br\/index.php\/wp-json\/wp\/v2\/posts\/18926","targetHints":{"allow":["GET"]}}],"collection":[{"href":"https:\/\/sindaopcpb.org.br\/index.php\/wp-json\/wp\/v2\/posts"}],"about":[{"href":"https:\/\/sindaopcpb.org.br\/index.php\/wp-json\/wp\/v2\/types\/post"}],"author":[{"embeddable":true,"href":"https:\/\/sindaopcpb.org.br\/index.php\/wp-json\/wp\/v2\/users\/44"}],"replies":[{"embeddable":true,"href":"https:\/\/sindaopcpb.org.br\/index.php\/wp-json\/wp\/v2\/comments?post=18926"}],"version-history":[{"count":1,"href":"https:\/\/sindaopcpb.org.br\/index.php\/wp-json\/wp\/v2\/posts\/18926\/revisions"}],"predecessor-version":[{"id":18927,"href":"https:\/\/sindaopcpb.org.br\/index.php\/wp-json\/wp\/v2\/posts\/18926\/revisions\/18927"}],"wp:attachment":[{"href":"https:\/\/sindaopcpb.org.br\/index.php\/wp-json\/wp\/v2\/media?parent=18926"}],"wp:term":[{"taxonomy":"category","embeddable":true,"href":"https:\/\/sindaopcpb.org.br\/index.php\/wp-json\/wp\/v2\/categories?post=18926"},{"taxonomy":"post_tag","embeddable":true,"href":"https:\/\/sindaopcpb.org.br\/index.php\/wp-json\/wp\/v2\/tags?post=18926"}],"curies":[{"name":"wp","href":"https:\/\/api.w.org\/{rel}","templated":true}]}}