{"id":18914,"date":"2023-05-31T09:27:20","date_gmt":"2023-05-31T12:27:20","guid":{"rendered":"https:\/\/www.infomoney.com.br\/?p=2148684"},"modified":"2023-05-31T09:27:20","modified_gmt":"2023-05-31T12:27:20","slug":"camara-reclama-de-articulacao-politica-do-governo-e-poe-em-risco-ministerios-de-lula-mp-tem-menos-de-48-horas-para-ser-aprovada-2","status":"publish","type":"post","link":"https:\/\/sindaopcpb.org.br\/index.php\/2023\/05\/31\/camara-reclama-de-articulacao-politica-do-governo-e-poe-em-risco-ministerios-de-lula-mp-tem-menos-de-48-horas-para-ser-aprovada-2\/","title":{"rendered":"C\u00e2mara reclama de articula\u00e7\u00e3o pol\u00edtica do governo e p\u00f5e em risco minist\u00e9rios de Lula; MP tem menos de 48 horas para ser aprovada"},"content":{"rendered":"<p><img loading=\"lazy\" width=\"300\" height=\"200\" src=\"https:\/\/www.infomoney.com.br\/wp-content\/uploads\/2023\/05\/img20230523234710980MED.jpg?fit=300%2C200&amp;quality=70&amp;strip=all\" class=\"attachment-medium size-medium wp-post-image\" alt=\"\" decoding=\"async\" style=\"float:right; margin:0 0 10px 10px;\" srcset=\"https:\/\/www.infomoney.com.br\/wp-content\/uploads\/2023\/05\/img20230523234710980MED.jpg?w=1000&amp;quality=70&amp;strip=all 1000w, https:\/\/www.infomoney.com.br\/wp-content\/uploads\/2023\/05\/img20230523234710980MED.jpg?w=300&amp;quality=70&amp;strip=all 300w, https:\/\/www.infomoney.com.br\/wp-content\/uploads\/2023\/05\/img20230523234710980MED.jpg?w=768&amp;quality=70&amp;strip=all 768w, https:\/\/www.infomoney.com.br\/wp-content\/uploads\/2023\/05\/img20230523234710980MED.jpg?w=150&amp;quality=70&amp;strip=all 150w\" sizes=\"auto, (max-width: 300px) 100vw, 300px\" data-attachment-id=\"2143346\" data-permalink=\"https:\/\/www.infomoney.com.br\/politica\/camara-rejeita-destaques-e-conclui-votacao-do-novo-arcabouco-fiscal-texto-segue-para-o-senado\/attachment\/img20230523234710980med\/\" data-orig-file=\"https:\/\/www.infomoney.com.br\/wp-content\/uploads\/2023\/05\/img20230523234710980MED.jpg?fit=1000%2C667&amp;quality=70&amp;strip=all\" data-orig-size=\"1000,667\" data-comments-opened=\"0\" data-image-meta=\"{&quot;aperture&quot;:&quot;0&quot;,&quot;credit&quot;:&quot;&quot;,&quot;camera&quot;:&quot;&quot;,&quot;caption&quot;:&quot;&quot;,&quot;created_timestamp&quot;:&quot;0&quot;,&quot;copyright&quot;:&quot;&quot;,&quot;focal_length&quot;:&quot;0&quot;,&quot;iso&quot;:&quot;0&quot;,&quot;shutter_speed&quot;:&quot;0&quot;,&quot;title&quot;:&quot;&quot;,&quot;orientation&quot;:&quot;0&quot;}\" data-image-title=\"C\u00e2mara dos Deputados\" data-image-description=\"\" data-image-caption=\"&lt;p&gt;O plen\u00e1rio da C\u00e2mara dos Deputados durante sess\u00e3o para votar o novo arcabou\u00e7o fiscal (Foto: Pablo Valadares\/C\u00e2mara dos Deputados)&lt;\/p&gt;\n\" data-medium-file=\"https:\/\/www.infomoney.com.br\/wp-content\/uploads\/2023\/05\/img20230523234710980MED.jpg?fit=300%2C200&amp;quality=70&amp;strip=all\" data-large-file=\"https:\/\/www.infomoney.com.br\/wp-content\/uploads\/2023\/05\/img20230523234710980MED.jpg?fit=1000%2C667&amp;quality=70&amp;strip=all\" title=\"\"><\/p>\n<p>Em mais uma noite de derrotas no Congresso Nacional, o governo viu o plen\u00e1rio da C\u00e2mara dos Deputados n\u00e3o apenas aprovar o projeto de lei que trata do <a href=\"https:\/\/www.infomoney.com.br\/politica\/em-derrota-para-governo-camara-aprova-projeto-do-marco-temporal-de-demarcacao-das-terras-indigenas\/\" rel=\"nofollow noopener\" target=\"_blank\">marco temporal da ocupa\u00e7\u00e3o de terras por povos ind\u00edgenas<\/a> (PL 490\/2007) mas adiar a vota\u00e7\u00e3o da medida provis\u00f3ria da reestrutura\u00e7\u00e3o dos minist\u00e9rios (MPV 1.154\/2023), encurtando ainda mais o prazo para a an\u00e1lise do assunto.<\/p>\n<p>O texto precisa passar pelas duas casas legislativas at\u00e9 amanh\u00e3 (31) ou ir\u00e1 &#8220;caducar&#8221; (ou seja, perder\u00e1 validade). Caso isso aconte\u00e7a, a estrutura da Esplanada dos Minist\u00e9rios voltaria ao desenho da gest\u00e3o do ex-presidente Jair Bolsonaro (PL), com a extin\u00e7\u00e3o de pastas como dos Povos Ind\u00edgenas, do Desenvolvimento Agr\u00e1rio, das Mulheres e do Desenvolvimento Humano.<\/p>\n<p>No campo econ\u00f4mico, os minist\u00e9rios da Fazenda, do Planejamento e Or\u00e7amento, da Minist\u00e9rio da Gest\u00e3o e da Inova\u00e7\u00e3o em Servi\u00e7os P\u00fablicos, e do Minist\u00e9rio do Desenvolvimento, Ind\u00fastria, Com\u00e9rcio e Servi\u00e7os \u2212 comandados respectivamente por Fernando Haddad (PT), Simone Tebet (MDB), Esther Dweck e Geraldo Alckmin (PSB) \u2212 voltariam a ser uma coisa s\u00f3.<\/p>\n<p>Na pr\u00e1tica, a estrutura de 37 minist\u00e9rios formada por Lula em seu primeiro dia de terceiro mandato passaria a contar com as 23 pastas do governo do antecessor.<\/p>\n<p>A decis\u00e3o de adiar a vota\u00e7\u00e3o do texto em plen\u00e1rio ocorreu por entendimento entre os l\u00edderes partid\u00e1rios e mesmo ap\u00f3s o Pal\u00e1cio do Planalto ter indicado que n\u00e3o mais brigaria para reverter o esvaziamento do Minist\u00e9rio do Meio Ambiente e Mudan\u00e7a Clim\u00e1tica, hoje sob o comando de Marina Silva (Rede) e do Minist\u00e9rio dos Povos Origin\u00e1rios, de Sonia Guajajara (PSOL).<\/p>\n<p>Pelo substitutivo aprovado em comiss\u00e3o mista, sob a relatoria do deputado Isnaldo Bulh\u00f5es Jr. (MDB-AL), o Minist\u00e9rio da Justi\u00e7a e Seguran\u00e7a P\u00fablica voltar\u00e1 a responder pelo reconhecimento e pela demarca\u00e7\u00e3o de terras ind\u00edgenas, retirando atribui\u00e7\u00f5es do Minist\u00e9rio dos Povos Ind\u00edgenas.<\/p>\n<p>O relator avaliou que o Minist\u00e9rio da Justi\u00e7a deve continuar sendo o respons\u00e1vel pelo reconhecimento \u00e0 demarca\u00e7\u00e3o das terras e dos territ\u00f3rios ind\u00edgenas \u201c\u00e0 luz do princ\u00edpio constitucional da efici\u00eancia administrativa e da continuidade das pol\u00edticas destinadas aos povos ind\u00edgenas\u201d.<\/p>\n<p>J\u00e1 o Minist\u00e9rio do Meio Ambiente e Mudan\u00e7as Clim\u00e1ticas deixar\u00e1 de ser respons\u00e1vel pelo Cadastro Ambiental Rural (CAR), que estar\u00e1 vinculado ao Minist\u00e9rio da Gest\u00e3o e da Inova\u00e7\u00e3o em Servi\u00e7os P\u00fablicos; e pelos sistemas de saneamento b\u00e1sico, res\u00edduos s\u00f3lidos e recursos h\u00eddricos, que v\u00e3o para o Minist\u00e9rio das Cidades.<\/p>\n<p>O relator afirmou que o objetivo tamb\u00e9m \u00e9 promover a efici\u00eancia da gest\u00e3o p\u00fablica.\u00a0\u201cConsiderando que tal cadastro, de forma simples, \u00e9 um registro p\u00fablico eletr\u00f4nico nacional, obrigat\u00f3rio para todos os im\u00f3veis rurais, que tem finalidade de integrar as informa\u00e7\u00f5es ambientais das propriedades e posses rurais, materialmente, entendemos oportuno e relevante que tal compet\u00eancia seja exercida pelo Minist\u00e9rio da Gest\u00e3o\u201d, opinou.<\/p>\n<p>J\u00e1 o Minist\u00e9rio do Desenvolvimento Agr\u00e1rio, comandado por Paulo Teixeira (PT), perderia o controle sobre o Plano Safra, que ao Minist\u00e9rio da Agricultura e Pecu\u00e1ria, de Carlos F\u00e1varo (PSD).<\/p>\n<p>O conjunto de altera\u00e7\u00f5es foi criticado por governistas, que j\u00e1 adiantaram que poder\u00e3o recorrer ao Supremo Tribunal Federal (STF) para evit\u00e1-las. Em audi\u00eancia na C\u00e2mara dos Deputados, a ministra do Meio Ambiente, Marina Silva, defendeu a manuten\u00e7\u00e3o do texto original da MPV.<\/p>\n<p>Para a ministra, se o Congresso retomar a estrutura do governo passado, ser\u00e1 uma sinaliza\u00e7\u00e3o ruim para o mundo e ser\u00e3o fechadas as janelas de oportunidades para a transi\u00e7\u00e3o para um pa\u00eds da sustentabilidade, inclusive podendo prejudicar acordo comercial entre Mercosul e Uni\u00e3o Europeia.<\/p>\n<p>Mas nos bastidores h\u00e1 uma avalia\u00e7\u00e3o de pouco empenho do Pal\u00e1cio do Planalto em comprar a briga com o parlamento. Na semana passada, o l\u00edder do governo no Congresso, senador Randolfe Rodrigues (sem partido-AP), comemorou a aprova\u00e7\u00e3o do texto modificado em comiss\u00e3o mista e alegou que a prioridade era votar a mat\u00e9ria nos plen\u00e1rios das duas casas legislativas, evitando a caducidade da mat\u00e9ria. Apesar das altera\u00e7\u00f5es, o congressista sustentou que &#8220;95% da medida provis\u00f3ria original&#8221; estava mantida.<\/p>\n<p>Em almo\u00e7o com integrantes da Frente Parlamentar do Empreendedorismo (FPE), o ministro das Rela\u00e7\u00f5es Institucionais, Alexandre Padilha (PT), disse que o governo defenderia o relat\u00f3rio da MPV &#8220;do jeito que ele est\u00e1&#8221;. &#8220;N\u00e3o digo que \u00e9 o relat\u00f3rio ideal para o governo, porque o ideal \u00e9 o texto original, mas n\u00e3o existe isso. Existe constru\u00e7\u00e3o com a C\u00e2mara, com o Senado&#8221;, disse.<\/p>\n<p>O adiamento da vota\u00e7\u00e3o da MPV foi mais um dos in\u00fameros recados de insatisfa\u00e7\u00e3o de deputados com a articula\u00e7\u00e3o pol\u00edtica do Poder Executivo. H\u00e1 reclama\u00e7\u00f5es sobre a demora no pagamento de emendas parlamentares e distribui\u00e7\u00e3o de cargos no segundo escal\u00e3o da administra\u00e7\u00e3o p\u00fablica.<\/p>\n<p>Congressistas cobram que o presidente Luiz In\u00e1cio Lula da Silva (PT) assuma pessoalmente as negocia\u00e7\u00f5es para destravar o impasse com o Poder Legislativo. O governo tem agora menos de 48 horas para desatar os n\u00f3s.<\/p>\n<p>(com Ag\u00eancia C\u00e2mara)<\/p>\n<p>The post <a rel=\"nofollow noopener\" href=\"https:\/\/www.infomoney.com.br\/politica\/camara-reclama-de-articulacao-politica-do-planalto-e-poe-em-risco-ministerios-de-lula-mp-tem-menos-de-48-horas-para-ser-aprovada\/\" target=\"_blank\">C\u00e2mara reclama de articula\u00e7\u00e3o pol\u00edtica do governo e p\u00f5e em risco minist\u00e9rios de Lula; MP tem menos de 48 horas para ser aprovada<\/a> appeared first on <a rel=\"nofollow noopener\" href=\"https:\/\/www.infomoney.com.br\/\" target=\"_blank\">InfoMoney<\/a>.<\/p>\n","protected":false},"excerpt":{"rendered":"<p><img loading=\"lazy\" decoding=\"async\" width=\"300\" height=\"200\" src=\"https:\/\/www.infomoney.com.br\/wp-content\/uploads\/2023\/05\/img20230523234710980MED.jpg?fit=300%2C200&amp;quality=70&amp;strip=all\" class=\"attachment-medium size-medium wp-post-image\" alt=\"\" data-attachment-id=\"2143346\" data-permalink=\"https:\/\/www.infomoney.com.br\/politica\/camara-rejeita-destaques-e-conclui-votacao-do-novo-arcabouco-fiscal-texto-segue-para-o-senado\/attachment\/img20230523234710980med\/\" data-orig-file=\"https:\/\/www.infomoney.com.br\/wp-content\/uploads\/2023\/05\/img20230523234710980MED.jpg?fit=1000%2C667&amp;quality=70&amp;strip=all\" data-orig-size=\"1000,667\" data-comments-opened=\"0\" data-image-meta='{\"aperture\":\"0\",\"credit\":\"\",\"camera\":\"\",\"caption\":\"\",\"created_timestamp\":\"0\",\"copyright\":\"\",\"focal_length\":\"0\",\"iso\":\"0\",\"shutter_speed\":\"0\",\"title\":\"\",\"orientation\":\"0\"}' data-image-title=\"C\u00e2mara dos Deputados\" data-image-description=\"\" data-image-caption=\"&lt;p&gt;O plen\u00e1rio da C\u00e2mara dos Deputados durante sess\u00e3o para votar o novo arcabou\u00e7o fiscal (Foto: Pablo Valadares\/C\u00e2mara dos Deputados)&lt;\/p&gt;\n\" data-medium-file=\"https:\/\/www.infomoney.com.br\/wp-content\/uploads\/2023\/05\/img20230523234710980MED.jpg?fit=300%2C200&amp;quality=70&amp;strip=all\" data-large-file=\"https:\/\/www.infomoney.com.br\/wp-content\/uploads\/2023\/05\/img20230523234710980MED.jpg?fit=1000%2C667&amp;quality=70&amp;strip=all\">Caso texto n\u00e3o seja votado por deputados e senadores, Esplanada dos Minist\u00e9rios voltar\u00e1 ao desenho do governo de Jair Bolsonaro (PL)<\/p>\n<p>The post <a rel=\"nofollow\" href=\"https:\/\/www.infomoney.com.br\/politica\/camara-reclama-de-articulacao-politica-do-planalto-e-poe-em-risco-ministerios-de-lula-mp-tem-menos-de-48-horas-para-ser-aprovada\/\">C\u00e2mara reclama de articula\u00e7\u00e3o pol\u00edtica do governo e p\u00f5e em risco minist\u00e9rios de Lula; MP tem menos de 48 horas para ser aprovada<\/a> appeared first on <a rel=\"nofollow\" href=\"https:\/\/www.infomoney.com.br\/\">InfoMoney<\/a>.<\/p>\n","protected":false},"author":52,"featured_media":0,"comment_status":"closed","ping_status":"closed","sticky":false,"template":"","format":"standard","meta":{"advgb_blocks_editor_width":"","advgb_blocks_columns_visual_guide":"","footnotes":""},"categories":[275,276,359,3420,34,129,3914,47],"tags":[35],"class_list":["post-18914","post","type-post","status-publish","format-standard","hentry","category-arthur-lira","category-camara-dos-deputados","category-congresso-nacional","category-esplanada-dos-ministerios","category-g1","category-luiz-inacio-lula-da-silva","category-ministerio","category-politica","tag-g1"],"author_meta":{"display_name":"Marcos Mortari","author_link":"https:\/\/sindaopcpb.org.br\/author\/marcos-mortari\/"},"featured_img":null,"coauthors":[],"tax_additional":{"categories":{"linked":["<a href=\"https:\/\/sindaopcpb.org.br\/arthur-lira\/\" class=\"advgb-post-tax-term\">Arthur Lira<\/a>","<a href=\"https:\/\/sindaopcpb.org.br\/camara-dos-deputados\/\" class=\"advgb-post-tax-term\">C\u00e2mara dos Deputados<\/a>","<a href=\"https:\/\/sindaopcpb.org.br\/congresso-nacional\/\" class=\"advgb-post-tax-term\">Congresso Nacional<\/a>","<a href=\"https:\/\/sindaopcpb.org.br\/esplanada-dos-ministerios\/\" class=\"advgb-post-tax-term\">Esplanada dos Minist\u00e9rios<\/a>","<a href=\"https:\/\/sindaopcpb.org.br\/g1\/\" class=\"advgb-post-tax-term\">G1<\/a>","<a href=\"https:\/\/sindaopcpb.org.br\/luiz-inacio-lula-da-silva\/\" class=\"advgb-post-tax-term\">Luiz In\u00e1cio Lula da Silva<\/a>","<a href=\"https:\/\/sindaopcpb.org.br\/ministerio\/\" class=\"advgb-post-tax-term\">Minist\u00e9rio<\/a>","<a href=\"https:\/\/sindaopcpb.org.br\/politica\/\" class=\"advgb-post-tax-term\">POLITICA<\/a>"],"unlinked":["<span class=\"advgb-post-tax-term\">Arthur Lira<\/span>","<span class=\"advgb-post-tax-term\">C\u00e2mara dos Deputados<\/span>","<span class=\"advgb-post-tax-term\">Congresso Nacional<\/span>","<span class=\"advgb-post-tax-term\">Esplanada dos Minist\u00e9rios<\/span>","<span class=\"advgb-post-tax-term\">G1<\/span>","<span class=\"advgb-post-tax-term\">Luiz In\u00e1cio Lula da Silva<\/span>","<span class=\"advgb-post-tax-term\">Minist\u00e9rio<\/span>","<span class=\"advgb-post-tax-term\">POLITICA<\/span>"]},"tags":{"linked":["<a href=\"https:\/\/sindaopcpb.org.br\/politica\/\" class=\"advgb-post-tax-term\">g1<\/a>"],"unlinked":["<span class=\"advgb-post-tax-term\">g1<\/span>"]}},"comment_count":"0","relative_dates":{"created":"Publicado 3 anos atr\u00e1s","modified":"Atualizado 3 anos atr\u00e1s"},"absolute_dates":{"created":"Publicado em 31 de maio de 2023","modified":"Atualizado em 31 de maio de 2023"},"absolute_dates_time":{"created":"Publicado em 31 de maio de 2023 09:27","modified":"Atualizado em 31 de maio de 2023 09:27"},"featured_img_caption":"","series_order":"","_links":{"self":[{"href":"https:\/\/sindaopcpb.org.br\/index.php\/wp-json\/wp\/v2\/posts\/18914","targetHints":{"allow":["GET"]}}],"collection":[{"href":"https:\/\/sindaopcpb.org.br\/index.php\/wp-json\/wp\/v2\/posts"}],"about":[{"href":"https:\/\/sindaopcpb.org.br\/index.php\/wp-json\/wp\/v2\/types\/post"}],"author":[{"embeddable":true,"href":"https:\/\/sindaopcpb.org.br\/index.php\/wp-json\/wp\/v2\/users\/52"}],"replies":[{"embeddable":true,"href":"https:\/\/sindaopcpb.org.br\/index.php\/wp-json\/wp\/v2\/comments?post=18914"}],"version-history":[{"count":3,"href":"https:\/\/sindaopcpb.org.br\/index.php\/wp-json\/wp\/v2\/posts\/18914\/revisions"}],"predecessor-version":[{"id":18963,"href":"https:\/\/sindaopcpb.org.br\/index.php\/wp-json\/wp\/v2\/posts\/18914\/revisions\/18963"}],"wp:attachment":[{"href":"https:\/\/sindaopcpb.org.br\/index.php\/wp-json\/wp\/v2\/media?parent=18914"}],"wp:term":[{"taxonomy":"category","embeddable":true,"href":"https:\/\/sindaopcpb.org.br\/index.php\/wp-json\/wp\/v2\/categories?post=18914"},{"taxonomy":"post_tag","embeddable":true,"href":"https:\/\/sindaopcpb.org.br\/index.php\/wp-json\/wp\/v2\/tags?post=18914"}],"curies":[{"name":"wp","href":"https:\/\/api.w.org\/{rel}","templated":true}]}}