{"id":18856,"date":"2023-05-30T17:58:00","date_gmt":"2023-05-30T20:58:00","guid":{"rendered":"https:\/\/www.infomoney.com.br\/?p=2148220"},"modified":"2023-05-30T17:58:00","modified_gmt":"2023-05-30T20:58:00","slug":"debate-sobre-uma-mudanca-na-meta-de-inflacao-e-uma-nao-discussao-diz-tebet","status":"publish","type":"post","link":"https:\/\/sindaopcpb.org.br\/index.php\/2023\/05\/30\/debate-sobre-uma-mudanca-na-meta-de-inflacao-e-uma-nao-discussao-diz-tebet\/","title":{"rendered":"Debate sobre uma mudan\u00e7a na meta de infla\u00e7\u00e3o \u00e9 uma \u2018n\u00e3o discuss\u00e3o\u2019, diz Tebet"},"content":{"rendered":"<p><img loading=\"lazy\" width=\"300\" height=\"200\" src=\"https:\/\/www.infomoney.com.br\/wp-content\/uploads\/2023\/04\/52851037229_61f27b441c_c.jpg?fit=300%2C200&amp;quality=70&amp;strip=all\" class=\"attachment-medium size-medium wp-post-image\" alt=\"\" decoding=\"async\" style=\"float:right; margin:0 0 10px 10px;\" srcset=\"https:\/\/www.infomoney.com.br\/wp-content\/uploads\/2023\/04\/52851037229_61f27b441c_c.jpg?w=799&amp;quality=70&amp;strip=all 799w, https:\/\/www.infomoney.com.br\/wp-content\/uploads\/2023\/04\/52851037229_61f27b441c_c.jpg?w=300&amp;quality=70&amp;strip=all 300w, https:\/\/www.infomoney.com.br\/wp-content\/uploads\/2023\/04\/52851037229_61f27b441c_c.jpg?w=768&amp;quality=70&amp;strip=all 768w, https:\/\/www.infomoney.com.br\/wp-content\/uploads\/2023\/04\/52851037229_61f27b441c_c.jpg?w=150&amp;quality=70&amp;strip=all 150w\" sizes=\"auto, (max-width: 300px) 100vw, 300px\" data-attachment-id=\"2119319\" data-permalink=\"https:\/\/www.infomoney.com.br\/politica\/no-senado-tebet-diz-que-visoes-de-governo-e-bc-nao-sao-contraditorias-e-defende-que-juros-inflacao-e-crescimento-andem-juntos\/attachment\/52851037229_61f27b441c_c\/\" data-orig-file=\"https:\/\/www.infomoney.com.br\/wp-content\/uploads\/2023\/04\/52851037229_61f27b441c_c.jpg?fit=799%2C533&amp;quality=70&amp;strip=all\" data-orig-size=\"799,533\" data-comments-opened=\"0\" data-image-meta=\"{&quot;aperture&quot;:&quot;0&quot;,&quot;credit&quot;:&quot;Edilson Rodrigues\\\/Ag\\u00eancia Senad&quot;,&quot;camera&quot;:&quot;&quot;,&quot;caption&quot;:&quot;&quot;,&quot;created_timestamp&quot;:&quot;0&quot;,&quot;copyright&quot;:&quot;Senado Federal do Brasil&quot;,&quot;focal_length&quot;:&quot;0&quot;,&quot;iso&quot;:&quot;0&quot;,&quot;shutter_speed&quot;:&quot;0&quot;,&quot;title&quot;:&quot;&quot;,&quot;orientation&quot;:&quot;0&quot;}\" data-image-title=\"Simone Tebet\" data-image-description=\"\" data-image-caption=\"&lt;p&gt;A ministra do Planejamento e Or\u00e7amento, Simone Tebet (MDB), em sess\u00e3o de debate no Senado Federal (Foto: Edilson Rodrigues\/Ag\u00eancia Senado)&lt;\/p&gt;\n\" data-medium-file=\"https:\/\/www.infomoney.com.br\/wp-content\/uploads\/2023\/04\/52851037229_61f27b441c_c.jpg?fit=300%2C200&amp;quality=70&amp;strip=all\" data-large-file=\"https:\/\/www.infomoney.com.br\/wp-content\/uploads\/2023\/04\/52851037229_61f27b441c_c.jpg?fit=799%2C533&amp;quality=70&amp;strip=all\" title=\"\"><\/p>\n<p>A ministra do Planejamento, Simone Tebet, voltou a dizer nesta ter\u00e7a-feira, 30, que o debate sobre uma mudan\u00e7a na meta de infla\u00e7\u00e3o \u00e9 uma &#8220;n\u00e3o discuss\u00e3o&#8221; no momento, e que o tema da reuni\u00e3o do Conselho Monet\u00e1rio Nacional (CMN) de junho ainda n\u00e3o foi discutido entre as pastas da equipe econ\u00f4mica. Na mesma live, promovida pelo <i>O Globo<\/i> e <i>Valor Econ\u00f4mico<\/i>, o secret\u00e1rio-executivo do Minist\u00e9rio da Fazenda, Gabriel Gal\u00edpolo, indicado a diretoria de Pol\u00edtica Monet\u00e1ria do Banco Central, disse n\u00e3o ser &#8220;pertinente antecipar qualquer coisa&#8221;, tendo em vista ainda o contexto de sua indica\u00e7\u00e3o.<\/p>\n<p>&#8220;Eu que n\u00e3o sou votante, cabe menos ainda a mim falar, e na condi\u00e7\u00e3o de indicado fica ainda mais complexo&#8221;, disse ele.<\/p>\n<p>Contudo, Gal\u00edpolo criticou a avalia\u00e7\u00e3o de que o debate sobre as metas de infla\u00e7\u00e3o seria casu\u00edsta e oportunista. &#8220;Ficou a sensa\u00e7\u00e3o que n\u00e3o reflete verdade, que existiria debate oportunista, casu\u00edsta, olhando sistema de meta de infla\u00e7\u00e3o a partir de \u00f3ptica de resultado especifica que se possa desejar. Toda a equipe discute de maneira cont\u00ednua o que s\u00e3o as melhores pr\u00e1ticas das autoridades monet\u00e1rias para o Brasil estar sempre na melhor pol\u00edtica dispon\u00edvel. O que ser\u00e1 resultado do CMN \u00e9 s\u00f3 quando tiver a reuni\u00e3o mesmo&#8221;, respondeu.<\/p>\n<p>J\u00e1 Tebet ponderou tamb\u00e9m que qualquer declara\u00e7\u00e3o sua ou da Fazenda sobre o tema afetaria o c\u00e2mbio e a Bolsa, e reafirmou que o sistema de metas n\u00e3o foi tema de sua reuni\u00e3o com Fernando Haddad na segunda-feira.<\/p>\n<p>&#8220;N\u00e3o estamos falando de meta de infla\u00e7\u00e3o, at\u00e9 porque s\u00f3 temos bons n\u00fameros&#8221;, disse a ministra, em refer\u00eancia as previs\u00f5es de crescimento e infla\u00e7\u00e3o divulgadas pela Fazenda na semana passada. &#8220;\u00c9 uma n\u00e3o discuss\u00e3o, qualquer coisa que saia da fala nossa impacta o d\u00f3lar e a bolsa, depois da nossa reuni\u00e3o, tratamos de tudo, at\u00e9 da quest\u00e3o do carro popular, e o assunto CNM n\u00e3o foi discutido. Uma semana antes, vamos sentar, eu, Fazenda, se houver necessidade o presidente do BC, e no CMN vamos discutir&#8221;, comentou.<\/p>\n<p>The post <a rel=\"nofollow noopener\" href=\"https:\/\/www.infomoney.com.br\/politica\/debate-sobre-uma-mudanca-na-meta-de-inflacao-e-uma-nao-discussao-diz-tebet\/\" target=\"_blank\">Debate sobre uma mudan\u00e7a na meta de infla\u00e7\u00e3o \u00e9 uma &#8216;n\u00e3o discuss\u00e3o&#8217;, diz Tebet<\/a> appeared first on <a rel=\"nofollow noopener\" href=\"https:\/\/www.infomoney.com.br\/\" target=\"_blank\">InfoMoney<\/a>.<\/p>\n","protected":false},"excerpt":{"rendered":"<p><img loading=\"lazy\" decoding=\"async\" width=\"300\" height=\"200\" src=\"https:\/\/www.infomoney.com.br\/wp-content\/uploads\/2023\/04\/52851037229_61f27b441c_c.jpg?fit=300%2C200&amp;quality=70&amp;strip=all\" class=\"attachment-medium size-medium wp-post-image\" alt=\"\" data-attachment-id=\"2119319\" data-permalink=\"https:\/\/www.infomoney.com.br\/politica\/no-senado-tebet-diz-que-visoes-de-governo-e-bc-nao-sao-contraditorias-e-defende-que-juros-inflacao-e-crescimento-andem-juntos\/attachment\/52851037229_61f27b441c_c\/\" data-orig-file=\"https:\/\/www.infomoney.com.br\/wp-content\/uploads\/2023\/04\/52851037229_61f27b441c_c.jpg?fit=799%2C533&amp;quality=70&amp;strip=all\" data-orig-size=\"799,533\" data-comments-opened=\"0\" data-image-meta='{\"aperture\":\"0\",\"credit\":\"Edilson Rodrigues\\\/Ag\\u00eancia Senad\",\"camera\":\"\",\"caption\":\"\",\"created_timestamp\":\"0\",\"copyright\":\"Senado Federal do Brasil\",\"focal_length\":\"0\",\"iso\":\"0\",\"shutter_speed\":\"0\",\"title\":\"\",\"orientation\":\"0\"}' data-image-title=\"Simone Tebet\" data-image-description=\"\" data-image-caption=\"&lt;p&gt;A ministra do Planejamento e Or\u00e7amento, Simone Tebet (MDB), em sess\u00e3o de debate no Senado Federal (Foto: Edilson Rodrigues\/Ag\u00eancia Senado)&lt;\/p&gt;\n\" data-medium-file=\"https:\/\/www.infomoney.com.br\/wp-content\/uploads\/2023\/04\/52851037229_61f27b441c_c.jpg?fit=300%2C200&amp;quality=70&amp;strip=all\" data-large-file=\"https:\/\/www.infomoney.com.br\/wp-content\/uploads\/2023\/04\/52851037229_61f27b441c_c.jpg?fit=799%2C533&amp;quality=70&amp;strip=all\">Ministra afirmou que tema da reuni\u00e3o do Conselho Monet\u00e1rio Nacional de junho ainda n\u00e3o foi discutido entre as pastas da equipe econ\u00f4mica<\/p>\n<p>The post <a rel=\"nofollow\" href=\"https:\/\/www.infomoney.com.br\/politica\/debate-sobre-uma-mudanca-na-meta-de-inflacao-e-uma-nao-discussao-diz-tebet\/\">Debate sobre uma mudan\u00e7a na meta de infla\u00e7\u00e3o \u00e9 uma \u2018n\u00e3o discuss\u00e3o\u2019, diz Tebet<\/a> appeared first on <a rel=\"nofollow\" href=\"https:\/\/www.infomoney.com.br\/\">InfoMoney<\/a>.<\/p>\n","protected":false},"author":43,"featured_media":0,"comment_status":"closed","ping_status":"closed","sticky":false,"template":"","format":"standard","meta":{"advgb_blocks_editor_width":"","advgb_blocks_columns_visual_guide":"","footnotes":""},"categories":[34,982,47,360],"tags":[35],"class_list":["post-18856","post","type-post","status-publish","format-standard","hentry","category-g1","category-inflacao","category-politica","category-simone-tebet","tag-g1"],"author_meta":{"display_name":"Estad\u00e3o Conte\u00fado","author_link":"https:\/\/sindaopcpb.org.br\/author\/estadao-conteudo\/"},"featured_img":null,"coauthors":[],"tax_additional":{"categories":{"linked":["<a href=\"https:\/\/sindaopcpb.org.br\/g1\/\" class=\"advgb-post-tax-term\">G1<\/a>","<a href=\"https:\/\/sindaopcpb.org.br\/inflacao\/\" class=\"advgb-post-tax-term\">Infla\u00e7\u00e3o<\/a>","<a href=\"https:\/\/sindaopcpb.org.br\/politica\/\" class=\"advgb-post-tax-term\">POLITICA<\/a>","<a href=\"https:\/\/sindaopcpb.org.br\/simone-tebet\/\" class=\"advgb-post-tax-term\">Simone Tebet<\/a>"],"unlinked":["<span class=\"advgb-post-tax-term\">G1<\/span>","<span class=\"advgb-post-tax-term\">Infla\u00e7\u00e3o<\/span>","<span class=\"advgb-post-tax-term\">POLITICA<\/span>","<span class=\"advgb-post-tax-term\">Simone Tebet<\/span>"]},"tags":{"linked":["<a href=\"https:\/\/sindaopcpb.org.br\/simone-tebet\/\" class=\"advgb-post-tax-term\">g1<\/a>"],"unlinked":["<span class=\"advgb-post-tax-term\">g1<\/span>"]}},"comment_count":"0","relative_dates":{"created":"Publicado 3 anos atr\u00e1s","modified":"Atualizado 3 anos atr\u00e1s"},"absolute_dates":{"created":"Publicado em 30 de maio de 2023","modified":"Atualizado em 30 de maio de 2023"},"absolute_dates_time":{"created":"Publicado em 30 de maio de 2023 17:58","modified":"Atualizado em 30 de maio de 2023 17:58"},"featured_img_caption":"","series_order":"","_links":{"self":[{"href":"https:\/\/sindaopcpb.org.br\/index.php\/wp-json\/wp\/v2\/posts\/18856","targetHints":{"allow":["GET"]}}],"collection":[{"href":"https:\/\/sindaopcpb.org.br\/index.php\/wp-json\/wp\/v2\/posts"}],"about":[{"href":"https:\/\/sindaopcpb.org.br\/index.php\/wp-json\/wp\/v2\/types\/post"}],"author":[{"embeddable":true,"href":"https:\/\/sindaopcpb.org.br\/index.php\/wp-json\/wp\/v2\/users\/43"}],"replies":[{"embeddable":true,"href":"https:\/\/sindaopcpb.org.br\/index.php\/wp-json\/wp\/v2\/comments?post=18856"}],"version-history":[{"count":1,"href":"https:\/\/sindaopcpb.org.br\/index.php\/wp-json\/wp\/v2\/posts\/18856\/revisions"}],"predecessor-version":[{"id":18857,"href":"https:\/\/sindaopcpb.org.br\/index.php\/wp-json\/wp\/v2\/posts\/18856\/revisions\/18857"}],"wp:attachment":[{"href":"https:\/\/sindaopcpb.org.br\/index.php\/wp-json\/wp\/v2\/media?parent=18856"}],"wp:term":[{"taxonomy":"category","embeddable":true,"href":"https:\/\/sindaopcpb.org.br\/index.php\/wp-json\/wp\/v2\/categories?post=18856"},{"taxonomy":"post_tag","embeddable":true,"href":"https:\/\/sindaopcpb.org.br\/index.php\/wp-json\/wp\/v2\/tags?post=18856"}],"curies":[{"name":"wp","href":"https:\/\/api.w.org\/{rel}","templated":true}]}}