{"id":18838,"date":"2023-05-30T15:12:00","date_gmt":"2023-05-30T18:12:00","guid":{"rendered":"https:\/\/www.infomoney.com.br\/?p=2148032"},"modified":"2023-05-30T15:12:00","modified_gmt":"2023-05-30T18:12:00","slug":"galipolo-diz-que-programa-para-carros-e-de-curto-prazo-e-emergencial","status":"publish","type":"post","link":"https:\/\/sindaopcpb.org.br\/index.php\/2023\/05\/30\/galipolo-diz-que-programa-para-carros-e-de-curto-prazo-e-emergencial\/","title":{"rendered":"Gal\u00edpolo diz que programa para carros \u00e9 de curto prazo e emergencial"},"content":{"rendered":"<p><img loading=\"lazy\" width=\"300\" height=\"200\" src=\"https:\/\/www.infomoney.com.br\/wp-content\/uploads\/2023\/03\/52604458316_155196719b_c.jpg?fit=300%2C200&amp;quality=70&amp;strip=all\" class=\"attachment-medium size-medium wp-post-image\" alt=\"\" decoding=\"async\" style=\"float:right; margin:0 0 10px 10px;\" srcset=\"https:\/\/www.infomoney.com.br\/wp-content\/uploads\/2023\/03\/52604458316_155196719b_c.jpg?w=799&amp;quality=70&amp;strip=all 799w, https:\/\/www.infomoney.com.br\/wp-content\/uploads\/2023\/03\/52604458316_155196719b_c.jpg?w=300&amp;quality=70&amp;strip=all 300w, https:\/\/www.infomoney.com.br\/wp-content\/uploads\/2023\/03\/52604458316_155196719b_c.jpg?w=768&amp;quality=70&amp;strip=all 768w, https:\/\/www.infomoney.com.br\/wp-content\/uploads\/2023\/03\/52604458316_155196719b_c.jpg?w=150&amp;quality=70&amp;strip=all 150w\" sizes=\"auto, (max-width: 300px) 100vw, 300px\" data-attachment-id=\"2092447\" data-permalink=\"https:\/\/www.infomoney.com.br\/politica\/galipolo-admite-espaco-para-negociacao-de-excecoes-na-reforma-tributaria\/attachment\/52604458316_155196719b_c\/\" data-orig-file=\"https:\/\/www.infomoney.com.br\/wp-content\/uploads\/2023\/03\/52604458316_155196719b_c.jpg?fit=799%2C533&amp;quality=70&amp;strip=all\" data-orig-size=\"799,533\" data-comments-opened=\"0\" data-image-meta=\"{&quot;aperture&quot;:&quot;0&quot;,&quot;credit&quot;:&quot;Washington Costa&quot;,&quot;camera&quot;:&quot;&quot;,&quot;caption&quot;:&quot;&quot;,&quot;created_timestamp&quot;:&quot;0&quot;,&quot;copyright&quot;:&quot;Ministerio da Economia&quot;,&quot;focal_length&quot;:&quot;0&quot;,&quot;iso&quot;:&quot;0&quot;,&quot;shutter_speed&quot;:&quot;0&quot;,&quot;title&quot;:&quot;&quot;,&quot;orientation&quot;:&quot;0&quot;}\" data-image-title=\"Gabriel Gal\u00edpolo\" data-image-description=\"\" data-image-caption=\"&lt;p&gt;O secret\u00e1rio-executivo do Minist\u00e9rio da Fazenda, Gabriel Gal\u00edpolo, durante reuni\u00e3o (Foto: Washington Costa\/Ascom\/MF)&lt;\/p&gt;\n\" data-medium-file=\"https:\/\/www.infomoney.com.br\/wp-content\/uploads\/2023\/03\/52604458316_155196719b_c.jpg?fit=300%2C200&amp;quality=70&amp;strip=all\" data-large-file=\"https:\/\/www.infomoney.com.br\/wp-content\/uploads\/2023\/03\/52604458316_155196719b_c.jpg?fit=799%2C533&amp;quality=70&amp;strip=all\" title=\"\"><\/p>\n<p>O secret\u00e1rio-executivo do Minist\u00e9rio da Fazenda, Gabriel Gal\u00edpolo, afirmou, nesta ter\u00e7a-feira (30), que o programa para baixar o valor de carros no Brasil ser\u00e1 &#8220;emergencial&#8221; e de &#8220;curto prazo&#8221;, pelo contexto de risco vivido pelas montadoras. Ele destacou que a Fazenda trabalha em medidas para construir uma pol\u00edtica de incentivos verdes e que atividades poluentes ter\u00e3o de trabalhar com um custo imposto a quem consume ou produz.<\/p>\n<p>&#8220;A inten\u00e7\u00e3o \u00e9 que esse programa esteja em sintonia com esse tipo de objetivo, que gradativamente qualquer tipo de atividade econ\u00f4mica que tenha menor impacto ambiental negativo, ou melhor impacto positivo, com melhor pegada de carbono, efici\u00eancia do ponto de vista energ\u00e9tico, essas s\u00e3o as atividades econ\u00f4micas e produtos que merecem pelo pr\u00f3prias externalidades positivas receber os devidos benef\u00edcios, e inversamente as atividades poluentes, atividades que geram externalidades negativas, que o custo seja imposto a quem \u00e9 consumidor ou produtor dele&#8221;, disse em live promovida pelos jornais <i>O Globo<\/i> e <i>Valor Econ\u00f4mico<\/i>.<\/p>\n<p>Na semana passada, o ministro e vice-presidente Geraldo Alckmin anunciou que o governo ir\u00e1 cortar o IPI e PIS\/Cofins para carros de at\u00e9 R$ 120 mil.<\/p>\n<p>A Fazenda se comprometeu a apresentar os c\u00e1lculos fiscais da medida em duas semanas. Na sexta-feira, 26, o ministro Fernando Haddad j\u00e1 havia apontado que a dura\u00e7\u00e3o do benef\u00edcio seria limitada.<\/p>\n<p>&#8220;Por isso a necessidade de fazer os c\u00e1lculos, \u00e9 que ele (o programa) esteja em sintonia com dois pilares, o primeiro a quest\u00e3o da sustentabilidade fiscal, que ele seja modelado a partir do espa\u00e7o que existe para fazer, mas principalmente do ponto de vista da gera\u00e7\u00e3o de emprego e ambiental, que \u00e9 essencial&#8221;, disse Gal\u00edpolo.<\/p>\n<p>The post <a rel=\"nofollow noopener\" href=\"https:\/\/www.infomoney.com.br\/politica\/galipolo-diz-que-programa-para-carros-e-de-curto-prazo-e-emergencial\/\" target=\"_blank\">Gal\u00edpolo diz que programa para carros \u00e9 de curto prazo e emergencial<\/a> appeared first on <a rel=\"nofollow noopener\" href=\"https:\/\/www.infomoney.com.br\/\" target=\"_blank\">InfoMoney<\/a>.<\/p>\n","protected":false},"excerpt":{"rendered":"<p><img loading=\"lazy\" decoding=\"async\" width=\"300\" height=\"200\" src=\"https:\/\/www.infomoney.com.br\/wp-content\/uploads\/2023\/03\/52604458316_155196719b_c.jpg?fit=300%2C200&amp;quality=70&amp;strip=all\" class=\"attachment-medium size-medium wp-post-image\" alt=\"\" data-attachment-id=\"2092447\" data-permalink=\"https:\/\/www.infomoney.com.br\/politica\/galipolo-admite-espaco-para-negociacao-de-excecoes-na-reforma-tributaria\/attachment\/52604458316_155196719b_c\/\" data-orig-file=\"https:\/\/www.infomoney.com.br\/wp-content\/uploads\/2023\/03\/52604458316_155196719b_c.jpg?fit=799%2C533&amp;quality=70&amp;strip=all\" data-orig-size=\"799,533\" data-comments-opened=\"0\" data-image-meta='{\"aperture\":\"0\",\"credit\":\"Washington Costa\",\"camera\":\"\",\"caption\":\"\",\"created_timestamp\":\"0\",\"copyright\":\"Ministerio da Economia\",\"focal_length\":\"0\",\"iso\":\"0\",\"shutter_speed\":\"0\",\"title\":\"\",\"orientation\":\"0\"}' data-image-title=\"Gabriel Gal\u00edpolo\" data-image-description=\"\" data-image-caption=\"&lt;p&gt;O secret\u00e1rio-executivo do Minist\u00e9rio da Fazenda, Gabriel Gal\u00edpolo, durante reuni\u00e3o (Foto: Washington Costa\/Ascom\/MF)&lt;\/p&gt;\n\" data-medium-file=\"https:\/\/www.infomoney.com.br\/wp-content\/uploads\/2023\/03\/52604458316_155196719b_c.jpg?fit=300%2C200&amp;quality=70&amp;strip=all\" data-large-file=\"https:\/\/www.infomoney.com.br\/wp-content\/uploads\/2023\/03\/52604458316_155196719b_c.jpg?fit=799%2C533&amp;quality=70&amp;strip=all\">Minist\u00e9rio da Fazenda se comprometeu a apresentar os c\u00e1lculos fiscais da medida em duas semanas<\/p>\n<p>The post <a rel=\"nofollow\" href=\"https:\/\/www.infomoney.com.br\/politica\/galipolo-diz-que-programa-para-carros-e-de-curto-prazo-e-emergencial\/\">Gal\u00edpolo diz que programa para carros \u00e9 de curto prazo e emergencial<\/a> appeared first on <a rel=\"nofollow\" href=\"https:\/\/www.infomoney.com.br\/\">InfoMoney<\/a>.<\/p>\n","protected":false},"author":43,"featured_media":0,"comment_status":"closed","ping_status":"closed","sticky":false,"template":"","format":"standard","meta":{"advgb_blocks_editor_width":"","advgb_blocks_columns_visual_guide":"","footnotes":""},"categories":[34,693,47],"tags":[35],"class_list":["post-18838","post","type-post","status-publish","format-standard","hentry","category-g1","category-gabriel-galipolo","category-politica","tag-g1"],"author_meta":{"display_name":"Estad\u00e3o Conte\u00fado","author_link":"https:\/\/sindaopcpb.org.br\/author\/estadao-conteudo\/"},"featured_img":null,"coauthors":[],"tax_additional":{"categories":{"linked":["<a href=\"https:\/\/sindaopcpb.org.br\/g1\/\" class=\"advgb-post-tax-term\">G1<\/a>","<a href=\"https:\/\/sindaopcpb.org.br\/gabriel-galipolo\/\" class=\"advgb-post-tax-term\">Gabriel Gal\u00edpolo<\/a>","<a href=\"https:\/\/sindaopcpb.org.br\/politica\/\" class=\"advgb-post-tax-term\">POLITICA<\/a>"],"unlinked":["<span class=\"advgb-post-tax-term\">G1<\/span>","<span class=\"advgb-post-tax-term\">Gabriel Gal\u00edpolo<\/span>","<span class=\"advgb-post-tax-term\">POLITICA<\/span>"]},"tags":{"linked":["<a href=\"https:\/\/sindaopcpb.org.br\/politica\/\" class=\"advgb-post-tax-term\">g1<\/a>"],"unlinked":["<span class=\"advgb-post-tax-term\">g1<\/span>"]}},"comment_count":"0","relative_dates":{"created":"Publicado 3 anos atr\u00e1s","modified":"Atualizado 3 anos atr\u00e1s"},"absolute_dates":{"created":"Publicado em 30 de maio de 2023","modified":"Atualizado em 30 de maio de 2023"},"absolute_dates_time":{"created":"Publicado em 30 de maio de 2023 15:12","modified":"Atualizado em 30 de maio de 2023 15:12"},"featured_img_caption":"","series_order":"","_links":{"self":[{"href":"https:\/\/sindaopcpb.org.br\/index.php\/wp-json\/wp\/v2\/posts\/18838","targetHints":{"allow":["GET"]}}],"collection":[{"href":"https:\/\/sindaopcpb.org.br\/index.php\/wp-json\/wp\/v2\/posts"}],"about":[{"href":"https:\/\/sindaopcpb.org.br\/index.php\/wp-json\/wp\/v2\/types\/post"}],"author":[{"embeddable":true,"href":"https:\/\/sindaopcpb.org.br\/index.php\/wp-json\/wp\/v2\/users\/43"}],"replies":[{"embeddable":true,"href":"https:\/\/sindaopcpb.org.br\/index.php\/wp-json\/wp\/v2\/comments?post=18838"}],"version-history":[{"count":1,"href":"https:\/\/sindaopcpb.org.br\/index.php\/wp-json\/wp\/v2\/posts\/18838\/revisions"}],"predecessor-version":[{"id":18839,"href":"https:\/\/sindaopcpb.org.br\/index.php\/wp-json\/wp\/v2\/posts\/18838\/revisions\/18839"}],"wp:attachment":[{"href":"https:\/\/sindaopcpb.org.br\/index.php\/wp-json\/wp\/v2\/media?parent=18838"}],"wp:term":[{"taxonomy":"category","embeddable":true,"href":"https:\/\/sindaopcpb.org.br\/index.php\/wp-json\/wp\/v2\/categories?post=18838"},{"taxonomy":"post_tag","embeddable":true,"href":"https:\/\/sindaopcpb.org.br\/index.php\/wp-json\/wp\/v2\/tags?post=18838"}],"curies":[{"name":"wp","href":"https:\/\/api.w.org\/{rel}","templated":true}]}}