{"id":18809,"date":"2023-05-30T13:52:00","date_gmt":"2023-05-30T16:52:00","guid":{"rendered":"https:\/\/www.infomoney.com.br\/?p=2147904"},"modified":"2023-05-30T13:52:00","modified_gmt":"2023-05-30T16:52:00","slug":"na-cupula-com-chefes-de-estado-lula-defende-mercado-sul-americano-de-energia","status":"publish","type":"post","link":"https:\/\/sindaopcpb.org.br\/index.php\/2023\/05\/30\/na-cupula-com-chefes-de-estado-lula-defende-mercado-sul-americano-de-energia\/","title":{"rendered":"Na c\u00fapula com chefes de Estado, Lula defende mercado sul-americano de energia"},"content":{"rendered":"<p><img loading=\"lazy\" width=\"300\" height=\"225\" src=\"https:\/\/www.infomoney.com.br\/wp-content\/uploads\/2023\/03\/mais_medicos-23.jpg?fit=300%2C225&amp;quality=70&amp;strip=all\" class=\"attachment-medium size-medium wp-post-image\" alt=\"\" decoding=\"async\" style=\"float:right; margin:0 0 10px 10px;\" srcset=\"https:\/\/www.infomoney.com.br\/wp-content\/uploads\/2023\/03\/mais_medicos-23.jpg?w=1024&amp;quality=70&amp;strip=all 1024w, https:\/\/www.infomoney.com.br\/wp-content\/uploads\/2023\/03\/mais_medicos-23.jpg?w=300&amp;quality=70&amp;strip=all 300w, https:\/\/www.infomoney.com.br\/wp-content\/uploads\/2023\/03\/mais_medicos-23.jpg?w=768&amp;quality=70&amp;strip=all 768w, https:\/\/www.infomoney.com.br\/wp-content\/uploads\/2023\/03\/mais_medicos-23.jpg?w=150&amp;quality=70&amp;strip=all 150w\" sizes=\"auto, (max-width: 300px) 100vw, 300px\" data-attachment-id=\"2086818\" data-permalink=\"https:\/\/www.infomoney.com.br\/mais_medicos-23\/\" data-orig-file=\"https:\/\/www.infomoney.com.br\/wp-content\/uploads\/2023\/03\/mais_medicos-23.jpg?fit=1024%2C768&amp;quality=70&amp;strip=all\" data-orig-size=\"1024,768\" data-comments-opened=\"0\" data-image-meta=\"{&quot;aperture&quot;:&quot;4.5&quot;,&quot;credit&quot;:&quot;Lula Marques\\\/ Ag\\u00eancia Brasil&quot;,&quot;camera&quot;:&quot;Canon EOS-1D X&quot;,&quot;caption&quot;:&quot;Bras\\u00edlia (DF) 20\\\/03\\\/2023 Presidente da Rep\\u00fablica, Luiz In\\u00e1cio Lula da Silva, e a ministra da Sa\\u00fade, N\\u00edsia Trindade, durante solenidade que anunciou a retomada do programa Mais M\\u00e9dicos para o Brasil.&quot;,&quot;created_timestamp&quot;:&quot;1679316540&quot;,&quot;copyright&quot;:&quot;Ag\\u00eancia Brasil\\\/EBC&quot;,&quot;focal_length&quot;:&quot;300&quot;,&quot;iso&quot;:&quot;2500&quot;,&quot;shutter_speed&quot;:&quot;0.005&quot;,&quot;title&quot;:&quot;&quot;,&quot;orientation&quot;:&quot;0&quot;}\" data-image-title=\"mais_medicos-23\" data-image-description=\"\" data-image-caption=\"&lt;p&gt;Bras\u00edlia (DF) 20\/03\/2023 Presidente da Rep\u00fablica, Luiz In\u00e1cio Lula da Silva, e a ministra da Sa\u00fade, N\u00edsia Trindade, durante solenidade que anunciou a retomada do programa Mais M\u00e9dicos para o Brasil.&lt;\/p&gt;\n\" data-medium-file=\"https:\/\/www.infomoney.com.br\/wp-content\/uploads\/2023\/03\/mais_medicos-23.jpg?fit=300%2C225&amp;quality=70&amp;strip=all\" data-large-file=\"https:\/\/www.infomoney.com.br\/wp-content\/uploads\/2023\/03\/mais_medicos-23.jpg?fit=1024%2C768&amp;quality=70&amp;strip=all\" title=\"\"><\/p>\n<p>Um dia depois de se comprometer com o presidente da Venezuela, Nicol\u00e1s Maduro, a retomar a compra de energia do pa\u00eds vizinho, o presidente da Rep\u00fablica, Luiz In\u00e1cio Lula da Silva, defendeu um mercado energ\u00e9tico que integre toda a Am\u00e9rica do Sul.<\/p>\n<p>&#8220;Precisamos lan\u00e7ar a discuss\u00e3o sobre a constitui\u00e7\u00e3o de um mercado sul-americano de energia, que assegure o suprimento, a efici\u00eancia do uso de nossos recursos, a estabilidade jur\u00eddica, pre\u00e7os justos e a sustentabilidade social e ambiental&#8221;, declarou o presidente do Brasil, na c\u00fapula com todos os chefes de Estado da Am\u00e9rica do Sul.<\/p>\n<p>Lula reconheceu os efeitos desafiadores da guerra da Ucr\u00e2nia sobre o mercado de energia e alimentos, fator que, para ele, deve motivar ainda mais a coopera\u00e7\u00e3o regional.<\/p>\n<p>&#8220;Possu\u00edmos o maior e mais variado potencial energ\u00e9tico do mundo, se levarmos em conta as reservas de petr\u00f3leo e g\u00e1s, hidroeletricidade, biocombust\u00edveis, energia nuclear, e\u00f3lica e solar e o hidrog\u00eanio verde&#8221;, acrescentou o presidente brasileiro no encontro promovido pelo governo brasileiro em Bras\u00edlia.<\/p>\n<p>The post <a rel=\"nofollow noopener\" href=\"https:\/\/www.infomoney.com.br\/politica\/na-cupula-com-chefes-de-estado-lula-defende-mercado-sul-americano-de-energia\/\" target=\"_blank\">Na c\u00fapula com chefes de Estado, Lula defende mercado sul-americano de energia<\/a> appeared first on <a rel=\"nofollow noopener\" href=\"https:\/\/www.infomoney.com.br\/\" target=\"_blank\">InfoMoney<\/a>.<\/p>\n","protected":false},"excerpt":{"rendered":"<p><img loading=\"lazy\" decoding=\"async\" width=\"300\" height=\"225\" src=\"https:\/\/www.infomoney.com.br\/wp-content\/uploads\/2023\/03\/mais_medicos-23.jpg?fit=300%2C225&amp;quality=70&amp;strip=all\" class=\"attachment-medium size-medium wp-post-image\" alt=\"\" data-attachment-id=\"2086818\" data-permalink=\"https:\/\/www.infomoney.com.br\/mais_medicos-23\/\" data-orig-file=\"https:\/\/www.infomoney.com.br\/wp-content\/uploads\/2023\/03\/mais_medicos-23.jpg?fit=1024%2C768&amp;quality=70&amp;strip=all\" data-orig-size=\"1024,768\" data-comments-opened=\"0\" data-image-meta='{\"aperture\":\"4.5\",\"credit\":\"Lula Marques\\\/ Ag\\u00eancia Brasil\",\"camera\":\"Canon EOS-1D X\",\"caption\":\"Bras\\u00edlia (DF) 20\\\/03\\\/2023 Presidente da Rep\\u00fablica, Luiz In\\u00e1cio Lula da Silva, e a ministra da Sa\\u00fade, N\\u00edsia Trindade, durante solenidade que anunciou a retomada do programa Mais M\\u00e9dicos para o Brasil.\",\"created_timestamp\":\"1679316540\",\"copyright\":\"Ag\\u00eancia Brasil\\\/EBC\",\"focal_length\":\"300\",\"iso\":\"2500\",\"shutter_speed\":\"0.005\",\"title\":\"\",\"orientation\":\"0\"}' data-image-title=\"mais_medicos-23\" data-image-description=\"\" data-image-caption=\"&lt;p&gt;Bras\u00edlia (DF) 20\/03\/2023 Presidente da Rep\u00fablica, Luiz In\u00e1cio Lula da Silva, e a ministra da Sa\u00fade, N\u00edsia Trindade, durante solenidade que anunciou a retomada do programa Mais M\u00e9dicos para o Brasil.&lt;\/p&gt;\n\" data-medium-file=\"https:\/\/www.infomoney.com.br\/wp-content\/uploads\/2023\/03\/mais_medicos-23.jpg?fit=300%2C225&amp;quality=70&amp;strip=all\" data-large-file=\"https:\/\/www.infomoney.com.br\/wp-content\/uploads\/2023\/03\/mais_medicos-23.jpg?fit=1024%2C768&amp;quality=70&amp;strip=all\">Presidente reconheceu os efeitos desafiadores da guerra da Ucr\u00e2nia, fator que, para ele, deve motivar ainda mais a coopera\u00e7\u00e3o regional<\/p>\n<p>The post <a rel=\"nofollow\" href=\"https:\/\/www.infomoney.com.br\/politica\/na-cupula-com-chefes-de-estado-lula-defende-mercado-sul-americano-de-energia\/\">Na c\u00fapula com chefes de Estado, Lula defende mercado sul-americano de energia<\/a> appeared first on <a rel=\"nofollow\" href=\"https:\/\/www.infomoney.com.br\/\">InfoMoney<\/a>.<\/p>\n","protected":false},"author":43,"featured_media":0,"comment_status":"closed","ping_status":"closed","sticky":false,"template":"","format":"standard","meta":{"advgb_blocks_editor_width":"","advgb_blocks_columns_visual_guide":"","footnotes":""},"categories":[34,129,47,125],"tags":[35],"class_list":["post-18809","post","type-post","status-publish","format-standard","hentry","category-g1","category-luiz-inacio-lula-da-silva","category-politica","category-politica-externa","tag-g1"],"author_meta":{"display_name":"Estad\u00e3o Conte\u00fado","author_link":"https:\/\/sindaopcpb.org.br\/author\/estadao-conteudo\/"},"featured_img":null,"coauthors":[],"tax_additional":{"categories":{"linked":["<a href=\"https:\/\/sindaopcpb.org.br\/g1\/\" class=\"advgb-post-tax-term\">G1<\/a>","<a href=\"https:\/\/sindaopcpb.org.br\/luiz-inacio-lula-da-silva\/\" class=\"advgb-post-tax-term\">Luiz In\u00e1cio Lula da Silva<\/a>","<a href=\"https:\/\/sindaopcpb.org.br\/politica\/\" class=\"advgb-post-tax-term\">POLITICA<\/a>","<a href=\"https:\/\/sindaopcpb.org.br\/politica-externa\/\" class=\"advgb-post-tax-term\">Pol\u00edtica externa<\/a>"],"unlinked":["<span class=\"advgb-post-tax-term\">G1<\/span>","<span class=\"advgb-post-tax-term\">Luiz In\u00e1cio Lula da Silva<\/span>","<span class=\"advgb-post-tax-term\">POLITICA<\/span>","<span class=\"advgb-post-tax-term\">Pol\u00edtica externa<\/span>"]},"tags":{"linked":["<a href=\"https:\/\/sindaopcpb.org.br\/politica-externa\/\" class=\"advgb-post-tax-term\">g1<\/a>"],"unlinked":["<span class=\"advgb-post-tax-term\">g1<\/span>"]}},"comment_count":"0","relative_dates":{"created":"Publicado 3 anos atr\u00e1s","modified":"Atualizado 3 anos atr\u00e1s"},"absolute_dates":{"created":"Publicado em 30 de maio de 2023","modified":"Atualizado em 30 de maio de 2023"},"absolute_dates_time":{"created":"Publicado em 30 de maio de 2023 13:52","modified":"Atualizado em 30 de maio de 2023 13:52"},"featured_img_caption":"","series_order":"","_links":{"self":[{"href":"https:\/\/sindaopcpb.org.br\/index.php\/wp-json\/wp\/v2\/posts\/18809","targetHints":{"allow":["GET"]}}],"collection":[{"href":"https:\/\/sindaopcpb.org.br\/index.php\/wp-json\/wp\/v2\/posts"}],"about":[{"href":"https:\/\/sindaopcpb.org.br\/index.php\/wp-json\/wp\/v2\/types\/post"}],"author":[{"embeddable":true,"href":"https:\/\/sindaopcpb.org.br\/index.php\/wp-json\/wp\/v2\/users\/43"}],"replies":[{"embeddable":true,"href":"https:\/\/sindaopcpb.org.br\/index.php\/wp-json\/wp\/v2\/comments?post=18809"}],"version-history":[{"count":2,"href":"https:\/\/sindaopcpb.org.br\/index.php\/wp-json\/wp\/v2\/posts\/18809\/revisions"}],"predecessor-version":[{"id":18840,"href":"https:\/\/sindaopcpb.org.br\/index.php\/wp-json\/wp\/v2\/posts\/18809\/revisions\/18840"}],"wp:attachment":[{"href":"https:\/\/sindaopcpb.org.br\/index.php\/wp-json\/wp\/v2\/media?parent=18809"}],"wp:term":[{"taxonomy":"category","embeddable":true,"href":"https:\/\/sindaopcpb.org.br\/index.php\/wp-json\/wp\/v2\/categories?post=18809"},{"taxonomy":"post_tag","embeddable":true,"href":"https:\/\/sindaopcpb.org.br\/index.php\/wp-json\/wp\/v2\/tags?post=18809"}],"curies":[{"name":"wp","href":"https:\/\/api.w.org\/{rel}","templated":true}]}}