{"id":18807,"date":"2023-05-30T14:33:00","date_gmt":"2023-05-30T17:33:00","guid":{"rendered":"https:\/\/www.infomoney.com.br\/?p=2148033"},"modified":"2023-05-30T14:33:00","modified_gmt":"2023-05-30T17:33:00","slug":"padilha-diz-estar-otimista-com-tributaria-e-que-meta-e-votar-na-camara-neste-semestre","status":"publish","type":"post","link":"https:\/\/sindaopcpb.org.br\/index.php\/2023\/05\/30\/padilha-diz-estar-otimista-com-tributaria-e-que-meta-e-votar-na-camara-neste-semestre\/","title":{"rendered":"Padilha diz estar otimista com tribut\u00e1ria e que meta \u00e9 votar na C\u00e2mara neste semestre"},"content":{"rendered":"<p><img loading=\"lazy\" width=\"300\" height=\"225\" src=\"https:\/\/www.infomoney.com.br\/wp-content\/uploads\/2023\/03\/pzzb3371.jpg?fit=300%2C225&amp;quality=70&amp;strip=all\" class=\"attachment-medium size-medium wp-post-image\" alt=\"\" decoding=\"async\" style=\"float:right; margin:0 0 10px 10px;\" srcset=\"https:\/\/www.infomoney.com.br\/wp-content\/uploads\/2023\/03\/pzzb3371.jpg?w=1024&amp;quality=70&amp;strip=all 1024w, https:\/\/www.infomoney.com.br\/wp-content\/uploads\/2023\/03\/pzzb3371.jpg?w=300&amp;quality=70&amp;strip=all 300w, https:\/\/www.infomoney.com.br\/wp-content\/uploads\/2023\/03\/pzzb3371.jpg?w=768&amp;quality=70&amp;strip=all 768w, https:\/\/www.infomoney.com.br\/wp-content\/uploads\/2023\/03\/pzzb3371.jpg?w=150&amp;quality=70&amp;strip=all 150w\" sizes=\"auto, (max-width: 300px) 100vw, 300px\" data-attachment-id=\"2096228\" data-permalink=\"https:\/\/www.infomoney.com.br\/pzzb3371\/\" data-orig-file=\"https:\/\/www.infomoney.com.br\/wp-content\/uploads\/2023\/03\/pzzb3371.jpg?fit=1024%2C768&amp;quality=70&amp;strip=all\" data-orig-size=\"1024,768\" data-comments-opened=\"0\" data-image-meta=\"{&quot;aperture&quot;:&quot;4&quot;,&quot;credit&quot;:&quot;Fabio Rodrigues-Pozzebom\\\/ Ag\\u00eancia Brasil&quot;,&quot;camera&quot;:&quot;Canon EOS 7D Mark II&quot;,&quot;caption&quot;:&quot;Bras\\u00edlia (DF), 27.03.2023- O ministro de Rela\\u00e7\\u00f5es Institucionais, Alexandre Padilha, fala com a imprensa ap\\u00f3s reuni\\u00e3o no Pal\\u00e1cio da Alvorada. Foto: Fabio Rodrigues-Pozzebom\\\/Ag\\u00eancia Brasil&quot;,&quot;created_timestamp&quot;:&quot;1679916091&quot;,&quot;copyright&quot;:&quot;Fabio Rodrigues-Pozzebom\\\/ Ag\\u00eancia Brasil&quot;,&quot;focal_length&quot;:&quot;80&quot;,&quot;iso&quot;:&quot;400&quot;,&quot;shutter_speed&quot;:&quot;0.00125&quot;,&quot;title&quot;:&quot;&quot;,&quot;orientation&quot;:&quot;1&quot;}\" data-image-title=\"Alexandre Padilha\" data-image-description=\"\" data-image-caption=\"&lt;p&gt;Ministro de Rela\u00e7\u00f5es Institucionais, Alexandre Padilha (Fabio Rodrigues-Pozzebom\/Ag\u00eancia Brasil)&lt;\/p&gt;\n\" data-medium-file=\"https:\/\/www.infomoney.com.br\/wp-content\/uploads\/2023\/03\/pzzb3371.jpg?fit=300%2C225&amp;quality=70&amp;strip=all\" data-large-file=\"https:\/\/www.infomoney.com.br\/wp-content\/uploads\/2023\/03\/pzzb3371.jpg?fit=1024%2C768&amp;quality=70&amp;strip=all\" title=\"\"><\/p>\n<p>O ministro das Rela\u00e7\u00f5es Institucionais, Alexandre Padilha, disse estar otimista com a aprova\u00e7\u00e3o da reforma tribut\u00e1ria. De acordo com ele, o Congresso &#8220;assumiu a responsabilidade&#8221; e a meta \u00e9 aprovar a mat\u00e9ria na C\u00e2mara ainda neste semestre. Padilha falou em reuni\u00e3o semanal da Frente Parlamentar do Empreendedorismo (FPE), em Bras\u00edlia.<\/p>\n<p>Mais cedo, a ministra do Planejamento, Simone Tebet, disse que a reforma dever\u00e1 ter mais dificuldade para passar no Senado. Segundo ela, a Casa Alta dever\u00e1 levar todo o segundo semestre <a href=\"https:\/\/www.infomoney.com.br\/politica\/tebet-preve-que-debate-sobre-reforma-tributaria-dure-ate-o-fim-do-ano-no-senado\/\" rel=\"nofollow noopener\" target=\"_blank\">para discutir o assunto<\/a>.<\/p>\n<p>Os senadores s\u00e3o eleitos por vota\u00e7\u00e3o majorit\u00e1ria e n\u00e3o proporcional, como os deputados. Isso os coloca mais como representantes dos interesses dos Estados do que de setores espec\u00edficos da sociedade. Da\u00ed a poss\u00edvel dificuldade na Casa Alta: cada Estado tenta evitar perda de receita com a reforma.<\/p>\n<p>The post <a rel=\"nofollow noopener\" href=\"https:\/\/www.infomoney.com.br\/politica\/padilha-diz-estar-otimista-com-tributaria-e-que-meta-e-votar-na-camara-neste-semestre\/\" target=\"_blank\">Padilha diz estar otimista com tribut\u00e1ria e que meta \u00e9 votar na C\u00e2mara neste semestre<\/a> appeared first on <a rel=\"nofollow noopener\" href=\"https:\/\/www.infomoney.com.br\/\" target=\"_blank\">InfoMoney<\/a>.<\/p>\n","protected":false},"excerpt":{"rendered":"<p><img loading=\"lazy\" decoding=\"async\" width=\"300\" height=\"225\" src=\"https:\/\/www.infomoney.com.br\/wp-content\/uploads\/2023\/03\/pzzb3371.jpg?fit=300%2C225&amp;quality=70&amp;strip=all\" class=\"attachment-medium size-medium wp-post-image\" alt=\"\" data-attachment-id=\"2096228\" data-permalink=\"https:\/\/www.infomoney.com.br\/pzzb3371\/\" data-orig-file=\"https:\/\/www.infomoney.com.br\/wp-content\/uploads\/2023\/03\/pzzb3371.jpg?fit=1024%2C768&amp;quality=70&amp;strip=all\" data-orig-size=\"1024,768\" data-comments-opened=\"0\" data-image-meta='{\"aperture\":\"4\",\"credit\":\"Fabio Rodrigues-Pozzebom\\\/ Ag\\u00eancia Brasil\",\"camera\":\"Canon EOS 7D Mark II\",\"caption\":\"Bras\\u00edlia (DF), 27.03.2023- O ministro de Rela\\u00e7\\u00f5es Institucionais, Alexandre Padilha, fala com a imprensa ap\\u00f3s reuni\\u00e3o no Pal\\u00e1cio da Alvorada. Foto: Fabio Rodrigues-Pozzebom\\\/Ag\\u00eancia Brasil\",\"created_timestamp\":\"1679916091\",\"copyright\":\"Fabio Rodrigues-Pozzebom\\\/ Ag\\u00eancia Brasil\",\"focal_length\":\"80\",\"iso\":\"400\",\"shutter_speed\":\"0.00125\",\"title\":\"\",\"orientation\":\"1\"}' data-image-title=\"Alexandre Padilha\" data-image-description=\"\" data-image-caption=\"&lt;p&gt;Ministro de Rela\u00e7\u00f5es Institucionais, Alexandre Padilha (Fabio Rodrigues-Pozzebom\/Ag\u00eancia Brasil)&lt;\/p&gt;\n\" data-medium-file=\"https:\/\/www.infomoney.com.br\/wp-content\/uploads\/2023\/03\/pzzb3371.jpg?fit=300%2C225&amp;quality=70&amp;strip=all\" data-large-file=\"https:\/\/www.infomoney.com.br\/wp-content\/uploads\/2023\/03\/pzzb3371.jpg?fit=1024%2C768&amp;quality=70&amp;strip=all\">Fala do ministro de Rela\u00e7\u00f5es Institucionais ocorreu durante participa\u00e7\u00e3o em reuni\u00e3o da Frente Parlamentar do Empreendedorismo <\/p>\n<p>The post <a rel=\"nofollow\" href=\"https:\/\/www.infomoney.com.br\/politica\/padilha-diz-estar-otimista-com-tributaria-e-que-meta-e-votar-na-camara-neste-semestre\/\">Padilha diz estar otimista com tribut\u00e1ria e que meta \u00e9 votar na C\u00e2mara neste semestre<\/a> appeared first on <a rel=\"nofollow\" href=\"https:\/\/www.infomoney.com.br\/\">InfoMoney<\/a>.<\/p>\n","protected":false},"author":43,"featured_media":0,"comment_status":"closed","ping_status":"closed","sticky":false,"template":"","format":"standard","meta":{"advgb_blocks_editor_width":"","advgb_blocks_columns_visual_guide":"","footnotes":""},"categories":[468,34,47,191],"tags":[35],"class_list":["post-18807","post","type-post","status-publish","format-standard","hentry","category-alexandre-padilha","category-g1","category-politica","category-reforma-tributaria","tag-g1"],"author_meta":{"display_name":"Estad\u00e3o Conte\u00fado","author_link":"https:\/\/sindaopcpb.org.br\/author\/estadao-conteudo\/"},"featured_img":null,"coauthors":[],"tax_additional":{"categories":{"linked":["<a href=\"https:\/\/sindaopcpb.org.br\/alexandre-padilha\/\" class=\"advgb-post-tax-term\">Alexandre Padilha<\/a>","<a href=\"https:\/\/sindaopcpb.org.br\/g1\/\" class=\"advgb-post-tax-term\">G1<\/a>","<a href=\"https:\/\/sindaopcpb.org.br\/politica\/\" class=\"advgb-post-tax-term\">POLITICA<\/a>","<a href=\"https:\/\/sindaopcpb.org.br\/reforma-tributaria\/\" class=\"advgb-post-tax-term\">reforma tribut\u00e1ria<\/a>"],"unlinked":["<span class=\"advgb-post-tax-term\">Alexandre Padilha<\/span>","<span class=\"advgb-post-tax-term\">G1<\/span>","<span class=\"advgb-post-tax-term\">POLITICA<\/span>","<span class=\"advgb-post-tax-term\">reforma tribut\u00e1ria<\/span>"]},"tags":{"linked":["<a href=\"https:\/\/sindaopcpb.org.br\/reforma-tributaria\/\" class=\"advgb-post-tax-term\">g1<\/a>"],"unlinked":["<span class=\"advgb-post-tax-term\">g1<\/span>"]}},"comment_count":"0","relative_dates":{"created":"Publicado 3 anos atr\u00e1s","modified":"Atualizado 3 anos atr\u00e1s"},"absolute_dates":{"created":"Publicado em 30 de maio de 2023","modified":"Atualizado em 30 de maio de 2023"},"absolute_dates_time":{"created":"Publicado em 30 de maio de 2023 14:33","modified":"Atualizado em 30 de maio de 2023 14:33"},"featured_img_caption":"","series_order":"","_links":{"self":[{"href":"https:\/\/sindaopcpb.org.br\/index.php\/wp-json\/wp\/v2\/posts\/18807","targetHints":{"allow":["GET"]}}],"collection":[{"href":"https:\/\/sindaopcpb.org.br\/index.php\/wp-json\/wp\/v2\/posts"}],"about":[{"href":"https:\/\/sindaopcpb.org.br\/index.php\/wp-json\/wp\/v2\/types\/post"}],"author":[{"embeddable":true,"href":"https:\/\/sindaopcpb.org.br\/index.php\/wp-json\/wp\/v2\/users\/43"}],"replies":[{"embeddable":true,"href":"https:\/\/sindaopcpb.org.br\/index.php\/wp-json\/wp\/v2\/comments?post=18807"}],"version-history":[{"count":1,"href":"https:\/\/sindaopcpb.org.br\/index.php\/wp-json\/wp\/v2\/posts\/18807\/revisions"}],"predecessor-version":[{"id":18808,"href":"https:\/\/sindaopcpb.org.br\/index.php\/wp-json\/wp\/v2\/posts\/18807\/revisions\/18808"}],"wp:attachment":[{"href":"https:\/\/sindaopcpb.org.br\/index.php\/wp-json\/wp\/v2\/media?parent=18807"}],"wp:term":[{"taxonomy":"category","embeddable":true,"href":"https:\/\/sindaopcpb.org.br\/index.php\/wp-json\/wp\/v2\/categories?post=18807"},{"taxonomy":"post_tag","embeddable":true,"href":"https:\/\/sindaopcpb.org.br\/index.php\/wp-json\/wp\/v2\/tags?post=18807"}],"curies":[{"name":"wp","href":"https:\/\/api.w.org\/{rel}","templated":true}]}}